{"id":63848,"date":"2022-05-19T21:27:24","date_gmt":"2022-05-19T21:27:24","guid":{"rendered":"https:\/\/jorgezanoni.com.br\/2019\/?p=63848"},"modified":"2022-05-19T21:27:24","modified_gmt":"2022-05-19T21:27:24","slug":"a-dor-silenciada-da-perda-de-um-filho-prematuro-por-cidinha-pascoaloto","status":"publish","type":"post","link":"https:\/\/jorgezanoni.com.br\/2019\/a-dor-silenciada-da-perda-de-um-filho-prematuro-por-cidinha-pascoaloto\/","title":{"rendered":"A dor silenciada da perda de um filho prematuro  (por Cidinha Pascoaloto)"},"content":{"rendered":"<p style=\"text-align: justify;\">\u00a0A gravidez provoca grandes transforma\u00e7\u00f5es corporais e emocionais. \u00c9 uma experi\u00eancia incr\u00edvel e provoca mudan\u00e7as no corpo da mulher que se abre para abrigar outro corpo: O do beb\u00ea. A gravidez \u00e9 uma mistura de corpos em que ambos est\u00e3o mutuamente juntos um tocando o outro. A perda gestacional rompe com essa rela\u00e7\u00e3o que vinha sendo desenhada.<\/p>\n<p style=\"text-align: justify;\">\u00a0Esse luto \u00e9 considerado silenciado. Compreende-se que a perda gestacional \u00e9 experienciada como a perda de um beb\u00ea, e n\u00e3o de um feto. Quando se perde um beb\u00ea os pais perdem um futuro planejado.<\/p>\n<p style=\"text-align: justify;\">\u00a0A morte interrompe sonhos, esperan\u00e7as e as expectativas que normalmente \u00e9 colocada na crian\u00e7a que est\u00e1 por nascer. A perda gestacional \u00e9 uma perda vivenciada de uma rela\u00e7\u00e3o visceral entre m\u00e3e e beb\u00ea.\u00a0 \u00c9 necess\u00e1rio acolhimento a este luto desde a not\u00edcia e ao longo da vida, j\u00e1 que ele n\u00e3o se encerra no parto, enterro (se houver) ou nascimento de um novo filho.<\/p>\n<p style=\"text-align: justify;\">No entanto \u00e9 poss\u00edvel constituir novos sentidos para a perda. A morte de um filho antes do nascimento ou logo ap\u00f3s este rompe com a ordem natural da vida. Poucos entendem a import\u00e2ncia de se viver o luto desse beb\u00ea que morreu.<\/p>\n<p style=\"text-align: justify;\">\u00a0\u00a0 Quando se perde algu\u00e9m \u00e9 preciso chorar, estar presente, despedir-se desse beb\u00ea, ver cada detalhe se for poss\u00edvel. \u00c9 doloroso. Mas \u00e9 preciso criar mem\u00f3rias daquele momento para que se consiga dar sentido para aquela hist\u00f3ria. \u00c9 um momento de muita ansiedade e de despedida.<\/p>\n<p style=\"text-align: justify;\">\u00a0\u00c9 um momento de chorar quando se perde algu\u00e9m. \u00c9 preciso chorar, e chorar muito isso faz parte do processo do luto. \u00c9 preciso que os pais vivam esse momento, despedir-se do filho sem pressa. Voc\u00ea n\u00e3o tem que ficar bem logo. Procure ajuda fa\u00e7a terapias. Fa\u00e7a enfrentamento quanto mais voc\u00ea fala sobre a sua dor e sua hist\u00f3ria voc\u00ea dar\u00e1 mais sentido \u00e0 vida. Assim voc\u00ea poder\u00e1 evitar transtornos como estresse p\u00f3s-traum\u00e1tico, depress\u00e3o, ansiedade generalizada entre outros.<\/p>\n<p style=\"text-align: justify;\">\u00a0 E a viv\u00eancia do luto \u00e9 \u00a0\u00a0necess\u00e1ria. Se voc\u00ea tiver contato com algu\u00e9m que acabou de perder um beb\u00ea d\u00ea apenas um abra\u00e7o nos pais, voc\u00ea pode dizer que nem pode imaginar a dor, pode ficar perto em sil\u00eancio ou se colocar a disposi\u00e7\u00e3o caso precisem de ajuda.<\/p>\n<p style=\"text-align: justify;\"><img loading=\"lazy\" decoding=\"async\" class=\"alignnone size-full wp-image-63849\" src=\"https:\/\/jorgezanoni.com.br\/2019\/wp-content\/uploads\/2022\/05\/Cidinha-Pascoaloto-2.jpg\" alt=\"\" width=\"847\" height=\"1280\" srcset=\"https:\/\/jorgezanoni.com.br\/2019\/wp-content\/uploads\/2022\/05\/Cidinha-Pascoaloto-2.jpg 847w, https:\/\/jorgezanoni.com.br\/2019\/wp-content\/uploads\/2022\/05\/Cidinha-Pascoaloto-2-199x300.jpg 199w, https:\/\/jorgezanoni.com.br\/2019\/wp-content\/uploads\/2022\/05\/Cidinha-Pascoaloto-2-678x1024.jpg 678w, https:\/\/jorgezanoni.com.br\/2019\/wp-content\/uploads\/2022\/05\/Cidinha-Pascoaloto-2-768x1161.jpg 768w, https:\/\/jorgezanoni.com.br\/2019\/wp-content\/uploads\/2022\/05\/Cidinha-Pascoaloto-2-696x1052.jpg 696w, https:\/\/jorgezanoni.com.br\/2019\/wp-content\/uploads\/2022\/05\/Cidinha-Pascoaloto-2-278x420.jpg 278w\" sizes=\"auto, (max-width: 847px) 100vw, 847px\" \/>Cidinha Pascoaloto-Psic\u00f3loga-CRP 06\/158174 Terapia Cognitivo Comportamental (TCC) com foco no Luto, Depress\u00e3o e Ansiedade Atendimento presencial e on-line, contato: +5518 99725-6418<\/p>\n<p>&nbsp;<\/p>\n","protected":false},"excerpt":{"rendered":"<p>\u00a0A gravidez provoca grandes transforma\u00e7\u00f5es corporais e emocionais. \u00c9 uma experi\u00eancia incr\u00edvel e provoca mudan\u00e7as no corpo da mulher que se abre para abrigar outro corpo: O do beb\u00ea. A gravidez \u00e9 uma mistura de corpos em que ambos est\u00e3o mutuamente juntos um tocando o outro. A perda gestacional rompe com essa rela\u00e7\u00e3o que vinha [&hellip;]<\/p>\n","protected":false},"author":1,"featured_media":63850,"comment_status":"closed","ping_status":"open","sticky":false,"template":"","format":"standard","meta":{"footnotes":""},"categories":[175],"tags":[],"class_list":["post-63848","post","type-post","status-publish","format-standard","has-post-thumbnail","hentry","category-artigos"],"_links":{"self":[{"href":"https:\/\/jorgezanoni.com.br\/2019\/wp-json\/wp\/v2\/posts\/63848","targetHints":{"allow":["GET"]}}],"collection":[{"href":"https:\/\/jorgezanoni.com.br\/2019\/wp-json\/wp\/v2\/posts"}],"about":[{"href":"https:\/\/jorgezanoni.com.br\/2019\/wp-json\/wp\/v2\/types\/post"}],"author":[{"embeddable":true,"href":"https:\/\/jorgezanoni.com.br\/2019\/wp-json\/wp\/v2\/users\/1"}],"replies":[{"embeddable":true,"href":"https:\/\/jorgezanoni.com.br\/2019\/wp-json\/wp\/v2\/comments?post=63848"}],"version-history":[{"count":0,"href":"https:\/\/jorgezanoni.com.br\/2019\/wp-json\/wp\/v2\/posts\/63848\/revisions"}],"wp:featuredmedia":[{"embeddable":true,"href":"https:\/\/jorgezanoni.com.br\/2019\/wp-json\/wp\/v2\/media\/63850"}],"wp:attachment":[{"href":"https:\/\/jorgezanoni.com.br\/2019\/wp-json\/wp\/v2\/media?parent=63848"}],"wp:term":[{"taxonomy":"category","embeddable":true,"href":"https:\/\/jorgezanoni.com.br\/2019\/wp-json\/wp\/v2\/categories?post=63848"},{"taxonomy":"post_tag","embeddable":true,"href":"https:\/\/jorgezanoni.com.br\/2019\/wp-json\/wp\/v2\/tags?post=63848"}],"curies":[{"name":"wp","href":"https:\/\/api.w.org\/{rel}","templated":true}]}}