{"id":63837,"date":"2022-05-19T21:08:12","date_gmt":"2022-05-19T21:08:12","guid":{"rendered":"https:\/\/jorgezanoni.com.br\/2019\/?p=63837"},"modified":"2022-05-19T21:08:12","modified_gmt":"2022-05-19T21:08:12","slug":"policia-civil-faz-acao-educativa-de-prevencao-ao-uso-de-drogas-em-escola-da-rede-publica-e-privada-de-dracena","status":"publish","type":"post","link":"https:\/\/jorgezanoni.com.br\/2019\/policia-civil-faz-acao-educativa-de-prevencao-ao-uso-de-drogas-em-escola-da-rede-publica-e-privada-de-dracena\/","title":{"rendered":"Pol\u00edcia Civil faz a\u00e7\u00e3o educativa de preven\u00e7\u00e3o ao uso de drogas em escola da rede p\u00fablica e privada de Dracena"},"content":{"rendered":"<p style=\"text-align: justify;\"><strong>Alunos do Col\u00e9gio Anglo-CID e da Escola Estadual \u201cEng\u00ba Isac Pereira Garcez\u201d participaram dos eventos realizados, nesta quarta-feira (18).<\/strong><\/p>\n<p style=\"text-align: justify;\">A Pol\u00edcia Civil, por interm\u00e9dio da Delegacia Seccional de Pol\u00edcia de Dracena, ministrou nesta quarta-feira (18), duas palestras relacionadas a orienta\u00e7\u00e3o e conscientiza\u00e7\u00e3o sobre preven\u00e7\u00e3o ao uso nocivo de subst\u00e2ncias l\u00edcitas e il\u00edcitas, para alunos de institui\u00e7\u00f5es de ensino da rede estadual e privada, do munic\u00edpio de Dracena.<\/p>\n<p style=\"text-align: justify;\">No Col\u00e9gio Anglo-CID o encontro aconteceu, no Audit\u00f3rio \u201cProf. Geraldo Mariano Alves\u201d, com alunos do 1\u00ba, 2\u00ba e 3\u00ba ano, do ensino m\u00e9dio. J\u00e1 na Escola Estadual \u201cEng\u00ba Isac Pereira Garcez\u201d o evento foi realizado, no audit\u00f3rio do sal\u00e3o nobre, e contou com a participa\u00e7\u00e3o de alunos do 9\u00ba ano, do ensino fundamental.<\/p>\n<p style=\"text-align: justify;\">Com um bate-papo did\u00e1tico e objetivo, utilizando recursos audiovisuais, as palestras foram ministradas pelo agente policial Reginaldo Rosa, que fez abordagem sobre os diversos tipos drogas l\u00edcitas ou il\u00edcitas, e a consequ\u00eancia do uso prematuro e prolongando destas subst\u00e2ncias psicoativas e que poder\u00e1 ao longo tempo afetar o organismo do adolescente, uma vez que ainda est\u00e1 em forma\u00e7\u00e3o, e podendo alterar ainda as fun\u00e7\u00f5es cognitivas do c\u00e9rebro, diminuindo a concentra\u00e7\u00e3o, a aten\u00e7\u00e3o e o pensamento, tendo reflexo no baixo desempenho escolar.<\/p>\n<p style=\"text-align: justify;\">O policial civil salientou tamb\u00e9m que de acordo com dados estat\u00edsticos (Pesquisa Nacional de Sa\u00fade Escolar &#8211; 2015) a m\u00e9dia de idade no Brasil, para o primeiro contato com o consumo de \u00e1lcool (droga l\u00edcita) se d\u00e1 aos 12,5 anos. Ressaltando ainda que a oferta por bebidas alco\u00f3licas, muitas vezes, acontece dentro do habitante familiar. E que neste contexto, se destaca o papel da participa\u00e7\u00e3o da fam\u00edlia (pais e respons\u00e1veis), como um elo correlato na busca da conscientiza\u00e7\u00e3o e da prote\u00e7\u00e3o para o desenvolvimento saud\u00e1vel da sa\u00fade f\u00edsica e mental do adolescente, juntamente com a escola.<\/p>\n<p style=\"text-align: justify;\">Ao final de cada encontro, os estudantes puderam tamb\u00e9m fazer perguntas e sanar suas d\u00favidas sobre o conte\u00fado abordado. A dire\u00e7\u00e3o e coordena\u00e7\u00e3o de ambas as escolas, agradeceram o apoio educacional da Pol\u00edcia Civil, por tratar da tem\u00e1tica de maneira preventiva, visto ser a depend\u00eancia qu\u00edmica um dos principais problemas de sa\u00fade p\u00fablica no mundo, causando tamb\u00e9m fator de evas\u00e3o dos alunos das escolas. Na Escola Estadual \u201cEng\u00ba Isac Pereira Garcez\u201d o evento contou ainda com a participa\u00e7\u00e3o do Sargento do Ex\u00e9rcito Thiago Cesar Marques de Carvalho, chefe de instru\u00e7\u00e3o do Tiro de Guerra de Dracena e da Conselheira Tutelar Clauci Gon\u00e7alves da Silva Carlos.<\/p>\n<p><img loading=\"lazy\" decoding=\"async\" class=\"alignnone size-full wp-image-63838\" src=\"https:\/\/jorgezanoni.com.br\/2019\/wp-content\/uploads\/2022\/05\/dro-1.jpg\" alt=\"\" width=\"700\" height=\"393\" srcset=\"https:\/\/jorgezanoni.com.br\/2019\/wp-content\/uploads\/2022\/05\/dro-1.jpg 700w, https:\/\/jorgezanoni.com.br\/2019\/wp-content\/uploads\/2022\/05\/dro-1-300x168.jpg 300w, https:\/\/jorgezanoni.com.br\/2019\/wp-content\/uploads\/2022\/05\/dro-1-696x391.jpg 696w\" sizes=\"auto, (max-width: 700px) 100vw, 700px\" \/> <img loading=\"lazy\" decoding=\"async\" class=\"alignnone size-full wp-image-63840\" src=\"https:\/\/jorgezanoni.com.br\/2019\/wp-content\/uploads\/2022\/05\/dro2-1.jpg\" alt=\"\" width=\"700\" height=\"525\" srcset=\"https:\/\/jorgezanoni.com.br\/2019\/wp-content\/uploads\/2022\/05\/dro2-1.jpg 700w, https:\/\/jorgezanoni.com.br\/2019\/wp-content\/uploads\/2022\/05\/dro2-1-300x225.jpg 300w, https:\/\/jorgezanoni.com.br\/2019\/wp-content\/uploads\/2022\/05\/dro2-1-80x60.jpg 80w, https:\/\/jorgezanoni.com.br\/2019\/wp-content\/uploads\/2022\/05\/dro2-1-265x198.jpg 265w, https:\/\/jorgezanoni.com.br\/2019\/wp-content\/uploads\/2022\/05\/dro2-1-696x522.jpg 696w, https:\/\/jorgezanoni.com.br\/2019\/wp-content\/uploads\/2022\/05\/dro2-1-560x420.jpg 560w\" sizes=\"auto, (max-width: 700px) 100vw, 700px\" \/> <img loading=\"lazy\" decoding=\"async\" class=\"alignnone size-full wp-image-63841\" src=\"https:\/\/jorgezanoni.com.br\/2019\/wp-content\/uploads\/2022\/05\/dro3-1.jpg\" alt=\"\" width=\"700\" height=\"525\" srcset=\"https:\/\/jorgezanoni.com.br\/2019\/wp-content\/uploads\/2022\/05\/dro3-1.jpg 700w, https:\/\/jorgezanoni.com.br\/2019\/wp-content\/uploads\/2022\/05\/dro3-1-300x225.jpg 300w, https:\/\/jorgezanoni.com.br\/2019\/wp-content\/uploads\/2022\/05\/dro3-1-80x60.jpg 80w, https:\/\/jorgezanoni.com.br\/2019\/wp-content\/uploads\/2022\/05\/dro3-1-265x198.jpg 265w, https:\/\/jorgezanoni.com.br\/2019\/wp-content\/uploads\/2022\/05\/dro3-1-696x522.jpg 696w, https:\/\/jorgezanoni.com.br\/2019\/wp-content\/uploads\/2022\/05\/dro3-1-560x420.jpg 560w\" sizes=\"auto, (max-width: 700px) 100vw, 700px\" \/> <img loading=\"lazy\" decoding=\"async\" class=\"alignnone size-full wp-image-63842\" src=\"https:\/\/jorgezanoni.com.br\/2019\/wp-content\/uploads\/2022\/05\/dro4-1.jpg\" alt=\"\" width=\"500\" height=\"1111\" srcset=\"https:\/\/jorgezanoni.com.br\/2019\/wp-content\/uploads\/2022\/05\/dro4-1.jpg 500w, https:\/\/jorgezanoni.com.br\/2019\/wp-content\/uploads\/2022\/05\/dro4-1-135x300.jpg 135w, https:\/\/jorgezanoni.com.br\/2019\/wp-content\/uploads\/2022\/05\/dro4-1-461x1024.jpg 461w, https:\/\/jorgezanoni.com.br\/2019\/wp-content\/uploads\/2022\/05\/dro4-1-189x420.jpg 189w\" sizes=\"auto, (max-width: 500px) 100vw, 500px\" \/> <img loading=\"lazy\" decoding=\"async\" class=\"alignnone size-full wp-image-63843\" src=\"https:\/\/jorgezanoni.com.br\/2019\/wp-content\/uploads\/2022\/05\/dro5.jpg\" alt=\"\" width=\"700\" height=\"525\" srcset=\"https:\/\/jorgezanoni.com.br\/2019\/wp-content\/uploads\/2022\/05\/dro5.jpg 700w, https:\/\/jorgezanoni.com.br\/2019\/wp-content\/uploads\/2022\/05\/dro5-300x225.jpg 300w, https:\/\/jorgezanoni.com.br\/2019\/wp-content\/uploads\/2022\/05\/dro5-80x60.jpg 80w, https:\/\/jorgezanoni.com.br\/2019\/wp-content\/uploads\/2022\/05\/dro5-265x198.jpg 265w, https:\/\/jorgezanoni.com.br\/2019\/wp-content\/uploads\/2022\/05\/dro5-696x522.jpg 696w, https:\/\/jorgezanoni.com.br\/2019\/wp-content\/uploads\/2022\/05\/dro5-560x420.jpg 560w\" sizes=\"auto, (max-width: 700px) 100vw, 700px\" \/><\/p>\n<p>Fonte: Com. Social Pol\u00edcia Civil<\/p>\n","protected":false},"excerpt":{"rendered":"<p>Alunos do Col\u00e9gio Anglo-CID e da Escola Estadual \u201cEng\u00ba Isac Pereira Garcez\u201d participaram dos eventos realizados, nesta quarta-feira (18). A Pol\u00edcia Civil, por interm\u00e9dio da Delegacia Seccional de Pol\u00edcia de Dracena, ministrou nesta quarta-feira (18), duas palestras relacionadas a orienta\u00e7\u00e3o e conscientiza\u00e7\u00e3o sobre preven\u00e7\u00e3o ao uso nocivo de subst\u00e2ncias l\u00edcitas e il\u00edcitas, para alunos de [&hellip;]<\/p>\n","protected":false},"author":1,"featured_media":63839,"comment_status":"closed","ping_status":"open","sticky":false,"template":"","format":"standard","meta":{"footnotes":""},"categories":[110,2],"tags":[],"class_list":["post-63837","post","type-post","status-publish","format-standard","has-post-thumbnail","hentry","category-noticiasdestaque","category-policial"],"_links":{"self":[{"href":"https:\/\/jorgezanoni.com.br\/2019\/wp-json\/wp\/v2\/posts\/63837","targetHints":{"allow":["GET"]}}],"collection":[{"href":"https:\/\/jorgezanoni.com.br\/2019\/wp-json\/wp\/v2\/posts"}],"about":[{"href":"https:\/\/jorgezanoni.com.br\/2019\/wp-json\/wp\/v2\/types\/post"}],"author":[{"embeddable":true,"href":"https:\/\/jorgezanoni.com.br\/2019\/wp-json\/wp\/v2\/users\/1"}],"replies":[{"embeddable":true,"href":"https:\/\/jorgezanoni.com.br\/2019\/wp-json\/wp\/v2\/comments?post=63837"}],"version-history":[{"count":0,"href":"https:\/\/jorgezanoni.com.br\/2019\/wp-json\/wp\/v2\/posts\/63837\/revisions"}],"wp:featuredmedia":[{"embeddable":true,"href":"https:\/\/jorgezanoni.com.br\/2019\/wp-json\/wp\/v2\/media\/63839"}],"wp:attachment":[{"href":"https:\/\/jorgezanoni.com.br\/2019\/wp-json\/wp\/v2\/media?parent=63837"}],"wp:term":[{"taxonomy":"category","embeddable":true,"href":"https:\/\/jorgezanoni.com.br\/2019\/wp-json\/wp\/v2\/categories?post=63837"},{"taxonomy":"post_tag","embeddable":true,"href":"https:\/\/jorgezanoni.com.br\/2019\/wp-json\/wp\/v2\/tags?post=63837"}],"curies":[{"name":"wp","href":"https:\/\/api.w.org\/{rel}","templated":true}]}}