{"id":63831,"date":"2022-05-19T16:00:14","date_gmt":"2022-05-19T16:00:14","guid":{"rendered":"https:\/\/jorgezanoni.com.br\/2019\/?p=63831"},"modified":"2022-05-19T16:00:14","modified_gmt":"2022-05-19T16:00:14","slug":"motorista-morre-em-grave-acidente-com-caminhao-placas-de-dracena","status":"publish","type":"post","link":"https:\/\/jorgezanoni.com.br\/2019\/motorista-morre-em-grave-acidente-com-caminhao-placas-de-dracena\/","title":{"rendered":"Motorista morre em grave acidente com caminh\u00e3o placas de Dracena"},"content":{"rendered":"<p style=\"text-align: justify;\">No in\u00edcio da madrugada desta quinta-feira (19), o condutor de um bitrem, com placas de Dracena, trafegava pela estrada vicinal que liga Tup\u00e3 a Quat\u00e1 quando avan\u00e7ou a sinaliza\u00e7\u00e3o feita com morros de terra e acessou uma \u00e1rea interditada devido \u00e0 queda da ponte sobre o c\u00f3rrego \u00c1gua Bonita.<\/p>\n<p style=\"text-align: justify;\">O caminhoneiro n\u00e3o percebeu o problema na estrutura e se lan\u00e7ou sobre a ponte ca\u00edda vindo a atingir o barranco do outro lado do c\u00f3rrego. Com o impacto, a carga de farelo de soja foi projetada sobre a cabine do bitrem causando diversos ferimentos no motorista.<\/p>\n<p style=\"text-align: justify;\">Equipes do Corpo de Bombeiros de Tup\u00e3 e de Paragua\u00e7u Paulista foram deslocadas para o atendimento, sendo que o caminhoneiro foi retirado das ferragens com t\u00e9cnicas de salvamento em ve\u00edculo, mas o estado de sa\u00fade era grav\u00edssimo, sendo ele socorrido para Santa Casa de Tup\u00e3 em parada cardiorrespirat\u00f3ria.<\/p>\n<p style=\"text-align: justify;\">Infelizmente, o motorista n\u00e3o resistiu aos ferimentos e foi a \u00f3bito ao dar entrada na unidade hospitalar. O motorista foi identificado como Esmael Alves Sipriano Filho, de 62 anos, morador em Birigui.<\/p>\n<p style=\"text-align: justify;\">Segundo uma testemunha ocular, o bitrem estava em alta velocidade quando passou pr\u00f3ximo a uma granja que fica h\u00e1 cerca de 700 metros do local do acidente.<\/p>\n<p style=\"text-align: justify;\">A ponte onde ocorreu o acidente est\u00e1 interditada desde 13 de mar\u00e7o, quando foi danificada devido a fortes chuvas.<\/p>\n<p style=\"text-align: justify;\">A Pol\u00edcia Militar de Quat\u00e1 esteve no local para registro do boletim de ocorr\u00eancia e a Per\u00edcia T\u00e9cnica do Instituto de Criminal\u00edstica esteve no local para determinar as causas do acidente.<\/p>\n<p><img loading=\"lazy\" decoding=\"async\" class=\"alignnone size-full wp-image-63833\" src=\"https:\/\/jorgezanoni.com.br\/2019\/wp-content\/uploads\/2022\/05\/Tupa1-jpg.jpg\" alt=\"\" width=\"768\" height=\"576\" srcset=\"https:\/\/jorgezanoni.com.br\/2019\/wp-content\/uploads\/2022\/05\/Tupa1-jpg.jpg 768w, https:\/\/jorgezanoni.com.br\/2019\/wp-content\/uploads\/2022\/05\/Tupa1-jpg-300x225.jpg 300w, https:\/\/jorgezanoni.com.br\/2019\/wp-content\/uploads\/2022\/05\/Tupa1-jpg-80x60.jpg 80w, https:\/\/jorgezanoni.com.br\/2019\/wp-content\/uploads\/2022\/05\/Tupa1-jpg-265x198.jpg 265w, https:\/\/jorgezanoni.com.br\/2019\/wp-content\/uploads\/2022\/05\/Tupa1-jpg-696x522.jpg 696w, https:\/\/jorgezanoni.com.br\/2019\/wp-content\/uploads\/2022\/05\/Tupa1-jpg-560x420.jpg 560w\" sizes=\"auto, (max-width: 768px) 100vw, 768px\" \/> <img loading=\"lazy\" decoding=\"async\" class=\"alignnone size-full wp-image-63834\" src=\"https:\/\/jorgezanoni.com.br\/2019\/wp-content\/uploads\/2022\/05\/Tupa2_1-jpg.jpg\" alt=\"\" width=\"768\" height=\"576\" srcset=\"https:\/\/jorgezanoni.com.br\/2019\/wp-content\/uploads\/2022\/05\/Tupa2_1-jpg.jpg 768w, https:\/\/jorgezanoni.com.br\/2019\/wp-content\/uploads\/2022\/05\/Tupa2_1-jpg-300x225.jpg 300w, https:\/\/jorgezanoni.com.br\/2019\/wp-content\/uploads\/2022\/05\/Tupa2_1-jpg-80x60.jpg 80w, https:\/\/jorgezanoni.com.br\/2019\/wp-content\/uploads\/2022\/05\/Tupa2_1-jpg-265x198.jpg 265w, https:\/\/jorgezanoni.com.br\/2019\/wp-content\/uploads\/2022\/05\/Tupa2_1-jpg-696x522.jpg 696w, https:\/\/jorgezanoni.com.br\/2019\/wp-content\/uploads\/2022\/05\/Tupa2_1-jpg-560x420.jpg 560w\" sizes=\"auto, (max-width: 768px) 100vw, 768px\" \/> <img loading=\"lazy\" decoding=\"async\" class=\"alignnone size-full wp-image-63835\" src=\"https:\/\/jorgezanoni.com.br\/2019\/wp-content\/uploads\/2022\/05\/tupa3_1-jpg.jpg\" alt=\"\" width=\"768\" height=\"576\" srcset=\"https:\/\/jorgezanoni.com.br\/2019\/wp-content\/uploads\/2022\/05\/tupa3_1-jpg.jpg 768w, https:\/\/jorgezanoni.com.br\/2019\/wp-content\/uploads\/2022\/05\/tupa3_1-jpg-300x225.jpg 300w, https:\/\/jorgezanoni.com.br\/2019\/wp-content\/uploads\/2022\/05\/tupa3_1-jpg-80x60.jpg 80w, https:\/\/jorgezanoni.com.br\/2019\/wp-content\/uploads\/2022\/05\/tupa3_1-jpg-265x198.jpg 265w, https:\/\/jorgezanoni.com.br\/2019\/wp-content\/uploads\/2022\/05\/tupa3_1-jpg-696x522.jpg 696w, https:\/\/jorgezanoni.com.br\/2019\/wp-content\/uploads\/2022\/05\/tupa3_1-jpg-560x420.jpg 560w\" sizes=\"auto, (max-width: 768px) 100vw, 768px\" \/><\/p>\n<p style=\"text-align: justify;\">Fonte: Mais Tup\u00e3<\/p>\n","protected":false},"excerpt":{"rendered":"<p>No in\u00edcio da madrugada desta quinta-feira (19), o condutor de um bitrem, com placas de Dracena, trafegava pela estrada vicinal que liga Tup\u00e3 a Quat\u00e1 quando avan\u00e7ou a sinaliza\u00e7\u00e3o feita com morros de terra e acessou uma \u00e1rea interditada devido \u00e0 queda da ponte sobre o c\u00f3rrego \u00c1gua Bonita. O caminhoneiro n\u00e3o percebeu o problema [&hellip;]<\/p>\n","protected":false},"author":1,"featured_media":63832,"comment_status":"closed","ping_status":"open","sticky":false,"template":"","format":"standard","meta":{"footnotes":""},"categories":[170,110],"tags":[],"class_list":["post-63831","post","type-post","status-publish","format-standard","has-post-thumbnail","hentry","category-acidentes","category-noticiasdestaque"],"_links":{"self":[{"href":"https:\/\/jorgezanoni.com.br\/2019\/wp-json\/wp\/v2\/posts\/63831","targetHints":{"allow":["GET"]}}],"collection":[{"href":"https:\/\/jorgezanoni.com.br\/2019\/wp-json\/wp\/v2\/posts"}],"about":[{"href":"https:\/\/jorgezanoni.com.br\/2019\/wp-json\/wp\/v2\/types\/post"}],"author":[{"embeddable":true,"href":"https:\/\/jorgezanoni.com.br\/2019\/wp-json\/wp\/v2\/users\/1"}],"replies":[{"embeddable":true,"href":"https:\/\/jorgezanoni.com.br\/2019\/wp-json\/wp\/v2\/comments?post=63831"}],"version-history":[{"count":0,"href":"https:\/\/jorgezanoni.com.br\/2019\/wp-json\/wp\/v2\/posts\/63831\/revisions"}],"wp:featuredmedia":[{"embeddable":true,"href":"https:\/\/jorgezanoni.com.br\/2019\/wp-json\/wp\/v2\/media\/63832"}],"wp:attachment":[{"href":"https:\/\/jorgezanoni.com.br\/2019\/wp-json\/wp\/v2\/media?parent=63831"}],"wp:term":[{"taxonomy":"category","embeddable":true,"href":"https:\/\/jorgezanoni.com.br\/2019\/wp-json\/wp\/v2\/categories?post=63831"},{"taxonomy":"post_tag","embeddable":true,"href":"https:\/\/jorgezanoni.com.br\/2019\/wp-json\/wp\/v2\/tags?post=63831"}],"curies":[{"name":"wp","href":"https:\/\/api.w.org\/{rel}","templated":true}]}}