{"id":63802,"date":"2022-05-18T23:35:56","date_gmt":"2022-05-18T23:35:56","guid":{"rendered":"https:\/\/jorgezanoni.com.br\/2019\/?p=63802"},"modified":"2022-05-18T23:35:56","modified_gmt":"2022-05-18T23:35:56","slug":"apcd-regional-de-dracena-agradece-prefeito-municipal","status":"publish","type":"post","link":"https:\/\/jorgezanoni.com.br\/2019\/apcd-regional-de-dracena-agradece-prefeito-municipal\/","title":{"rendered":"APCD regional de Dracena agradece prefeito municipal"},"content":{"rendered":"<p style=\"text-align: justify;\">Nota de Agradecimento<\/p>\n<p style=\"text-align: justify;\">A APCD (Associa\u00e7\u00e3o Paulista de Cirurgi\u00f5es Dentistas) regional de Dracena, representada pelo seu presidente Dr. Cl\u00e1udio Cedroni, vem por meio desta nota agradecer o prefeito municipal Andr\u00e9 Lemos, a aten\u00e7\u00e3o dada a nossa solicita\u00e7\u00e3o, por meio de uma reuni\u00e3o, onde se tratou do assunto de cobran\u00e7a do ISSQN no munic\u00edpio, em especial aos Cirurgi\u00f5es Dentistas.<\/p>\n<p style=\"text-align: justify;\">O prefeito prontamente se prop\u00f4s a rever os valores cobrados e agora no m\u00eas de maio os profissionais j\u00e1 est\u00e3o recebendo seus boletos corrigidos.<\/p>\n<p style=\"text-align: justify;\">Agradecemos tamb\u00e9m aos representantes de outras classes que participaram da reuni\u00e3o.<\/p>\n<p>APCD Regional de Dracena<\/p>\n<p>&nbsp;<\/p>\n","protected":false},"excerpt":{"rendered":"<p>Nota de Agradecimento A APCD (Associa\u00e7\u00e3o Paulista de Cirurgi\u00f5es Dentistas) regional de Dracena, representada pelo seu presidente Dr. Cl\u00e1udio Cedroni, vem por meio desta nota agradecer o prefeito municipal Andr\u00e9 Lemos, a aten\u00e7\u00e3o dada a nossa solicita\u00e7\u00e3o, por meio de uma reuni\u00e3o, onde se tratou do assunto de cobran\u00e7a do ISSQN no munic\u00edpio, em especial [&hellip;]<\/p>\n","protected":false},"author":1,"featured_media":63803,"comment_status":"closed","ping_status":"open","sticky":false,"template":"","format":"standard","meta":{"footnotes":""},"categories":[179,184,110],"tags":[],"class_list":["post-63802","post","type-post","status-publish","format-standard","has-post-thumbnail","hentry","category-cidadeseregiao","category-dracena","category-noticiasdestaque"],"_links":{"self":[{"href":"https:\/\/jorgezanoni.com.br\/2019\/wp-json\/wp\/v2\/posts\/63802","targetHints":{"allow":["GET"]}}],"collection":[{"href":"https:\/\/jorgezanoni.com.br\/2019\/wp-json\/wp\/v2\/posts"}],"about":[{"href":"https:\/\/jorgezanoni.com.br\/2019\/wp-json\/wp\/v2\/types\/post"}],"author":[{"embeddable":true,"href":"https:\/\/jorgezanoni.com.br\/2019\/wp-json\/wp\/v2\/users\/1"}],"replies":[{"embeddable":true,"href":"https:\/\/jorgezanoni.com.br\/2019\/wp-json\/wp\/v2\/comments?post=63802"}],"version-history":[{"count":0,"href":"https:\/\/jorgezanoni.com.br\/2019\/wp-json\/wp\/v2\/posts\/63802\/revisions"}],"wp:featuredmedia":[{"embeddable":true,"href":"https:\/\/jorgezanoni.com.br\/2019\/wp-json\/wp\/v2\/media\/63803"}],"wp:attachment":[{"href":"https:\/\/jorgezanoni.com.br\/2019\/wp-json\/wp\/v2\/media?parent=63802"}],"wp:term":[{"taxonomy":"category","embeddable":true,"href":"https:\/\/jorgezanoni.com.br\/2019\/wp-json\/wp\/v2\/categories?post=63802"},{"taxonomy":"post_tag","embeddable":true,"href":"https:\/\/jorgezanoni.com.br\/2019\/wp-json\/wp\/v2\/tags?post=63802"}],"curies":[{"name":"wp","href":"https:\/\/api.w.org\/{rel}","templated":true}]}}