{"id":63766,"date":"2022-05-17T23:30:11","date_gmt":"2022-05-17T23:30:11","guid":{"rendered":"https:\/\/jorgezanoni.com.br\/2019\/?p=63766"},"modified":"2022-05-17T23:30:11","modified_gmt":"2022-05-17T23:30:11","slug":"paris-maio-de-1968-um-ano-para-ficar-na-memoria-por-sergio-barbosa","status":"publish","type":"post","link":"https:\/\/jorgezanoni.com.br\/2019\/paris-maio-de-1968-um-ano-para-ficar-na-memoria-por-sergio-barbosa\/","title":{"rendered":"Par\u00eds, maio de 1968: Um ano para ficar na mem\u00f3ria&#8230; (por S\u00e9rgio Barbosa)"},"content":{"rendered":"<p style=\"text-align: justify;\"><strong>PAR\u00cdS, MAIO DE 1968: UM ANO PARA FICAR NA MEM\u00d3RIA&#8230;<\/strong><\/p>\n<p style=\"text-align: justify;\"><em>\u201cMaio de 68 foi auge da d\u00e9cada em que jovens \u2018aceleram\u2019 a hist\u00f3ria\u201d<\/em><\/p>\n<p style=\"text-align: justify;\"><em>(\u00c9bano Piacentini in FOLHAONLINE, 30\/04\/2008)<\/em><\/p>\n<p style=\"text-align: justify;\"><strong><em>S\u00e9rgio Barbosa (*)<\/em><\/strong><\/p>\n<p style=\"text-align: justify;\">N\u00e3o se pode deixar de lembrar que o ano de 1968 ficou para tr\u00e1s como uma marca mais do que registrada para a hist\u00f3ria em n\u00edvel mundial, ainda, com vest\u00edgios em terras tupiniquins em fun\u00e7\u00e3o dos desencontros do pa\u00eds com os denominados e odiados \u201canos de chumbo\u201d&#8230;<\/p>\n<p style=\"text-align: justify;\">Por\u00e9m, como sempre, nem tudo pode ser relembrado pela hist\u00f3ria de\u00a0 muitas est\u00f3rias neste contexto al\u00e9m da nossa imagina\u00e7\u00e3o, afinal de contas, pode-se ficar em posi\u00e7\u00e3o contradit\u00f3ria, haja vista as op\u00e7\u00f5es que s\u00e3o feitas em nome da sobreviv\u00eancia familiar ou do poder com o poder para um outro poder sacramental e mercadol\u00f3gico&#8230;<\/p>\n<p style=\"text-align: justify;\">Tem um outro m\u00eas que \u00e9 relembrando na hist\u00f3ria como \u201csetembro negro\u201d, isso l\u00e1 pelo in\u00edcio da d\u00e9cada de 70, quando terroristas fizeram o diabo com a ideologia capitalista do mundo nada ocidental para um olhar mais de acordo com as outras ideologias perdidas pelos sonhos de outrora do ser humano&#8230;<\/p>\n<p style=\"text-align: justify;\">Neste cen\u00e1rio denominado de \u201cmaio em chamas\u201d, uma capital europ\u00e9ia ficou em estado de alerta quando estudantes resolveram sair pelas ruas em protesto contra a pol\u00edtica educacional do governo franc\u00eas na \u00e9poca em pauta, a saber: 1968!<\/p>\n<p style=\"text-align: justify;\">Tal como l\u00e1, aqui em terras brasilis as coisas, tamb\u00e9m, andaram mal das pernas para todos os lados, basta um olhar pela \u00f3tica da hist\u00f3ria calada pelos laudos oficiais da ditadura em expans\u00e3o para uma nova vis\u00e3o do para\u00edso tropical&#8230;<\/p>\n<p style=\"text-align: justify;\">As perdas desta \u00e9poca somam as vit\u00f3rias do passado distante para exaltar conquistas num futuro pr\u00f3ximo, ressalta neste vislumbrar o ano seguinte, 1969 com a tal conquista da lua pelos deuses do norte em terras americanas sob o comando do todo poderoso \u201cTio Sam\u201d ou \u201cBig Brother\u201d&#8230;<\/p>\n<p style=\"text-align: justify;\">Fica complicado para a reflex\u00e3o deste tempo, n\u00e3o registrar diversos acontecimentos em \u00e1reas afins aos objetivos da hist\u00f3ria deste per\u00edodo m\u00e1gico, ao mesmo tempo, conturbado para o poder pol\u00edtico nos continentes sacudidos pela onda de protestos dos estudantes, bem como, dos trabalhadores em busca de melhores condi\u00e7\u00f5es de vida para suas fam\u00edlias&#8230;<\/p>\n<p style=\"text-align: justify;\">As bandeiras v\u00e3o al\u00e9m do senso comum em 1968, novas palavras de ordem para a sociedade europ\u00e9ia sob o comando estudantil franc\u00eas nas ruas da cidade luz, oferecendo Paris como marca registrada neste desafio al\u00e9m das propostas do local para uma vis\u00e3o global&#8230;<\/p>\n<p style=\"text-align: justify;\">S\u00e3o 40 anos de caminhada e muitos desencontros do ser humano com o seu interior perdido nas contradi\u00e7\u00f5es de si mesmo, entretanto, faz-se necess\u00e1rio estar em conex\u00e3o com o social para extrapolar o entendimento, bem como, os acordos mediados pelas necessidades econ\u00f4micas do planeta nesta d\u00e9cada em ebuli\u00e7\u00e3o nas \u00e1reas da m\u00fasica, arte, educa\u00e7\u00e3o, pol\u00edtica e econ\u00f4mica&#8230;<\/p>\n<p style=\"text-align: justify;\"><strong><em>_________________________________<\/em><\/strong><\/p>\n<p style=\"text-align: justify;\"><strong><em>(*) Jornalista diplomado e professor universit\u00e1rio.<\/em><\/strong><\/p>\n<p style=\"text-align: justify;\"><strong><em>e-mail: barbosa.sebar@gma<\/em><\/strong><\/p>\n","protected":false},"excerpt":{"rendered":"<p>PAR\u00cdS, MAIO DE 1968: UM ANO PARA FICAR NA MEM\u00d3RIA&#8230; \u201cMaio de 68 foi auge da d\u00e9cada em que jovens \u2018aceleram\u2019 a hist\u00f3ria\u201d (\u00c9bano Piacentini in FOLHAONLINE, 30\/04\/2008) S\u00e9rgio Barbosa (*) N\u00e3o se pode deixar de lembrar que o ano de 1968 ficou para tr\u00e1s como uma marca mais do que registrada para a hist\u00f3ria [&hellip;]<\/p>\n","protected":false},"author":1,"featured_media":63767,"comment_status":"closed","ping_status":"open","sticky":false,"template":"","format":"standard","meta":{"footnotes":""},"categories":[175],"tags":[],"class_list":["post-63766","post","type-post","status-publish","format-standard","has-post-thumbnail","hentry","category-artigos"],"_links":{"self":[{"href":"https:\/\/jorgezanoni.com.br\/2019\/wp-json\/wp\/v2\/posts\/63766","targetHints":{"allow":["GET"]}}],"collection":[{"href":"https:\/\/jorgezanoni.com.br\/2019\/wp-json\/wp\/v2\/posts"}],"about":[{"href":"https:\/\/jorgezanoni.com.br\/2019\/wp-json\/wp\/v2\/types\/post"}],"author":[{"embeddable":true,"href":"https:\/\/jorgezanoni.com.br\/2019\/wp-json\/wp\/v2\/users\/1"}],"replies":[{"embeddable":true,"href":"https:\/\/jorgezanoni.com.br\/2019\/wp-json\/wp\/v2\/comments?post=63766"}],"version-history":[{"count":0,"href":"https:\/\/jorgezanoni.com.br\/2019\/wp-json\/wp\/v2\/posts\/63766\/revisions"}],"wp:featuredmedia":[{"embeddable":true,"href":"https:\/\/jorgezanoni.com.br\/2019\/wp-json\/wp\/v2\/media\/63767"}],"wp:attachment":[{"href":"https:\/\/jorgezanoni.com.br\/2019\/wp-json\/wp\/v2\/media?parent=63766"}],"wp:term":[{"taxonomy":"category","embeddable":true,"href":"https:\/\/jorgezanoni.com.br\/2019\/wp-json\/wp\/v2\/categories?post=63766"},{"taxonomy":"post_tag","embeddable":true,"href":"https:\/\/jorgezanoni.com.br\/2019\/wp-json\/wp\/v2\/tags?post=63766"}],"curies":[{"name":"wp","href":"https:\/\/api.w.org\/{rel}","templated":true}]}}