{"id":63763,"date":"2022-05-17T23:17:35","date_gmt":"2022-05-17T23:17:35","guid":{"rendered":"https:\/\/jorgezanoni.com.br\/2019\/?p=63763"},"modified":"2022-05-17T23:17:35","modified_gmt":"2022-05-17T23:17:35","slug":"homem-danifica-medidor-de-energia-furta-fios-e-e-preso-no-bairro-sol-nascente-em-dracena","status":"publish","type":"post","link":"https:\/\/jorgezanoni.com.br\/2019\/homem-danifica-medidor-de-energia-furta-fios-e-e-preso-no-bairro-sol-nascente-em-dracena\/","title":{"rendered":"Homem danifica medidor de energia, furta fios e \u00e9 preso no Bairro Sol Nascente em Dracena"},"content":{"rendered":"<p style=\"text-align: justify;\"><strong>MAIS UMA PRIS\u00c3O NA \u00c1REA DA 1\u00aa COMPANHIA, J\u00c1 S\u00c3O 09 PESSOAS PRESAS NAS \u00daLTIMAS 48 HORAS.<\/strong><\/p>\n<p style=\"text-align: justify;\">A pris\u00e3o ocorreu na data de hoje (17) por volta das 09h por solicita\u00e7\u00e3o via COPOM informando a respeito de um furto ocorrido no interior da lagoa de tratamento que fica localizada nos fundos do &#8220;bairro Sol nascente&#8221; em Dracena, as equipes compareceram no local, realizado contato com uma testemunha, o qual informou a equipe, que deparou com o rel\u00f3gio padr\u00e3o da Elektro danificado, sendo que faltava os fios de energia e algumas ferramentas pertencente a empresa em seguida visualizou a janela da dispensa, onde s\u00e3o guardadas as ferramentas arrombados. De posse das informa\u00e7\u00f5es e do receio do autor ainda estar no local a equipe prosseguiu na varredura das proximidades e logrou \u00eaxito em deter o indiciado (homem 38 anos) o qual confessou o delito, sendo que j\u00e1 estava descascando a metade dos fios furtados. Foi dado voz de pris\u00e3o em flagrante por furto ao indiciado que permaneceu a disposi\u00e7\u00e3o da Justi\u00e7a.<\/p>\n<p style=\"text-align: justify;\">#25bpmi<br \/>\n#cpi8<br \/>\n#POLICIAMILITARSP<br \/>\n#AFOR\u00c7AP\u00daBLICADES\u00c3OPAULO<br \/>\nComunica\u00e7\u00e3o Social do 25BPMI e regi\u00e3o<\/p>\n","protected":false},"excerpt":{"rendered":"<p>MAIS UMA PRIS\u00c3O NA \u00c1REA DA 1\u00aa COMPANHIA, J\u00c1 S\u00c3O 09 PESSOAS PRESAS NAS \u00daLTIMAS 48 HORAS. A pris\u00e3o ocorreu na data de hoje (17) por volta das 09h por solicita\u00e7\u00e3o via COPOM informando a respeito de um furto ocorrido no interior da lagoa de tratamento que fica localizada nos fundos do &#8220;bairro Sol nascente&#8221; [&hellip;]<\/p>\n","protected":false},"author":1,"featured_media":63764,"comment_status":"closed","ping_status":"open","sticky":false,"template":"","format":"standard","meta":{"footnotes":""},"categories":[110,2],"tags":[],"class_list":["post-63763","post","type-post","status-publish","format-standard","has-post-thumbnail","hentry","category-noticiasdestaque","category-policial"],"_links":{"self":[{"href":"https:\/\/jorgezanoni.com.br\/2019\/wp-json\/wp\/v2\/posts\/63763","targetHints":{"allow":["GET"]}}],"collection":[{"href":"https:\/\/jorgezanoni.com.br\/2019\/wp-json\/wp\/v2\/posts"}],"about":[{"href":"https:\/\/jorgezanoni.com.br\/2019\/wp-json\/wp\/v2\/types\/post"}],"author":[{"embeddable":true,"href":"https:\/\/jorgezanoni.com.br\/2019\/wp-json\/wp\/v2\/users\/1"}],"replies":[{"embeddable":true,"href":"https:\/\/jorgezanoni.com.br\/2019\/wp-json\/wp\/v2\/comments?post=63763"}],"version-history":[{"count":0,"href":"https:\/\/jorgezanoni.com.br\/2019\/wp-json\/wp\/v2\/posts\/63763\/revisions"}],"wp:featuredmedia":[{"embeddable":true,"href":"https:\/\/jorgezanoni.com.br\/2019\/wp-json\/wp\/v2\/media\/63764"}],"wp:attachment":[{"href":"https:\/\/jorgezanoni.com.br\/2019\/wp-json\/wp\/v2\/media?parent=63763"}],"wp:term":[{"taxonomy":"category","embeddable":true,"href":"https:\/\/jorgezanoni.com.br\/2019\/wp-json\/wp\/v2\/categories?post=63763"},{"taxonomy":"post_tag","embeddable":true,"href":"https:\/\/jorgezanoni.com.br\/2019\/wp-json\/wp\/v2\/tags?post=63763"}],"curies":[{"name":"wp","href":"https:\/\/api.w.org\/{rel}","templated":true}]}}