{"id":6376,"date":"2019-09-15T16:19:26","date_gmt":"2019-09-15T16:19:26","guid":{"rendered":"https:\/\/jorgezanoni.com.br\/2019\/?p=6376"},"modified":"2019-09-15T16:23:39","modified_gmt":"2019-09-15T16:23:39","slug":"jovem-dracenense-conquista-segunda-colocacao-nos-jogos-escolares-do-estado-de-sao-paulo","status":"publish","type":"post","link":"https:\/\/jorgezanoni.com.br\/2019\/jovem-dracenense-conquista-segunda-colocacao-nos-jogos-escolares-do-estado-de-sao-paulo\/","title":{"rendered":"Jovem conquista segunda coloca\u00e7\u00e3o nos Jogos Escolares do Estado de S\u00e3o Paulo."},"content":{"rendered":"<p><img loading=\"lazy\" decoding=\"async\" class=\"alignnone size-full wp-image-6377\" src=\"https:\/\/jorgezanoni.com.br\/2019\/wp-content\/uploads\/2019\/09\/canci.jpg\" alt=\"\" width=\"1158\" height=\"869\" srcset=\"https:\/\/jorgezanoni.com.br\/2019\/wp-content\/uploads\/2019\/09\/canci.jpg 1158w, https:\/\/jorgezanoni.com.br\/2019\/wp-content\/uploads\/2019\/09\/canci-300x225.jpg 300w, https:\/\/jorgezanoni.com.br\/2019\/wp-content\/uploads\/2019\/09\/canci-768x576.jpg 768w, https:\/\/jorgezanoni.com.br\/2019\/wp-content\/uploads\/2019\/09\/canci-1024x768.jpg 1024w, https:\/\/jorgezanoni.com.br\/2019\/wp-content\/uploads\/2019\/09\/canci-80x60.jpg 80w, https:\/\/jorgezanoni.com.br\/2019\/wp-content\/uploads\/2019\/09\/canci-265x198.jpg 265w, https:\/\/jorgezanoni.com.br\/2019\/wp-content\/uploads\/2019\/09\/canci-696x522.jpg 696w, https:\/\/jorgezanoni.com.br\/2019\/wp-content\/uploads\/2019\/09\/canci-1068x801.jpg 1068w, https:\/\/jorgezanoni.com.br\/2019\/wp-content\/uploads\/2019\/09\/canci-560x420.jpg 560w\" sizes=\"auto, (max-width: 1158px) 100vw, 1158px\" \/><\/p>\n<p style=\"text-align: justify;\">A jovem dracenense Maria Teresa Vendramin participou dos Jogos Escolares do Estado de S\u00e3o Paulo na categoria mirim e teve um grande resultado para nossa regi\u00e3o. Ela alcan\u00e7ou o 2\u00b0Lugar em sua categoria.<\/p>\n<p><img loading=\"lazy\" decoding=\"async\" class=\"alignnone size-full wp-image-6378\" src=\"https:\/\/jorgezanoni.com.br\/2019\/wp-content\/uploads\/2019\/09\/canci1.jpg\" alt=\"\" width=\"1158\" height=\"869\" srcset=\"https:\/\/jorgezanoni.com.br\/2019\/wp-content\/uploads\/2019\/09\/canci1.jpg 1158w, https:\/\/jorgezanoni.com.br\/2019\/wp-content\/uploads\/2019\/09\/canci1-300x225.jpg 300w, https:\/\/jorgezanoni.com.br\/2019\/wp-content\/uploads\/2019\/09\/canci1-768x576.jpg 768w, https:\/\/jorgezanoni.com.br\/2019\/wp-content\/uploads\/2019\/09\/canci1-1024x768.jpg 1024w, https:\/\/jorgezanoni.com.br\/2019\/wp-content\/uploads\/2019\/09\/canci1-80x60.jpg 80w, https:\/\/jorgezanoni.com.br\/2019\/wp-content\/uploads\/2019\/09\/canci1-265x198.jpg 265w, https:\/\/jorgezanoni.com.br\/2019\/wp-content\/uploads\/2019\/09\/canci1-696x522.jpg 696w, https:\/\/jorgezanoni.com.br\/2019\/wp-content\/uploads\/2019\/09\/canci1-1068x801.jpg 1068w, https:\/\/jorgezanoni.com.br\/2019\/wp-content\/uploads\/2019\/09\/canci1-560x420.jpg 560w\" sizes=\"auto, (max-width: 1158px) 100vw, 1158px\" \/><\/p>\n<p style=\"text-align: justify;\">Veja o que dizem os familiares da vice-campe\u00e3 estadual: n\u00f3s pais, irm\u00e3, familiares, amigos e professores estamos muito felizes e orgulhos, esperamos ansiosos por voc\u00ea. Parab\u00e9ns Maria Teresa Vendramin Cancian Garcia.<\/p>\n<p><img loading=\"lazy\" decoding=\"async\" class=\"alignnone size-full wp-image-6379\" src=\"https:\/\/jorgezanoni.com.br\/2019\/wp-content\/uploads\/2019\/09\/canci2.jpg\" alt=\"\" width=\"1158\" height=\"869\" srcset=\"https:\/\/jorgezanoni.com.br\/2019\/wp-content\/uploads\/2019\/09\/canci2.jpg 1158w, https:\/\/jorgezanoni.com.br\/2019\/wp-content\/uploads\/2019\/09\/canci2-300x225.jpg 300w, https:\/\/jorgezanoni.com.br\/2019\/wp-content\/uploads\/2019\/09\/canci2-768x576.jpg 768w, https:\/\/jorgezanoni.com.br\/2019\/wp-content\/uploads\/2019\/09\/canci2-1024x768.jpg 1024w, https:\/\/jorgezanoni.com.br\/2019\/wp-content\/uploads\/2019\/09\/canci2-80x60.jpg 80w, https:\/\/jorgezanoni.com.br\/2019\/wp-content\/uploads\/2019\/09\/canci2-265x198.jpg 265w, https:\/\/jorgezanoni.com.br\/2019\/wp-content\/uploads\/2019\/09\/canci2-696x522.jpg 696w, https:\/\/jorgezanoni.com.br\/2019\/wp-content\/uploads\/2019\/09\/canci2-1068x801.jpg 1068w, https:\/\/jorgezanoni.com.br\/2019\/wp-content\/uploads\/2019\/09\/canci2-560x420.jpg 560w\" sizes=\"auto, (max-width: 1158px) 100vw, 1158px\" \/><\/p>\n<p style=\"text-align: justify;\">Agradecemos o Professor Milton que n\u00e3o mediu esfor\u00e7os para estar acompanhando nossos filhos, Leonardo amigo e companheiro de viajem e jogo obrigada e aos os respons\u00e1veis da cidade de Ouro Verde que acolheram nossa filha.<\/p>\n<p><img loading=\"lazy\" decoding=\"async\" class=\"alignnone size-full wp-image-6380\" src=\"https:\/\/jorgezanoni.com.br\/2019\/wp-content\/uploads\/2019\/09\/canci3.jpg\" alt=\"\" width=\"1158\" height=\"869\" srcset=\"https:\/\/jorgezanoni.com.br\/2019\/wp-content\/uploads\/2019\/09\/canci3.jpg 1158w, https:\/\/jorgezanoni.com.br\/2019\/wp-content\/uploads\/2019\/09\/canci3-300x225.jpg 300w, https:\/\/jorgezanoni.com.br\/2019\/wp-content\/uploads\/2019\/09\/canci3-768x576.jpg 768w, https:\/\/jorgezanoni.com.br\/2019\/wp-content\/uploads\/2019\/09\/canci3-1024x768.jpg 1024w, https:\/\/jorgezanoni.com.br\/2019\/wp-content\/uploads\/2019\/09\/canci3-80x60.jpg 80w, https:\/\/jorgezanoni.com.br\/2019\/wp-content\/uploads\/2019\/09\/canci3-265x198.jpg 265w, https:\/\/jorgezanoni.com.br\/2019\/wp-content\/uploads\/2019\/09\/canci3-696x522.jpg 696w, https:\/\/jorgezanoni.com.br\/2019\/wp-content\/uploads\/2019\/09\/canci3-1068x801.jpg 1068w, https:\/\/jorgezanoni.com.br\/2019\/wp-content\/uploads\/2019\/09\/canci3-560x420.jpg 560w\" sizes=\"auto, (max-width: 1158px) 100vw, 1158px\" \/> <img loading=\"lazy\" decoding=\"async\" class=\"alignnone size-full wp-image-6381\" src=\"https:\/\/jorgezanoni.com.br\/2019\/wp-content\/uploads\/2019\/09\/canci4.jpg\" alt=\"\" width=\"1158\" height=\"869\" srcset=\"https:\/\/jorgezanoni.com.br\/2019\/wp-content\/uploads\/2019\/09\/canci4.jpg 1158w, https:\/\/jorgezanoni.com.br\/2019\/wp-content\/uploads\/2019\/09\/canci4-300x225.jpg 300w, https:\/\/jorgezanoni.com.br\/2019\/wp-content\/uploads\/2019\/09\/canci4-768x576.jpg 768w, https:\/\/jorgezanoni.com.br\/2019\/wp-content\/uploads\/2019\/09\/canci4-1024x768.jpg 1024w, https:\/\/jorgezanoni.com.br\/2019\/wp-content\/uploads\/2019\/09\/canci4-80x60.jpg 80w, https:\/\/jorgezanoni.com.br\/2019\/wp-content\/uploads\/2019\/09\/canci4-265x198.jpg 265w, https:\/\/jorgezanoni.com.br\/2019\/wp-content\/uploads\/2019\/09\/canci4-696x522.jpg 696w, https:\/\/jorgezanoni.com.br\/2019\/wp-content\/uploads\/2019\/09\/canci4-1068x801.jpg 1068w, https:\/\/jorgezanoni.com.br\/2019\/wp-content\/uploads\/2019\/09\/canci4-560x420.jpg 560w\" sizes=\"auto, (max-width: 1158px) 100vw, 1158px\" \/><\/p>\n<p style=\"text-align: justify;\">Jorge Zanoni<\/p>\n","protected":false},"excerpt":{"rendered":"<p>A jovem dracenense Maria Teresa Vendramin participou dos Jogos Escolares do Estado de S\u00e3o Paulo na categoria mirim e teve um grande resultado para nossa regi\u00e3o. Ela alcan\u00e7ou o 2\u00b0Lugar em sua categoria. Veja o que dizem os familiares da vice-campe\u00e3 estadual: n\u00f3s pais, irm\u00e3, familiares, amigos e professores estamos muito felizes e orgulhos, esperamos [&hellip;]<\/p>\n","protected":false},"author":1,"featured_media":6382,"comment_status":"closed","ping_status":"open","sticky":false,"template":"","format":"standard","meta":{"footnotes":""},"categories":[122],"tags":[],"class_list":["post-6376","post","type-post","status-publish","format-standard","has-post-thumbnail","hentry","category-saudeeducacaoeconcurso"],"_links":{"self":[{"href":"https:\/\/jorgezanoni.com.br\/2019\/wp-json\/wp\/v2\/posts\/6376","targetHints":{"allow":["GET"]}}],"collection":[{"href":"https:\/\/jorgezanoni.com.br\/2019\/wp-json\/wp\/v2\/posts"}],"about":[{"href":"https:\/\/jorgezanoni.com.br\/2019\/wp-json\/wp\/v2\/types\/post"}],"author":[{"embeddable":true,"href":"https:\/\/jorgezanoni.com.br\/2019\/wp-json\/wp\/v2\/users\/1"}],"replies":[{"embeddable":true,"href":"https:\/\/jorgezanoni.com.br\/2019\/wp-json\/wp\/v2\/comments?post=6376"}],"version-history":[{"count":0,"href":"https:\/\/jorgezanoni.com.br\/2019\/wp-json\/wp\/v2\/posts\/6376\/revisions"}],"wp:featuredmedia":[{"embeddable":true,"href":"https:\/\/jorgezanoni.com.br\/2019\/wp-json\/wp\/v2\/media\/6382"}],"wp:attachment":[{"href":"https:\/\/jorgezanoni.com.br\/2019\/wp-json\/wp\/v2\/media?parent=6376"}],"wp:term":[{"taxonomy":"category","embeddable":true,"href":"https:\/\/jorgezanoni.com.br\/2019\/wp-json\/wp\/v2\/categories?post=6376"},{"taxonomy":"post_tag","embeddable":true,"href":"https:\/\/jorgezanoni.com.br\/2019\/wp-json\/wp\/v2\/tags?post=6376"}],"curies":[{"name":"wp","href":"https:\/\/api.w.org\/{rel}","templated":true}]}}