{"id":63755,"date":"2022-05-17T22:40:13","date_gmt":"2022-05-17T22:40:13","guid":{"rendered":"https:\/\/jorgezanoni.com.br\/2019\/?p=63755"},"modified":"2022-05-17T22:40:13","modified_gmt":"2022-05-17T22:40:13","slug":"anglo-cid-comemora-50-anos-e-homenageia-tatiana-froio","status":"publish","type":"post","link":"https:\/\/jorgezanoni.com.br\/2019\/anglo-cid-comemora-50-anos-e-homenageia-tatiana-froio\/","title":{"rendered":"Anglo-CID comemora 50 anos e homenageia Tatiana Froio"},"content":{"rendered":"<p style=\"text-align: justify;\"><span style=\"font-size: large;\">No dia 12 de maio, os alunos do Anglo-CID celebraram o cinquenten\u00e1rio do col\u00e9gio. As festividades iniciaram cedo, com bolo e refrigerante servidos a todos durante os intervalos escalonados das aulas. \u00c0s 9h30, as turmas do Ensino Fundamental 1 cantaram parab\u00e9ns, realizaram a soltura de bal\u00f5es biodegrad\u00e1veis no jardim de entrada do col\u00e9gio e prosseguiram com os estudos.<\/span><\/p>\n<p><span style=\"font-size: large;\">No per\u00edodo da tarde, os alunos do Ensino M\u00e9dio participaram da solenidade realizada \u00e0s 15h, no Audit\u00f3rio &#8220;Prof. Geraldo Mariano Alves&#8221;, ressaltando os 50 anos de hist\u00f3ria do Anglo-CID e suas atividades atuais, encerrando com a homenagem \u00e0 vice-diretora Tatiana Santana Pelisson Froio (<i>in memoriam<\/i>) e a inaugura\u00e7\u00e3o da nova sala dos professores.<\/span><\/p>\n<p><span style=\"font-size: large;\">Eul\u00e1lia Pires Fava, diretora do Anglo-CID, fez a abertura oficial das comemora\u00e7\u00f5es e ressaltou que &#8220;in\u00fameras mudan\u00e7as ocorreram durante esses 50 anos, e todas elas propiciaram recome\u00e7os, vit\u00f3rias e sucessos&#8221;, falou das &#8220;cinco d\u00e9cadas trilhadas com perseveran\u00e7a, vencendo obst\u00e1culos e dificuldades, mas sempre com confian\u00e7a, alegria e positivismo&#8221; e da constru\u00e7\u00e3o de &#8220;um nome de refer\u00eancia, galgando um lugar de import\u00e2ncia educacional e visibilidade na sociedade dracenense, na regi\u00e3o e dentro do Sistema Anglo de Ensino, ao qual pertencemos&#8221;.<\/span><\/p>\n<p><span style=\"font-size: large;\">A diretora ainda destacou os &#8220;50 anos de experi\u00eancias bem vividas, de aquisi\u00e7\u00e3o de conhecimentos, estudos e sabedoria; de sonhos que j\u00e1 se realizaram e muitos outros que ainda se realizar\u00e3o&#8221; e n\u00e3o se esqueceu que durante a &#8220;caminhada tivemos perdas, perdas irrepar\u00e1veis como a da querida, amada e inesquec\u00edvel &#8220;nossa Tati&#8221;. Mas finalizou sinalizando a &#8220;oportunidade de fazer parte desta equipe, deste col\u00e9gio e poder comemorar seus 50 anos, com muito orgulho, respeito e gratid\u00e3o a todos&#8221;.<\/span><\/p>\n<p><span style=\"font-size: large;\">A assessora pedag\u00f3gica do Sistema Anglo de Ensino Rosane Maria da Silva de Faria tamb\u00e9m deu um depoimento em v\u00eddeo parabenizando a hist\u00f3ria e a tradi\u00e7\u00e3o do Anglo-CID, destacando que o col\u00e9gio est\u00e1 h\u00e1 42 anos com o Sistema Anglo. &#8220;Parab\u00e9ns a todos pelo trabalho espetacular, que destaca o col\u00e9gio Anglo-CID no Sistema Anglo pelos resultados obtidos e pelo empenho de sua equipe&#8221;.<\/span><\/p>\n<p><span style=\"font-size: large;\">Edson Hissatomi Kai, diretor executivo da Fundec, agradeceu a presen\u00e7a de todos, em especial, \u00e0 fam\u00edlia de Tatiana Froio, neste dia de festa e comemora\u00e7\u00e3o. Lembrou que sonhava em estudar no CID e aqui fez o colegial juntamente com o curso t\u00e9cnico em contabilidade, mas antes estudou em &#8220;escola p\u00fablica, no m\u00e9todo tradicional, e\u00a0<\/span>vejo<span style=\"font-size: large;\">\u00a0a diferen\u00e7a para hoje com as novas metodologias&#8221;. Tamb\u00e9m indicou aos alunos que &#8220;hoje voc\u00eas est\u00e3o vendo os frutos da nova escola. Nos empenhamos em mudar as tecnologias e as metodologias de ensino aqui e n\u00e3o posso esquecer de falar do trabalho da Tati, que come\u00e7ou este processo. A institui\u00e7\u00e3o vive um novo momento e contamos com nossos alunos trazendo ideias para que possamos melhorar todos os dias&#8221;, finalizou.<\/span><\/p>\n<p><span style=\"font-size: large;\">A professora Amanda Matreiro contou a hist\u00f3ria de sucesso do Anglo-CID, destacando que &#8220;atualmente ele atende mais de 500 alunos de Dracena e regi\u00e3o e \u00e9 destaque nacional entre os parceiros do Sistema Anglo. Essa visibilidade \u00e9 resultado do excelente trabalho da equipe do col\u00e9gio, da dedica\u00e7\u00e3o dos alunos e da parceria com os familiares&#8221;. Ela lembrou ainda que &#8220;o col\u00e9gio completa 50 anos e a parceria firmada com o Sistema Anglo de Ensino acontece h\u00e1 42 anos&#8221;.<\/span><\/p>\n<p><span style=\"font-size: large;\">Ap\u00f3s os discursos, subiram ao palco os alunos e a professora Fl\u00e1via Araujo, do projeto Can\u00e7\u00f5es, para uma apresenta\u00e7\u00e3o de m\u00fasica. Em seguida, nove alunas do Anglo Dance, orientadas pela professora Aline Siqueira, mostraram uma linda coreografia aos presentes.<\/span><\/p>\n<p><span style=\"font-size: large;\">O momento mais esperado foi a homenagem \u00e0 Tatiana Santana Pelisson Froio (<i>in memoriam<\/i>), vice-diretora do Anglo-CID, que se dedicou intensamente \u00e0 Educa\u00e7\u00e3o e por 10 anos atuou no desenvolvimento das atividades do col\u00e9gio, acompanhando de perto &#8220;sua prole&#8221;, os alunos.<\/span><\/p>\n<p><span style=\"font-size: large;\">Os convidados puderam conhecer os bastidores de sua hist\u00f3ria profissional, contada pelas lembran\u00e7as de amigos de trabalho que compartilham a paix\u00e3o pela profiss\u00e3o, e retratou o empenho de Tati no estudo para a implanta\u00e7\u00e3o do Novo Ensino M\u00e9dio e conquistas como o primeiro pr\u00eamio do Sistema Anglo &#8220;Le\u00e3o de Ouro&#8221;, que ocorreu devido ao engajamento de seu trabalho na plataforma\u00a0<\/span>Plurall;<span style=\"font-size: large;\">\u00a0mas que tamb\u00e9m destacou sua lideran\u00e7a natural, seu jeito aut\u00eantico e cheio de empatia, que n\u00e3o fazia distin\u00e7\u00e3o entre as pessoas, que torcia e se\u00a0<\/span>alegrava<span style=\"font-size: large;\">\u00a0pela vit\u00f3ria de todos.<\/span><\/p>\n<p><span style=\"font-size: large;\">Em seguida, a diretora Eul\u00e1lia convidou os familiares de Tatiana para descerrar a placa de inaugura\u00e7\u00e3o da sala dos professores &#8220;Profa. Tatiana Santana Pelisson\u00a0<\/span>Froio&#8221;,<span style=\"font-size: large;\">\u00a0que eterniza o legado da vice-diretora com a lembran\u00e7a de seu nome na institui\u00e7\u00e3o.<\/span><\/p>\n<p><span style=\"font-size: large;\"><b>Cinquenten\u00e1rio do Col\u00e9gio Anglo-CID<\/b><\/span><\/p>\n<p><span style=\"font-size: large;\">Ao longo de 2022, ser\u00e3o realizadas atividades com os alunos alusivas \u00e0 comemora\u00e7\u00e3o. Criado em 1972, o CID (Col\u00e9gio Integrado de Dracena) surgiu pela necessidade de um col\u00e9gio de aplica\u00e7\u00e3o para os alunos da ent\u00e3o Faculdade de Filosofia, Ci\u00eancias e Letras realizarem seus est\u00e1gios. Em 1982, a ent\u00e3o escola de Primeiro e Segundo Grau de Dracena passa a ser denominada &#8220;Professor Gumercindo Corr\u00eaa de Almeida Moraes&#8221;, conhecida por todos atualmente como Anglo-CID Dracena.<\/span><\/p>\n<p><img loading=\"lazy\" decoding=\"async\" class=\"alignnone size-full wp-image-63757\" src=\"https:\/\/jorgezanoni.com.br\/2019\/wp-content\/uploads\/2022\/05\/anglo.jpg\" alt=\"\" width=\"700\" height=\"394\" srcset=\"https:\/\/jorgezanoni.com.br\/2019\/wp-content\/uploads\/2022\/05\/anglo.jpg 700w, https:\/\/jorgezanoni.com.br\/2019\/wp-content\/uploads\/2022\/05\/anglo-300x169.jpg 300w, https:\/\/jorgezanoni.com.br\/2019\/wp-content\/uploads\/2022\/05\/anglo-696x392.jpg 696w\" sizes=\"auto, (max-width: 700px) 100vw, 700px\" \/> <img loading=\"lazy\" decoding=\"async\" class=\"alignnone size-full wp-image-63759\" src=\"https:\/\/jorgezanoni.com.br\/2019\/wp-content\/uploads\/2022\/05\/anglo2.jpeg\" alt=\"\" width=\"700\" height=\"936\" srcset=\"https:\/\/jorgezanoni.com.br\/2019\/wp-content\/uploads\/2022\/05\/anglo2.jpeg 700w, https:\/\/jorgezanoni.com.br\/2019\/wp-content\/uploads\/2022\/05\/anglo2-224x300.jpeg 224w, https:\/\/jorgezanoni.com.br\/2019\/wp-content\/uploads\/2022\/05\/anglo2-696x931.jpeg 696w, https:\/\/jorgezanoni.com.br\/2019\/wp-content\/uploads\/2022\/05\/anglo2-314x420.jpeg 314w\" sizes=\"auto, (max-width: 700px) 100vw, 700px\" \/> <img loading=\"lazy\" decoding=\"async\" class=\"alignnone size-full wp-image-63760\" src=\"https:\/\/jorgezanoni.com.br\/2019\/wp-content\/uploads\/2022\/05\/anglo3.jpeg\" alt=\"\" width=\"700\" height=\"393\" srcset=\"https:\/\/jorgezanoni.com.br\/2019\/wp-content\/uploads\/2022\/05\/anglo3.jpeg 700w, https:\/\/jorgezanoni.com.br\/2019\/wp-content\/uploads\/2022\/05\/anglo3-300x168.jpeg 300w, https:\/\/jorgezanoni.com.br\/2019\/wp-content\/uploads\/2022\/05\/anglo3-696x391.jpeg 696w\" sizes=\"auto, (max-width: 700px) 100vw, 700px\" \/>Fonte: Depto. Comunica\u00e7\u00e3o Fundec<\/p>\n","protected":false},"excerpt":{"rendered":"<p>No dia 12 de maio, os alunos do Anglo-CID celebraram o cinquenten\u00e1rio do col\u00e9gio. As festividades iniciaram cedo, com bolo e refrigerante servidos a todos durante os intervalos escalonados das aulas. \u00c0s 9h30, as turmas do Ensino Fundamental 1 cantaram parab\u00e9ns, realizaram a soltura de bal\u00f5es biodegrad\u00e1veis no jardim de entrada do col\u00e9gio e prosseguiram [&hellip;]<\/p>\n","protected":false},"author":1,"featured_media":63761,"comment_status":"closed","ping_status":"open","sticky":false,"template":"","format":"standard","meta":{"footnotes":""},"categories":[110,122],"tags":[],"class_list":["post-63755","post","type-post","status-publish","format-standard","has-post-thumbnail","hentry","category-noticiasdestaque","category-saudeeducacaoeconcurso"],"_links":{"self":[{"href":"https:\/\/jorgezanoni.com.br\/2019\/wp-json\/wp\/v2\/posts\/63755","targetHints":{"allow":["GET"]}}],"collection":[{"href":"https:\/\/jorgezanoni.com.br\/2019\/wp-json\/wp\/v2\/posts"}],"about":[{"href":"https:\/\/jorgezanoni.com.br\/2019\/wp-json\/wp\/v2\/types\/post"}],"author":[{"embeddable":true,"href":"https:\/\/jorgezanoni.com.br\/2019\/wp-json\/wp\/v2\/users\/1"}],"replies":[{"embeddable":true,"href":"https:\/\/jorgezanoni.com.br\/2019\/wp-json\/wp\/v2\/comments?post=63755"}],"version-history":[{"count":0,"href":"https:\/\/jorgezanoni.com.br\/2019\/wp-json\/wp\/v2\/posts\/63755\/revisions"}],"wp:featuredmedia":[{"embeddable":true,"href":"https:\/\/jorgezanoni.com.br\/2019\/wp-json\/wp\/v2\/media\/63761"}],"wp:attachment":[{"href":"https:\/\/jorgezanoni.com.br\/2019\/wp-json\/wp\/v2\/media?parent=63755"}],"wp:term":[{"taxonomy":"category","embeddable":true,"href":"https:\/\/jorgezanoni.com.br\/2019\/wp-json\/wp\/v2\/categories?post=63755"},{"taxonomy":"post_tag","embeddable":true,"href":"https:\/\/jorgezanoni.com.br\/2019\/wp-json\/wp\/v2\/tags?post=63755"}],"curies":[{"name":"wp","href":"https:\/\/api.w.org\/{rel}","templated":true}]}}