{"id":63732,"date":"2022-05-17T00:43:45","date_gmt":"2022-05-17T00:43:45","guid":{"rendered":"https:\/\/jorgezanoni.com.br\/2019\/?p=63732"},"modified":"2022-05-17T00:43:45","modified_gmt":"2022-05-17T00:43:45","slug":"alguns-motociclistas-nao-tem-colaborado-com-o-transito-na-cidade","status":"publish","type":"post","link":"https:\/\/jorgezanoni.com.br\/2019\/alguns-motociclistas-nao-tem-colaborado-com-o-transito-na-cidade\/","title":{"rendered":"Alguns Motociclistas n\u00e3o tem colaborado com o tr\u00e2nsito na cidade"},"content":{"rendered":"<p style=\"text-align: justify;\"><strong>A INTEN\u00c7\u00c3O DO SITE JZ, \u00c9 N\u00c3O GENERALIZAR, APENAS PEDIR A COLABORA\u00c7\u00c3O DE CADA CONDUTOR, SEJA DE MOTO OU CARRO, E CLARO AT\u00c9 OS PEDESTRES QUE ATRAVESSAM NAS FAIXAS MANDANDO MENSAGEM NO CELULAR.<\/strong><\/p>\n<p style=\"text-align: justify;\"><strong>H\u00e1 tempos que n\u00e3o se percebe uma fiscaliza\u00e7\u00e3o efetiva no Tr\u00e2nsito de Dracena. Pois tem alguns Motociclistas desrespeitando o espa\u00e7o dos ve\u00edculos.<\/strong><\/p>\n<p style=\"text-align: justify;\">\u00c9 comum andar pelo centro da cidade que j\u00e1 virou um caos o estacionamento para ve\u00edculos, nunca se encontra vagas, e n\u00e3o bastasse isso, ainda que seja uma &#8220;MINORIA&#8221;, \u00e9 f\u00e1cil encontrar em diversos lugares do centro, motociclistas que no af\u00e3 da pressa, acabam parando em frente o local onde precisam ir, tomando o lugar as vezes de at\u00e9 dois ve\u00edculos estacionarem.<\/p>\n<p style=\"text-align: justify;\">O que deixa mais irritado os motoristas, \u00e9 que tem estacionamentos estrat\u00e9gicos para Motos em diversos pontos da cidade, e nem sempre est\u00e3o totalmente ocupados. Al\u00e9m disso existem os mal educados que mesmo vendo que o motorista vai estacionar, param sua moto estacionada irregularmente, e ainda acham ruim quando s\u00e3o questionados.<\/p>\n<p style=\"text-align: justify;\">Se todos colaborarem, com certeza melhora geral. Idosos e Cadeirantes tamb\u00e9m tem seus espa\u00e7os invadidos por motoristas comuns num total desrespeito, lembrando que todos que viverem ficar\u00e3o idosos um dia.<\/p>\n<p style=\"text-align: justify;\">Em tempo, as Avenidas Roosevelt e Vargas virou local de alta velocidade, e tem alguns que est\u00e3o andando com escapamentos abertos, principalmente nos hor\u00e1rios de pico.<\/p>\n<p style=\"text-align: justify;\">Temos Comutra, Conseg, Secretaria de Assuntos Vi\u00e1rios, Pol\u00edcia Militar, enfim diversos \u00f3rg\u00e3os competentes que podem agir.\u00a0A popula\u00e7\u00e3o consciente espera alguma provid\u00eancia.<\/p>\n<p><img loading=\"lazy\" decoding=\"async\" class=\"alignnone size-full wp-image-63736\" src=\"https:\/\/jorgezanoni.com.br\/2019\/wp-content\/uploads\/2022\/05\/Moto1-2-1.jpg\" alt=\"\" width=\"665\" height=\"1182\" srcset=\"https:\/\/jorgezanoni.com.br\/2019\/wp-content\/uploads\/2022\/05\/Moto1-2-1.jpg 665w, https:\/\/jorgezanoni.com.br\/2019\/wp-content\/uploads\/2022\/05\/Moto1-2-1-169x300.jpg 169w, https:\/\/jorgezanoni.com.br\/2019\/wp-content\/uploads\/2022\/05\/Moto1-2-1-576x1024.jpg 576w, https:\/\/jorgezanoni.com.br\/2019\/wp-content\/uploads\/2022\/05\/Moto1-2-1-236x420.jpg 236w\" sizes=\"auto, (max-width: 665px) 100vw, 665px\" \/><\/p>\n<p style=\"text-align: justify;\">Jorge Zanoni<\/p>\n<p>Fotos de Internauta<\/p>\n","protected":false},"excerpt":{"rendered":"<p>A INTEN\u00c7\u00c3O DO SITE JZ, \u00c9 N\u00c3O GENERALIZAR, APENAS PEDIR A COLABORA\u00c7\u00c3O DE CADA CONDUTOR, SEJA DE MOTO OU CARRO, E CLARO AT\u00c9 OS PEDESTRES QUE ATRAVESSAM NAS FAIXAS MANDANDO MENSAGEM NO CELULAR. H\u00e1 tempos que n\u00e3o se percebe uma fiscaliza\u00e7\u00e3o efetiva no Tr\u00e2nsito de Dracena. Pois tem alguns Motociclistas desrespeitando o espa\u00e7o dos ve\u00edculos. [&hellip;]<\/p>\n","protected":false},"author":1,"featured_media":63735,"comment_status":"closed","ping_status":"open","sticky":false,"template":"","format":"standard","meta":{"footnotes":""},"categories":[180,110],"tags":[],"class_list":["post-63732","post","type-post","status-publish","format-standard","has-post-thumbnail","hentry","category-estradastransitoveiculos","category-noticiasdestaque"],"_links":{"self":[{"href":"https:\/\/jorgezanoni.com.br\/2019\/wp-json\/wp\/v2\/posts\/63732","targetHints":{"allow":["GET"]}}],"collection":[{"href":"https:\/\/jorgezanoni.com.br\/2019\/wp-json\/wp\/v2\/posts"}],"about":[{"href":"https:\/\/jorgezanoni.com.br\/2019\/wp-json\/wp\/v2\/types\/post"}],"author":[{"embeddable":true,"href":"https:\/\/jorgezanoni.com.br\/2019\/wp-json\/wp\/v2\/users\/1"}],"replies":[{"embeddable":true,"href":"https:\/\/jorgezanoni.com.br\/2019\/wp-json\/wp\/v2\/comments?post=63732"}],"version-history":[{"count":0,"href":"https:\/\/jorgezanoni.com.br\/2019\/wp-json\/wp\/v2\/posts\/63732\/revisions"}],"wp:featuredmedia":[{"embeddable":true,"href":"https:\/\/jorgezanoni.com.br\/2019\/wp-json\/wp\/v2\/media\/63735"}],"wp:attachment":[{"href":"https:\/\/jorgezanoni.com.br\/2019\/wp-json\/wp\/v2\/media?parent=63732"}],"wp:term":[{"taxonomy":"category","embeddable":true,"href":"https:\/\/jorgezanoni.com.br\/2019\/wp-json\/wp\/v2\/categories?post=63732"},{"taxonomy":"post_tag","embeddable":true,"href":"https:\/\/jorgezanoni.com.br\/2019\/wp-json\/wp\/v2\/tags?post=63732"}],"curies":[{"name":"wp","href":"https:\/\/api.w.org\/{rel}","templated":true}]}}