{"id":63719,"date":"2022-05-16T19:26:01","date_gmt":"2022-05-16T19:26:01","guid":{"rendered":"https:\/\/jorgezanoni.com.br\/2019\/?p=63719"},"modified":"2022-05-16T19:27:06","modified_gmt":"2022-05-16T19:27:06","slug":"quatro-pessoas-acabam-presas-em-junqueiropolis-por-furto-de-melancia","status":"publish","type":"post","link":"https:\/\/jorgezanoni.com.br\/2019\/quatro-pessoas-acabam-presas-em-junqueiropolis-por-furto-de-melancia\/","title":{"rendered":"Quatro pessoas acabam presas em Junqueir\u00f3polis por furto de Melancia"},"content":{"rendered":"<h2 class=\"content-head__subtitle\" style=\"text-align: justify;\"><strong>V\u00edtima viu v\u00e1rias pessoas colocando as frutas em ve\u00edculos na tarde deste domingo (15) e acionou a Pol\u00edcia Militar, que deteve dois homens e duas mulheres.<\/strong><\/h2>\n<div class=\"mc-column content-text active-extra-styles \" style=\"text-align: justify;\" data-block-type=\"unstyled\" data-block-weight=\"37\" data-block-id=\"2\">\n<p class=\"content-text__container \" data-track-category=\"Link no Texto\" data-track-links=\"\">Quatro pessoas foram presas, sendo dois homens e duas mulheres, em\u00a0<a href=\"https:\/\/g1.globo.com\/sp\/presidente-prudente-regiao\/cidade\/junqueiropolis\/\">Junqueir\u00f3polis<\/a>\u00a0(SP), neste domingo (15). Conforme a Pol\u00edcia Militar, o quarteto \u00e9 suspeito de ter furtado melancias em uma fazenda perto da Estrada Vicinal Jos\u00e9 Ciniciato.<\/p>\n<\/div>\n<div class=\"wall protected-content\">\n<div class=\"mc-column content-text active-extra-styles \" style=\"text-align: justify;\" data-block-type=\"unstyled\" data-block-weight=\"45\" data-block-id=\"3\">\n<p class=\"content-text__container \" data-track-category=\"Link no Texto\" data-track-links=\"\">Por volta das 15h10, a equipe da PM foi abordada por um homem, de 45 anos, que relatou que, ao chegar a sua propriedade rural onde h\u00e1 uma planta\u00e7\u00e3o de melancia, viu que havia v\u00e1rias pessoas pegando as frutas e as colocando em cinco ve\u00edculos.<\/p>\n<\/div>\n<div class=\"mc-column content-text active-extra-styles \" data-block-type=\"unstyled\" data-block-weight=\"21\" data-block-id=\"4\">\n<p class=\"content-text__container \" style=\"text-align: justify;\" data-track-category=\"Link no Texto\" data-track-links=\"\">A v\u00edtima falou que ficou com receio de abordar o grupo e decidiu ir at\u00e9 a cidade para acionar a pol\u00edcia.<\/p>\n<div class=\"mc-column content-text active-extra-styles \" style=\"text-align: justify;\" data-block-type=\"unstyled\" data-block-weight=\"26\" data-block-id=\"6\">\n<p class=\"content-text__container \" data-track-category=\"Link no Texto\" data-track-links=\"\">A PM foi at\u00e9 a \u00e1rea rural, onde viu um carro estacionado perto da cerca da fazenda e tamb\u00e9m quatro pessoas colocando as frutas no autom\u00f3vel.<\/p>\n<\/div>\n<div class=\"mc-column content-text active-extra-styles \" style=\"text-align: justify;\" data-block-type=\"unstyled\" data-block-weight=\"23\" data-block-id=\"7\">\n<p class=\"content-text__container \" data-track-category=\"Link no Texto\" data-track-links=\"\">A per\u00edcia foi acionada e verificou que havia 17 melancias, sendo 15 no porta-malas do ve\u00edculo e duas no assoalho do banco traseiro.<\/p>\n<\/div>\n<div class=\"mc-column content-text active-extra-styles \" style=\"text-align: justify;\" data-block-type=\"unstyled\" data-block-weight=\"28\" data-block-id=\"8\">\n<p class=\"content-text__container \" data-track-category=\"Link no Texto\" data-track-links=\"\">Os dois homens, de 38 e 54 anos, e as duas mulheres, de 33 e 47 anos, foram presos em flagrante por furto. Todos s\u00e3o moradores de\u00a0<a href=\"https:\/\/g1.globo.com\/sp\/presidente-prudente-regiao\/cidade\/junqueiropolis\/\">Junqueir\u00f3polis<\/a>.<\/p>\n<\/div>\n<div class=\"mc-column content-text active-extra-styles \" style=\"text-align: justify;\" data-block-type=\"unstyled\" data-block-weight=\"11\" data-block-id=\"9\">\n<p class=\"content-text__container \" data-track-category=\"Link no Texto\" data-track-links=\"\">O carro foi apreendido e as melancias foram devolvidas \u00e0 v\u00edtima.<\/p>\n<\/div>\n<div class=\"mc-column content-text active-extra-styles \" style=\"text-align: justify;\" data-block-type=\"unstyled\" data-block-weight=\"32\" data-block-id=\"10\">\n<p class=\"content-text__container \" data-track-category=\"Link no Texto\" data-track-links=\"\">De acordo com o delegado da Pol\u00edcia Civil que investiga o caso, Eliandro Renato dos Santos, o crime foi enquadrado como furto qualificado, em raz\u00e3o da quantidade de pessoas envolvidas no delito.<\/p>\n<\/div>\n<div class=\"mc-column content-text active-extra-styles \" style=\"text-align: justify;\" data-block-type=\"unstyled\" data-block-weight=\"26\" data-block-id=\"11\">\n<p class=\"content-text__container \" data-track-category=\"Link no Texto\" data-track-links=\"\">Os homens e as mulheres presos foram submetidos \u00e0 audi\u00eancia de cust\u00f3dia na tarde desta segunda-feira (16) e acabaram soltos pela Justi\u00e7a para responder em liberdade.<\/p>\n<\/div>\n<div class=\"mc-column content-text active-extra-styles \" style=\"text-align: justify;\" data-block-type=\"unstyled\" data-block-weight=\"22\" data-block-id=\"12\">\n<p class=\"content-text__container \" data-track-category=\"Link no Texto\" data-track-links=\"\">Ainda segundo o delegado, os suspeitos n\u00e3o quiseram prestar depoimento \u00e0 pol\u00edcia e preferiram se manifestar sobre o caso apenas em ju\u00edzo.<\/p>\n<\/div>\n<div class=\"mc-column content-text active-extra-styles \" style=\"text-align: justify;\" data-block-type=\"unstyled\" data-block-weight=\"16\" data-block-id=\"13\">\n<p class=\"content-text__container \" data-track-category=\"Link no Texto\" data-track-links=\"\">A Pol\u00edcia Civil esclareceu que os quatro envolvidos s\u00e3o dois casais e os homens s\u00e3o irm\u00e3os.<\/p>\n<\/div>\n<div class=\"mc-column content-text active-extra-styles \" data-block-type=\"unstyled\" data-block-weight=\"10\" data-block-id=\"14\">\n<p class=\"content-text__container \" style=\"text-align: justify;\" data-track-category=\"Link no Texto\" data-track-links=\"\">O preju\u00edzo estimado \u00e0 propriedade rural foi de R$ 500.<\/p>\n<p data-track-category=\"Link no Texto\" data-track-links=\"\"><img loading=\"lazy\" decoding=\"async\" class=\"alignnone size-full wp-image-63721\" src=\"https:\/\/jorgezanoni.com.br\/2019\/wp-content\/uploads\/2022\/05\/melancia1.jpg\" alt=\"\" width=\"197\" height=\"158\" \/> <img loading=\"lazy\" decoding=\"async\" class=\"alignnone size-full wp-image-63722\" src=\"https:\/\/jorgezanoni.com.br\/2019\/wp-content\/uploads\/2022\/05\/melancia2.jpg\" alt=\"\" width=\"208\" height=\"162\" \/><\/p>\n<p style=\"text-align: justify;\" data-track-category=\"Link no Texto\" data-track-links=\"\">Fonte: Comunica\u00e7\u00e3o Social Pol\u00edcia Militar e G1<\/p>\n<\/div>\n<\/div>\n<\/div>\n","protected":false},"excerpt":{"rendered":"<p>V\u00edtima viu v\u00e1rias pessoas colocando as frutas em ve\u00edculos na tarde deste domingo (15) e acionou a Pol\u00edcia Militar, que deteve dois homens e duas mulheres. Quatro pessoas foram presas, sendo dois homens e duas mulheres, em\u00a0Junqueir\u00f3polis\u00a0(SP), neste domingo (15). Conforme a Pol\u00edcia Militar, o quarteto \u00e9 suspeito de ter furtado melancias em uma fazenda [&hellip;]<\/p>\n","protected":false},"author":1,"featured_media":63720,"comment_status":"closed","ping_status":"open","sticky":false,"template":"","format":"standard","meta":{"footnotes":""},"categories":[110,2],"tags":[],"class_list":["post-63719","post","type-post","status-publish","format-standard","has-post-thumbnail","hentry","category-noticiasdestaque","category-policial"],"_links":{"self":[{"href":"https:\/\/jorgezanoni.com.br\/2019\/wp-json\/wp\/v2\/posts\/63719","targetHints":{"allow":["GET"]}}],"collection":[{"href":"https:\/\/jorgezanoni.com.br\/2019\/wp-json\/wp\/v2\/posts"}],"about":[{"href":"https:\/\/jorgezanoni.com.br\/2019\/wp-json\/wp\/v2\/types\/post"}],"author":[{"embeddable":true,"href":"https:\/\/jorgezanoni.com.br\/2019\/wp-json\/wp\/v2\/users\/1"}],"replies":[{"embeddable":true,"href":"https:\/\/jorgezanoni.com.br\/2019\/wp-json\/wp\/v2\/comments?post=63719"}],"version-history":[{"count":0,"href":"https:\/\/jorgezanoni.com.br\/2019\/wp-json\/wp\/v2\/posts\/63719\/revisions"}],"wp:featuredmedia":[{"embeddable":true,"href":"https:\/\/jorgezanoni.com.br\/2019\/wp-json\/wp\/v2\/media\/63720"}],"wp:attachment":[{"href":"https:\/\/jorgezanoni.com.br\/2019\/wp-json\/wp\/v2\/media?parent=63719"}],"wp:term":[{"taxonomy":"category","embeddable":true,"href":"https:\/\/jorgezanoni.com.br\/2019\/wp-json\/wp\/v2\/categories?post=63719"},{"taxonomy":"post_tag","embeddable":true,"href":"https:\/\/jorgezanoni.com.br\/2019\/wp-json\/wp\/v2\/tags?post=63719"}],"curies":[{"name":"wp","href":"https:\/\/api.w.org\/{rel}","templated":true}]}}