{"id":6371,"date":"2019-09-15T15:55:17","date_gmt":"2019-09-15T15:55:17","guid":{"rendered":"https:\/\/jorgezanoni.com.br\/2019\/?p=6371"},"modified":"2019-09-15T15:55:17","modified_gmt":"2019-09-15T15:55:17","slug":"amnap-teve-reuniao-na-cidade-de-irapuru-na-ultima-sexta-feira","status":"publish","type":"post","link":"https:\/\/jorgezanoni.com.br\/2019\/amnap-teve-reuniao-na-cidade-de-irapuru-na-ultima-sexta-feira\/","title":{"rendered":"AMNAP teve reuni\u00e3o na cidade de Irapuru na \u00faltima sexta-feira"},"content":{"rendered":"<p style=\"text-align: justify;\">Na tarde da \u00faltima sexta-feira (13), aconteceu em Irapuru a reuni\u00e3o da AMNAP (Associa\u00e7\u00e3o dos Munic\u00edpios da Nova Alta Paulita.<\/p>\n<p><img loading=\"lazy\" decoding=\"async\" class=\"alignnone size-full wp-image-6372\" src=\"https:\/\/jorgezanoni.com.br\/2019\/wp-content\/uploads\/2019\/09\/ame2.jpg\" alt=\"\" width=\"1032\" height=\"581\" srcset=\"https:\/\/jorgezanoni.com.br\/2019\/wp-content\/uploads\/2019\/09\/ame2.jpg 1032w, https:\/\/jorgezanoni.com.br\/2019\/wp-content\/uploads\/2019\/09\/ame2-300x169.jpg 300w, https:\/\/jorgezanoni.com.br\/2019\/wp-content\/uploads\/2019\/09\/ame2-768x432.jpg 768w, https:\/\/jorgezanoni.com.br\/2019\/wp-content\/uploads\/2019\/09\/ame2-1024x576.jpg 1024w, https:\/\/jorgezanoni.com.br\/2019\/wp-content\/uploads\/2019\/09\/ame2-696x392.jpg 696w, https:\/\/jorgezanoni.com.br\/2019\/wp-content\/uploads\/2019\/09\/ame2-746x420.jpg 746w\" sizes=\"auto, (max-width: 1032px) 100vw, 1032px\" \/><\/p>\n<p style=\"text-align: justify;\">Formada por 31 munic\u00edpios, foi apresentado aos(as) Prefeitos(as) por Francisco Torturello que na ocasi\u00e3o representava o Secret\u00e1rio Estadual de Desenvolvimento Regional Marco Vinholi, como ser\u00e3o as a\u00e7\u00f5es que norteiam o governo do Estado de S\u00e3o Paulo, um estado de respeito.<\/p>\n<p><img loading=\"lazy\" decoding=\"async\" class=\"alignnone size-full wp-image-6373\" src=\"https:\/\/jorgezanoni.com.br\/2019\/wp-content\/uploads\/2019\/09\/ame1.jpg\" alt=\"\" width=\"1032\" height=\"581\" srcset=\"https:\/\/jorgezanoni.com.br\/2019\/wp-content\/uploads\/2019\/09\/ame1.jpg 1032w, https:\/\/jorgezanoni.com.br\/2019\/wp-content\/uploads\/2019\/09\/ame1-300x169.jpg 300w, https:\/\/jorgezanoni.com.br\/2019\/wp-content\/uploads\/2019\/09\/ame1-768x432.jpg 768w, https:\/\/jorgezanoni.com.br\/2019\/wp-content\/uploads\/2019\/09\/ame1-1024x576.jpg 1024w, https:\/\/jorgezanoni.com.br\/2019\/wp-content\/uploads\/2019\/09\/ame1-696x392.jpg 696w, https:\/\/jorgezanoni.com.br\/2019\/wp-content\/uploads\/2019\/09\/ame1-746x420.jpg 746w\" sizes=\"auto, (max-width: 1032px) 100vw, 1032px\" \/><\/p>\n<p style=\"text-align: justify;\">Os principais s\u00e3o: Pense grande, Agir rapidamente, Montar boas equipes e valorizar, Comemorar as vit\u00f3rias, Seja \u00e9tico, Se errar corrija, Manter o foco, Disciplina e perseveran\u00e7a, Aten\u00e7\u00e3o aos detalhes, N\u00e3o perder a humildade.<\/p>\n<p style=\"text-align: justify;\">Atrav\u00e9s das parcerias municipais, os munic\u00edpios poder\u00e3o receber b\u00f4nus por \u201c Meritocracia \u201c, em cima de tr\u00eas pilares:<br \/>\n&#8211; Educa\u00e7\u00e3o, Sa\u00fade e Seguran\u00e7a P\u00fablica.<\/p>\n<p style=\"text-align: justify;\">Participar nos programas como cidades inteligentes, novas tecnologias, menos burocracia, mudar o jeito de governar, melhorar a qualidade de servi\u00e7os, \u201cCANAL DIRETO S\u00c3O PAULO + PERTO\u201d, integra\u00e7\u00e3o das Prefeituras com o Estado atrav\u00e9s dos escrit\u00f3rios regionais, aumentando a efetividade, reduzindo custos com S\u00e3o Paulo Sem Papel, financiamento pelos avan\u00e7os tecnol\u00f3gicos.<\/p>\n<p style=\"text-align: justify;\">Entre os Prefeitos(as) Vereadores(as), tamb\u00e9m estiveram presentes os deputados estaduais Ed Tomaz, o Presidente da Frente Parlamentar dos Cons\u00f3rcios Municipais deputado Mauro Bragato (que enalteceram a importante participa\u00e7\u00e3o do Secret\u00e1rio Vinholi em todos os projetos do Governo Doria integrando todos os programas), representante da Associa\u00e7\u00e3o Paulista dos Munic\u00edpios entre outros.<\/p>\n<p style=\"text-align: justify;\">Pauta principal da reuni\u00e3o foi transformar a AMNAP em \u201c CIM &#8211; AMNAP (Cons\u00f3rcio Intermunicipais-AMNAP.<\/p>\n<p style=\"text-align: justify;\">Fonte: Francisco Torturello<\/p>\n","protected":false},"excerpt":{"rendered":"<p>Na tarde da \u00faltima sexta-feira (13), aconteceu em Irapuru a reuni\u00e3o da AMNAP (Associa\u00e7\u00e3o dos Munic\u00edpios da Nova Alta Paulita. Formada por 31 munic\u00edpios, foi apresentado aos(as) Prefeitos(as) por Francisco Torturello que na ocasi\u00e3o representava o Secret\u00e1rio Estadual de Desenvolvimento Regional Marco Vinholi, como ser\u00e3o as a\u00e7\u00f5es que norteiam o governo do Estado de S\u00e3o [&hellip;]<\/p>\n","protected":false},"author":1,"featured_media":6374,"comment_status":"closed","ping_status":"open","sticky":false,"template":"","format":"standard","meta":{"footnotes":""},"categories":[116],"tags":[],"class_list":["post-6371","post","type-post","status-publish","format-standard","has-post-thumbnail","hentry","category-politicaeeconomia"],"_links":{"self":[{"href":"https:\/\/jorgezanoni.com.br\/2019\/wp-json\/wp\/v2\/posts\/6371","targetHints":{"allow":["GET"]}}],"collection":[{"href":"https:\/\/jorgezanoni.com.br\/2019\/wp-json\/wp\/v2\/posts"}],"about":[{"href":"https:\/\/jorgezanoni.com.br\/2019\/wp-json\/wp\/v2\/types\/post"}],"author":[{"embeddable":true,"href":"https:\/\/jorgezanoni.com.br\/2019\/wp-json\/wp\/v2\/users\/1"}],"replies":[{"embeddable":true,"href":"https:\/\/jorgezanoni.com.br\/2019\/wp-json\/wp\/v2\/comments?post=6371"}],"version-history":[{"count":0,"href":"https:\/\/jorgezanoni.com.br\/2019\/wp-json\/wp\/v2\/posts\/6371\/revisions"}],"wp:featuredmedia":[{"embeddable":true,"href":"https:\/\/jorgezanoni.com.br\/2019\/wp-json\/wp\/v2\/media\/6374"}],"wp:attachment":[{"href":"https:\/\/jorgezanoni.com.br\/2019\/wp-json\/wp\/v2\/media?parent=6371"}],"wp:term":[{"taxonomy":"category","embeddable":true,"href":"https:\/\/jorgezanoni.com.br\/2019\/wp-json\/wp\/v2\/categories?post=6371"},{"taxonomy":"post_tag","embeddable":true,"href":"https:\/\/jorgezanoni.com.br\/2019\/wp-json\/wp\/v2\/tags?post=6371"}],"curies":[{"name":"wp","href":"https:\/\/api.w.org\/{rel}","templated":true}]}}