{"id":63552,"date":"2022-05-14T20:04:10","date_gmt":"2022-05-14T20:04:10","guid":{"rendered":"https:\/\/jorgezanoni.com.br\/2019\/?p=63552"},"modified":"2022-05-14T20:04:10","modified_gmt":"2022-05-14T20:04:10","slug":"policia-civil-participa-de-aula-eletiva-sobre-o-tema-vocacao-para-carreira-profissional","status":"publish","type":"post","link":"https:\/\/jorgezanoni.com.br\/2019\/policia-civil-participa-de-aula-eletiva-sobre-o-tema-vocacao-para-carreira-profissional\/","title":{"rendered":"Pol\u00edcia Civil participa de aula eletiva sobre o tema &#8220;Voca\u00e7\u00e3o para carreira Profissional&#8221;"},"content":{"rendered":"<p style=\"text-align: justify;\"><strong>POL\u00cdCIA CIVIL PARTICIPA DE AULA ELETIVA SOBRE O TEMA \u201cVOCA\u00c7\u00c3O PARA CARREIRA PROFISSIONAL\u201d EM ESCOLA DE S\u00c3O JO\u00c3O DO PAU D\u00b4ALHO.<\/strong><\/p>\n<p style=\"text-align: justify;\">O evento foi realizado na Escola Estadual Prof. Salvador Ramos de Moura, dentro do contexto do programa de disciplinas eletivas, que visa preparar os alunos da rede estadual para uma melhor forma\u00e7\u00e3o para a vida.<\/p>\n<p style=\"text-align: justify;\">A Pol\u00edcia Civil, por interm\u00e9dio das Unidades Especializadas &#8211; DIG\/DISE, realizou nesta sexta-feira (13), uma palestra sobre a carreira de policial civil para alunos do 1\u00aa, 2\u00aa e 3\u00aa s\u00e9rie do ensino m\u00e9dio, que participam do programa de disciplinas eletivas, da Escola Estadual Prof. Salvador Ramos de Moura, em S\u00e3o Jo\u00e3o do Pau D\u00b4alho\/SP.<\/p>\n<p style=\"text-align: justify;\">A palestra foi ministrada pela escriv\u00e3 de pol\u00edcia Daniela Nicoletti, que abordou sobre o conceito de Pol\u00edcia Civil e os aspectos das carreiras dos seus integrantes. A escriv\u00e3 discorreu ainda sobre a import\u00e2ncia do respeito e o comprometimento do profissional da \u00e1rea de seguran\u00e7a p\u00fablica, onde a voca\u00e7\u00e3o \u00e9 a base para bom desempenho do trabalho em prol da sociedade.<\/p>\n<p style=\"text-align: justify;\">Ao final da exposi\u00e7\u00e3o do tema, foi aberto um espa\u00e7o para os alunos para perguntas e respostas. E a dire\u00e7\u00e3o da escola agradeceu a colabora\u00e7\u00e3o da Pol\u00edcia Civil, que muito contribuiu para as futuras escolhas profissionais dos estudantes baseando na voca\u00e7\u00e3o de cada um.<\/p>\n<p><img loading=\"lazy\" decoding=\"async\" class=\"alignnone size-full wp-image-63554\" src=\"https:\/\/jorgezanoni.com.br\/2019\/wp-content\/uploads\/2022\/05\/pau1.jpg\" alt=\"\" width=\"700\" height=\"525\" srcset=\"https:\/\/jorgezanoni.com.br\/2019\/wp-content\/uploads\/2022\/05\/pau1.jpg 700w, https:\/\/jorgezanoni.com.br\/2019\/wp-content\/uploads\/2022\/05\/pau1-300x225.jpg 300w, https:\/\/jorgezanoni.com.br\/2019\/wp-content\/uploads\/2022\/05\/pau1-80x60.jpg 80w, https:\/\/jorgezanoni.com.br\/2019\/wp-content\/uploads\/2022\/05\/pau1-265x198.jpg 265w, https:\/\/jorgezanoni.com.br\/2019\/wp-content\/uploads\/2022\/05\/pau1-696x522.jpg 696w, https:\/\/jorgezanoni.com.br\/2019\/wp-content\/uploads\/2022\/05\/pau1-560x420.jpg 560w\" sizes=\"auto, (max-width: 700px) 100vw, 700px\" \/> <img loading=\"lazy\" decoding=\"async\" class=\"alignnone size-full wp-image-63555\" src=\"https:\/\/jorgezanoni.com.br\/2019\/wp-content\/uploads\/2022\/05\/pau2.jpg\" alt=\"\" width=\"700\" height=\"525\" srcset=\"https:\/\/jorgezanoni.com.br\/2019\/wp-content\/uploads\/2022\/05\/pau2.jpg 700w, https:\/\/jorgezanoni.com.br\/2019\/wp-content\/uploads\/2022\/05\/pau2-300x225.jpg 300w, https:\/\/jorgezanoni.com.br\/2019\/wp-content\/uploads\/2022\/05\/pau2-80x60.jpg 80w, https:\/\/jorgezanoni.com.br\/2019\/wp-content\/uploads\/2022\/05\/pau2-265x198.jpg 265w, https:\/\/jorgezanoni.com.br\/2019\/wp-content\/uploads\/2022\/05\/pau2-696x522.jpg 696w, https:\/\/jorgezanoni.com.br\/2019\/wp-content\/uploads\/2022\/05\/pau2-560x420.jpg 560w\" sizes=\"auto, (max-width: 700px) 100vw, 700px\" \/><\/p>\n<p style=\"text-align: justify;\">Fonte Com. Social Pol\u00edcia Civil<\/p>\n","protected":false},"excerpt":{"rendered":"<p>POL\u00cdCIA CIVIL PARTICIPA DE AULA ELETIVA SOBRE O TEMA \u201cVOCA\u00c7\u00c3O PARA CARREIRA PROFISSIONAL\u201d EM ESCOLA DE S\u00c3O JO\u00c3O DO PAU D\u00b4ALHO. O evento foi realizado na Escola Estadual Prof. Salvador Ramos de Moura, dentro do contexto do programa de disciplinas eletivas, que visa preparar os alunos da rede estadual para uma melhor forma\u00e7\u00e3o para a [&hellip;]<\/p>\n","protected":false},"author":1,"featured_media":63553,"comment_status":"closed","ping_status":"open","sticky":false,"template":"","format":"standard","meta":{"footnotes":""},"categories":[110,2],"tags":[],"class_list":["post-63552","post","type-post","status-publish","format-standard","has-post-thumbnail","hentry","category-noticiasdestaque","category-policial"],"_links":{"self":[{"href":"https:\/\/jorgezanoni.com.br\/2019\/wp-json\/wp\/v2\/posts\/63552","targetHints":{"allow":["GET"]}}],"collection":[{"href":"https:\/\/jorgezanoni.com.br\/2019\/wp-json\/wp\/v2\/posts"}],"about":[{"href":"https:\/\/jorgezanoni.com.br\/2019\/wp-json\/wp\/v2\/types\/post"}],"author":[{"embeddable":true,"href":"https:\/\/jorgezanoni.com.br\/2019\/wp-json\/wp\/v2\/users\/1"}],"replies":[{"embeddable":true,"href":"https:\/\/jorgezanoni.com.br\/2019\/wp-json\/wp\/v2\/comments?post=63552"}],"version-history":[{"count":0,"href":"https:\/\/jorgezanoni.com.br\/2019\/wp-json\/wp\/v2\/posts\/63552\/revisions"}],"wp:featuredmedia":[{"embeddable":true,"href":"https:\/\/jorgezanoni.com.br\/2019\/wp-json\/wp\/v2\/media\/63553"}],"wp:attachment":[{"href":"https:\/\/jorgezanoni.com.br\/2019\/wp-json\/wp\/v2\/media?parent=63552"}],"wp:term":[{"taxonomy":"category","embeddable":true,"href":"https:\/\/jorgezanoni.com.br\/2019\/wp-json\/wp\/v2\/categories?post=63552"},{"taxonomy":"post_tag","embeddable":true,"href":"https:\/\/jorgezanoni.com.br\/2019\/wp-json\/wp\/v2\/tags?post=63552"}],"curies":[{"name":"wp","href":"https:\/\/api.w.org\/{rel}","templated":true}]}}