{"id":63530,"date":"2022-05-14T16:43:23","date_gmt":"2022-05-14T16:43:23","guid":{"rendered":"https:\/\/jorgezanoni.com.br\/2019\/?p=63530"},"modified":"2022-05-14T16:43:23","modified_gmt":"2022-05-14T16:43:23","slug":"grave-acidente-em-penapolis-tira-a-vida-de-morador-de-dracena","status":"publish","type":"post","link":"https:\/\/jorgezanoni.com.br\/2019\/grave-acidente-em-penapolis-tira-a-vida-de-morador-de-dracena\/","title":{"rendered":"Grave acidente em Pen\u00e1polis tira a vida de morador de Dracena"},"content":{"rendered":"<p style=\"text-align: justify;\">O dracenense Eduardo Mathias Duarte, de 69 anos,\u00a0 morreu em uma colis\u00e3o lateral nesta sexta-feira (13), no come\u00e7o da noite, na Rodovia Assis Chateaubriand (SP-425) em Pen\u00e1polis.<img loading=\"lazy\" decoding=\"async\" class=\"wp-image-54489 alignright jetpack-lazy-image jetpack-lazy-image--handled\" src=\"https:\/\/i0.wp.com\/ifolharegional.com.br\/wp-content\/uploads\/2022\/05\/WhatsApp-Image-2022-05-14-at-08.25.25.jpeg?resize=276%2C467&amp;ssl=1\" sizes=\"auto, (max-width: 276px) 100vw, 276px\" srcset=\"https:\/\/i0.wp.com\/ifolharegional.com.br\/wp-content\/uploads\/2022\/05\/WhatsApp-Image-2022-05-14-at-08.25.25.jpeg?w=507&amp;ssl=1 507w, https:\/\/i0.wp.com\/ifolharegional.com.br\/wp-content\/uploads\/2022\/05\/WhatsApp-Image-2022-05-14-at-08.25.25.jpeg?resize=177%2C300&amp;ssl=1 177w\" alt=\"\" width=\"276\" height=\"467\" data-attachment-id=\"54489\" data-permalink=\"https:\/\/ifolharegional.com.br\/2022\/05\/14\/grave-acidente-em-penapolis-tira-a-vida-de-morador-da-regiao\/whatsapp-image-2022-05-14-at-08-25-25\/\" data-orig-file=\"https:\/\/i0.wp.com\/ifolharegional.com.br\/wp-content\/uploads\/2022\/05\/WhatsApp-Image-2022-05-14-at-08.25.25.jpeg?fit=507%2C857&amp;ssl=1\" data-orig-size=\"507,857\" data-comments-opened=\"0\" data-image-meta=\"{&quot;aperture&quot;:&quot;0&quot;,&quot;credit&quot;:&quot;&quot;,&quot;camera&quot;:&quot;&quot;,&quot;caption&quot;:&quot;&quot;,&quot;created_timestamp&quot;:&quot;0&quot;,&quot;copyright&quot;:&quot;&quot;,&quot;focal_length&quot;:&quot;0&quot;,&quot;iso&quot;:&quot;0&quot;,&quot;shutter_speed&quot;:&quot;0&quot;,&quot;title&quot;:&quot;&quot;,&quot;orientation&quot;:&quot;0&quot;}\" data-image-title=\"WhatsApp Image 2022-05-14 at 08.25.25\" data-image-description=\"\" data-image-caption=\"\" data-medium-file=\"https:\/\/i0.wp.com\/ifolharegional.com.br\/wp-content\/uploads\/2022\/05\/WhatsApp-Image-2022-05-14-at-08.25.25.jpeg?fit=177%2C300&amp;ssl=1\" data-large-file=\"https:\/\/i0.wp.com\/ifolharegional.com.br\/wp-content\/uploads\/2022\/05\/WhatsApp-Image-2022-05-14-at-08.25.25.jpeg?fit=507%2C857&amp;ssl=1\" data-recalc-dims=\"1\" data-lazy-loaded=\"1\" \/><\/p>\n<p style=\"text-align: justify;\">Segundo informa\u00e7\u00f5es divulgadas pelo \u201cPen\u00e1polis Agora\u201d, se envolveram neste acidente o Gol, prata, ano 2014, dirigido por Eduardo e um Ford KA, com placas de Belo Horizonte, MG, cujo motorista tem 36 anos.<\/p>\n<p style=\"text-align: justify;\">O morador de Dracena tinha como passageira a esposa dele, E.S.D. de 54 anos, que foi socorrida ao Pronto Socorro de Pen\u00e1polis.<\/p>\n<p style=\"text-align: justify;\">Na batida, os dois ve\u00edculos capotaram na pista e o Ford KA ficou com as rodas para cima. O autom\u00f3vel de Eduardo ficou com a lateral destru\u00edda.<\/p>\n<p style=\"text-align: justify;\">As causas do acidente ser\u00e3o apuradas em um inqu\u00e9rito instaurado pela Pol\u00edcia Civil.<\/p>\n<p>A empresa funer\u00e1ria Vida Prev de Dracena informou sobre o falecimento de Eduardo. Seu corpo ser\u00e1 velado a partir das 14h30 no memorial e sepultado \u00e0s 16h no Cemit\u00e9rio Municipal.<\/p>\n<p style=\"text-align: justify;\">Eduardo Mathias Duarte era irm\u00e3o de Luis Carlos Mathias Duarte, popularmente conhecido como \u201cLu\u201d e morador em Fl\u00f3rida Paulista.<\/p>\n<p style=\"text-align: justify;\">Aos familiares e amigos em luto, os votos de pesar do Grupo Folha Regional \u2013 (Jornal TV e Site) e do Site Jorge Zanoni.<\/p>\n<div class=\"mvp-author-info-date left relative\" style=\"text-align: justify;\">Fonte e foto: Pen\u00e1polis Agora<\/div>\n<div><\/div>\n<div><img loading=\"lazy\" decoding=\"async\" class=\"alignnone size-full wp-image-63531\" src=\"https:\/\/jorgezanoni.com.br\/2019\/wp-content\/uploads\/2022\/05\/Vida.jpg\" alt=\"\" width=\"1280\" height=\"1279\" srcset=\"https:\/\/jorgezanoni.com.br\/2019\/wp-content\/uploads\/2022\/05\/Vida.jpg 1280w, https:\/\/jorgezanoni.com.br\/2019\/wp-content\/uploads\/2022\/05\/Vida-300x300.jpg 300w, https:\/\/jorgezanoni.com.br\/2019\/wp-content\/uploads\/2022\/05\/Vida-1024x1024.jpg 1024w, https:\/\/jorgezanoni.com.br\/2019\/wp-content\/uploads\/2022\/05\/Vida-150x150.jpg 150w, https:\/\/jorgezanoni.com.br\/2019\/wp-content\/uploads\/2022\/05\/Vida-768x767.jpg 768w, https:\/\/jorgezanoni.com.br\/2019\/wp-content\/uploads\/2022\/05\/Vida-696x695.jpg 696w, https:\/\/jorgezanoni.com.br\/2019\/wp-content\/uploads\/2022\/05\/Vida-1068x1067.jpg 1068w, https:\/\/jorgezanoni.com.br\/2019\/wp-content\/uploads\/2022\/05\/Vida-420x420.jpg 420w\" sizes=\"auto, (max-width: 1280px) 100vw, 1280px\" \/><\/div>\n","protected":false},"excerpt":{"rendered":"<p>O dracenense Eduardo Mathias Duarte, de 69 anos,\u00a0 morreu em uma colis\u00e3o lateral nesta sexta-feira (13), no come\u00e7o da noite, na Rodovia Assis Chateaubriand (SP-425) em Pen\u00e1polis. Segundo informa\u00e7\u00f5es divulgadas pelo \u201cPen\u00e1polis Agora\u201d, se envolveram neste acidente o Gol, prata, ano 2014, dirigido por Eduardo e um Ford KA, com placas de Belo Horizonte, MG, [&hellip;]<\/p>\n","protected":false},"author":1,"featured_media":63532,"comment_status":"closed","ping_status":"open","sticky":false,"template":"","format":"standard","meta":{"footnotes":""},"categories":[170,110],"tags":[],"class_list":["post-63530","post","type-post","status-publish","format-standard","has-post-thumbnail","hentry","category-acidentes","category-noticiasdestaque"],"_links":{"self":[{"href":"https:\/\/jorgezanoni.com.br\/2019\/wp-json\/wp\/v2\/posts\/63530","targetHints":{"allow":["GET"]}}],"collection":[{"href":"https:\/\/jorgezanoni.com.br\/2019\/wp-json\/wp\/v2\/posts"}],"about":[{"href":"https:\/\/jorgezanoni.com.br\/2019\/wp-json\/wp\/v2\/types\/post"}],"author":[{"embeddable":true,"href":"https:\/\/jorgezanoni.com.br\/2019\/wp-json\/wp\/v2\/users\/1"}],"replies":[{"embeddable":true,"href":"https:\/\/jorgezanoni.com.br\/2019\/wp-json\/wp\/v2\/comments?post=63530"}],"version-history":[{"count":0,"href":"https:\/\/jorgezanoni.com.br\/2019\/wp-json\/wp\/v2\/posts\/63530\/revisions"}],"wp:featuredmedia":[{"embeddable":true,"href":"https:\/\/jorgezanoni.com.br\/2019\/wp-json\/wp\/v2\/media\/63532"}],"wp:attachment":[{"href":"https:\/\/jorgezanoni.com.br\/2019\/wp-json\/wp\/v2\/media?parent=63530"}],"wp:term":[{"taxonomy":"category","embeddable":true,"href":"https:\/\/jorgezanoni.com.br\/2019\/wp-json\/wp\/v2\/categories?post=63530"},{"taxonomy":"post_tag","embeddable":true,"href":"https:\/\/jorgezanoni.com.br\/2019\/wp-json\/wp\/v2\/tags?post=63530"}],"curies":[{"name":"wp","href":"https:\/\/api.w.org\/{rel}","templated":true}]}}