{"id":63525,"date":"2022-05-13T13:38:48","date_gmt":"2022-05-13T13:38:48","guid":{"rendered":"https:\/\/jorgezanoni.com.br\/2019\/?p=63525"},"modified":"2022-05-13T13:38:48","modified_gmt":"2022-05-13T13:38:48","slug":"comunidade-catolica-comemora-hoje-o-dia-de-nossa-senhora-de-fatima","status":"publish","type":"post","link":"https:\/\/jorgezanoni.com.br\/2019\/comunidade-catolica-comemora-hoje-o-dia-de-nossa-senhora-de-fatima\/","title":{"rendered":"Comunidade Cat\u00f3lica comemora hoje o Dia de Nossa Senhora de F\u00e1tima"},"content":{"rendered":"<p style=\"text-align: justify;\"><b>Nossa Senhora de F\u00e1tima<\/b>\u00a0ou, formalmente,\u00a0<b>Nossa Senhora do Ros\u00e1rio de F\u00e1tima<\/b>, \u00e9 uma das\u00a0<a title=\"T\u00edtulos de Maria\" href=\"https:\/\/pt.wikipedia.org\/wiki\/T%C3%ADtulos_de_Maria\">invoca\u00e7\u00f5es<\/a>\u00a0atribu\u00eddas \u00e0\u00a0<a title=\"Maria (m\u00e3e de Jesus)\" href=\"https:\/\/pt.wikipedia.org\/wiki\/Maria_(m%C3%A3e_de_Jesus)\">Virgem Maria<\/a>\u00a0e que teve a sua origem nas\u00a0<a title=\"Apari\u00e7\u00f5es de F\u00e1tima\" href=\"https:\/\/pt.wikipedia.org\/wiki\/Apari%C3%A7%C3%B5es_de_F%C3%A1tima\">apari\u00e7\u00f5es<\/a>\u00a0recebidas por tr\u00eas pastorinhos no lugar da\u00a0<a title=\"Cova da Iria\" href=\"https:\/\/pt.wikipedia.org\/wiki\/Cova_da_Iria\">Cova da Iria<\/a>, em\u00a0<a title=\"F\u00e1tima\" href=\"https:\/\/pt.wikipedia.org\/wiki\/F%C3%A1tima\">F\u00e1tima<\/a>,\u00a0<a title=\"Portugal\" href=\"https:\/\/pt.wikipedia.org\/wiki\/Portugal\">Portugal<\/a>.<\/p>\n<p style=\"text-align: justify;\">De acordo com os testemunhos das tr\u00eas crian\u00e7as videntes, a primeira apari\u00e7\u00e3o ter\u00e1 ocorrido no dia\u00a0<a title=\"13 de maio\" href=\"https:\/\/pt.wikipedia.org\/wiki\/13_de_maio\">13 de maio<\/a>\u00a0de\u00a0<a title=\"1917\" href=\"https:\/\/pt.wikipedia.org\/wiki\/1917\">1917<\/a>\u00a0ao meio-dia, repetindo-se durante os seis meses seguintes sempre no dia 13 e \u00e0 mesma hora (excetuando-se o m\u00eas de agosto, em que ocorreu a dia 19), at\u00e9\u00a0<a title=\"13 de outubro\" href=\"https:\/\/pt.wikipedia.org\/wiki\/13_de_outubro\">13 de outubro<\/a>\u00a0de\u00a0<a title=\"1917\" href=\"https:\/\/pt.wikipedia.org\/wiki\/1917\">1917<\/a>.<\/p>\n<p style=\"text-align: justify;\">Na \u00faltima\u00a0<a title=\"Apari\u00e7\u00f5es marianas\" href=\"https:\/\/pt.wikipedia.org\/wiki\/Apari%C3%A7%C3%B5es_marianas\">apari\u00e7\u00e3o<\/a>, identificou-se como sendo &#8220;a\u00a0<a title=\"Nossa Senhora do Ros\u00e1rio\" href=\"https:\/\/pt.wikipedia.org\/wiki\/Nossa_Senhora_do_Ros%C3%A1rio\">Senhora do Ros\u00e1rio<\/a>&#8220;, tendo sido, por esse motivo, feita eclesiasticamente a combina\u00e7\u00e3o dos seus dois t\u00edtulos e que deu origem a\u00a0<i>Nossa Senhora do Ros\u00e1rio de F\u00e1tima<\/i>. Segundo os relatos dos videntes, a mensagem que a apari\u00e7\u00e3o apresentou em F\u00e1tima foi um insistente apelo \u00e0\u00a0<a title=\"Convers\u00e3o (religi\u00e3o)\" href=\"https:\/\/pt.wikipedia.org\/wiki\/Convers%C3%A3o_(religi%C3%A3o)\">convers\u00e3o<\/a>, \u00e0\u00a0<a title=\"Penit\u00eancia\" href=\"https:\/\/pt.wikipedia.org\/wiki\/Penit%C3%AAncia\">penit\u00eancia<\/a>\u00a0e \u00e0\u00a0<a title=\"Ora\u00e7\u00e3o\" href=\"https:\/\/pt.wikipedia.org\/wiki\/Ora%C3%A7%C3%A3o\">ora\u00e7\u00e3o<\/a>, nomeadamente a ora\u00e7\u00e3o do\u00a0<a title=\"Ros\u00e1rio (catolicismo)\" href=\"https:\/\/pt.wikipedia.org\/wiki\/Ros%C3%A1rio_(catolicismo)\">Ros\u00e1rio<\/a>.<\/p>\n<p style=\"text-align: justify;\">O seu principal local de devo\u00e7\u00e3o \u00e9 o pr\u00f3prio\u00a0<a title=\"Santu\u00e1rio de F\u00e1tima\" href=\"https:\/\/pt.wikipedia.org\/wiki\/Santu%C3%A1rio_de_F%C3%A1tima\">Santu\u00e1rio de F\u00e1tima<\/a>, situado na\u00a0<a title=\"Freguesia\" href=\"https:\/\/pt.wikipedia.org\/wiki\/Freguesia\">freguesia<\/a>\u00a0e cidade\u00a0<a title=\"F\u00e1tima\" href=\"https:\/\/pt.wikipedia.org\/wiki\/F%C3%A1tima\">hom\u00f3nima<\/a>, no concelho de\u00a0<a title=\"Our\u00e9m (Portugal)\" href=\"https:\/\/pt.wikipedia.org\/wiki\/Our%C3%A9m_(Portugal)\">Our\u00e9m<\/a>, em\u00a0<a title=\"Portugal\" href=\"https:\/\/pt.wikipedia.org\/wiki\/Portugal\">Portugal<\/a>.<\/p>\n<h2 style=\"text-align: justify;\"><span id=\"Hist\u00f3ria_das_apari\u00e7\u00f5es\" class=\"mw-headline\">Hist\u00f3ria das apari\u00e7\u00f5es<\/span><\/h2>\n<h2 style=\"text-align: justify;\"><a class=\"image\" style=\"font-family: Verdana, Geneva, sans-serif; font-size: 15px;\" href=\"https:\/\/pt.wikipedia.org\/wiki\/Ficheiro:ChildrensofFatima.jpg\"><img loading=\"lazy\" decoding=\"async\" class=\"thumbimage\" src=\"https:\/\/upload.wikimedia.org\/wikipedia\/commons\/thumb\/c\/c9\/ChildrensofFatima.jpg\/200px-ChildrensofFatima.jpg\" srcset=\"\/\/upload.wikimedia.org\/wikipedia\/commons\/thumb\/c\/c9\/ChildrensofFatima.jpg\/300px-ChildrensofFatima.jpg 1.5x, \/\/upload.wikimedia.org\/wikipedia\/commons\/thumb\/c\/c9\/ChildrensofFatima.jpg\/400px-ChildrensofFatima.jpg 2x\" alt=\"\" width=\"200\" height=\"320\" data-file-width=\"886\" data-file-height=\"1417\" \/><\/a><\/h2>\n<div class=\"thumb tleft\" style=\"text-align: justify;\">\n<div class=\"thumbinner\">\n<div class=\"thumbcaption\">\n<div class=\"magnify\"><\/div>\n<p>Os tr\u00eas\u00a0<a title=\"Pastorinhos de F\u00e1tima\" href=\"https:\/\/pt.wikipedia.org\/wiki\/Pastorinhos_de_F%C3%A1tima\">pastorinhos de F\u00e1tima<\/a>:\u00a0<a title=\"L\u00facia dos Santos\" href=\"https:\/\/pt.wikipedia.org\/wiki\/L%C3%BAcia_dos_Santos\">L\u00facia<\/a>,\u00a0<a title=\"Francisco Marto\" href=\"https:\/\/pt.wikipedia.org\/wiki\/Francisco_Marto\">Francisco<\/a>\u00a0e\u00a0<a title=\"Jacinta Marto\" href=\"https:\/\/pt.wikipedia.org\/wiki\/Jacinta_Marto\">Jacinta<\/a>.<\/p>\n<\/div>\n<\/div>\n<\/div>\n<p style=\"text-align: justify;\">Em\u00a0<a title=\"1917\" href=\"https:\/\/pt.wikipedia.org\/wiki\/1917\">1917<\/a>, o ano da\u00a0<a title=\"Revolu\u00e7\u00e3o Russa de 1917\" href=\"https:\/\/pt.wikipedia.org\/wiki\/Revolu%C3%A7%C3%A3o_Russa_de_1917\">Revolu\u00e7\u00e3o Sovi\u00e9tica<\/a>,\u00a0<a title=\"L\u00facia dos Santos\" href=\"https:\/\/pt.wikipedia.org\/wiki\/L%C3%BAcia_dos_Santos\">L\u00facia dos Santos<\/a>\u00a0e os seus primos\u00a0<a title=\"Francisco Marto\" href=\"https:\/\/pt.wikipedia.org\/wiki\/Francisco_Marto\">Francisco<\/a>\u00a0e\u00a0<a title=\"Jacinta Marto\" href=\"https:\/\/pt.wikipedia.org\/wiki\/Jacinta_Marto\">Jacinta Marto<\/a>, popularmente chamados de &#8220;<a title=\"Pastorinhos de F\u00e1tima\" href=\"https:\/\/pt.wikipedia.org\/wiki\/Pastorinhos_de_F%C3%A1tima\">Os Tr\u00eas Pastorinhos<\/a>&#8220;, afirmaram ter presenciado\u00a0<a title=\"Apari\u00e7\u00f5es de F\u00e1tima\" href=\"https:\/\/pt.wikipedia.org\/wiki\/Apari%C3%A7%C3%B5es_de_F%C3%A1tima\">seis apari\u00e7\u00f5es de Nossa Senhora<\/a>\u00a0no lugar da\u00a0<a title=\"Cova da Iria\" href=\"https:\/\/pt.wikipedia.org\/wiki\/Cova_da_Iria\">Cova da Iria<\/a>, em\u00a0<a title=\"F\u00e1tima\" href=\"https:\/\/pt.wikipedia.org\/wiki\/F%C3%A1tima\">F\u00e1tima<\/a>, nos dias 13 de maio, 13 de junho, 13 de julho, 13 de setembro e 13 de outubro, tendo, no m\u00eas de agosto desse ano, a\u00a0<a title=\"Apari\u00e7\u00f5es marianas\" href=\"https:\/\/pt.wikipedia.org\/wiki\/Apari%C3%A7%C3%B5es_marianas\">apari\u00e7\u00e3o mariana<\/a>\u00a0ocorrido excecionalmente no dia 19 e no lugar dos\u00a0<a title=\"Valinhos (F\u00e1tima)\" href=\"https:\/\/pt.wikipedia.org\/wiki\/Valinhos_(F%C3%A1tima)\">Valinhos<\/a>, tamb\u00e9m da freguesia de\u00a0<a title=\"F\u00e1tima\" href=\"https:\/\/pt.wikipedia.org\/wiki\/F%C3%A1tima\">F\u00e1tima<\/a>.<\/p>\n<p style=\"text-align: justify;\">J\u00e1 no ano anterior, em\u00a0<a title=\"1916\" href=\"https:\/\/pt.wikipedia.org\/wiki\/1916\">1916<\/a>, no lugar dos\u00a0<a title=\"Valinhos (F\u00e1tima)\" href=\"https:\/\/pt.wikipedia.org\/wiki\/Valinhos_(F%C3%A1tima)\">Valinhos<\/a>, as tr\u00eas crian\u00e7as afirmaram ter recebido tr\u00eas apari\u00e7\u00f5es de um anjo, o qual se apresentou como sendo o\u00a0<a title=\"Anjo de Portugal\" href=\"https:\/\/pt.wikipedia.org\/wiki\/Anjo_de_Portugal\">Anjo da Paz, ou Anjo de Portugal<\/a>. Duas das apari\u00e7\u00f5es do anjo ocorreram na\u00a0<i>Loca do Cabe\u00e7o<\/i>\u00a0nos Valinhos, e outra decorreu junto do\u00a0<i>Po\u00e7o do Arneiro<\/i>, na Casa de L\u00facia, em\u00a0<a title=\"Aljustrel (F\u00e1tima)\" href=\"https:\/\/pt.wikipedia.org\/wiki\/Aljustrel_(F%C3%A1tima)\">Aljustrel<\/a>.<\/p>\n<p style=\"text-align: justify;\">Segundo relatos posteriores aos acontecimentos, por volta do meio-dia, depois de rezarem o ter\u00e7o, as crian\u00e7as teriam visto uma luz brilhante; julgando ser um rel\u00e2mpago, decidiram ir-se embora do lugar onde apascentavam as ovelhas, mas, logo depois, outro clar\u00e3o teria iluminado o espa\u00e7o. Nessa altura, teriam visto, em cima de uma pequena\u00a0<a title=\"Azinheira\" href=\"https:\/\/pt.wikipedia.org\/wiki\/Azinheira\">azinheira<\/a>\u00a0\u2013 onde agora se encontra a\u00a0<a title=\"Capelinha das Apari\u00e7\u00f5es\" href=\"https:\/\/pt.wikipedia.org\/wiki\/Capelinha_das_Apari%C3%A7%C3%B5es\">Capelinha das Apari\u00e7\u00f5es<\/a>\u00a0\u2013, uma\u00a0<i>&#8220;Senhora mais brilhante que o sol&#8221;<\/i>.<\/p>\n<div class=\"thumb tright\" style=\"text-align: justify;\">\n<div class=\"thumbinner\">\n<p><a class=\"image\" href=\"https:\/\/pt.wikipedia.org\/wiki\/Ficheiro:AnjodePortugal.jpg\"><img loading=\"lazy\" decoding=\"async\" class=\"thumbimage\" src=\"https:\/\/upload.wikimedia.org\/wikipedia\/commons\/thumb\/e\/ec\/AnjodePortugal.jpg\/220px-AnjodePortugal.jpg\" srcset=\"\/\/upload.wikimedia.org\/wikipedia\/commons\/thumb\/e\/ec\/AnjodePortugal.jpg\/330px-AnjodePortugal.jpg 1.5x, \/\/upload.wikimedia.org\/wikipedia\/commons\/thumb\/e\/ec\/AnjodePortugal.jpg\/440px-AnjodePortugal.jpg 2x\" alt=\"\" width=\"220\" height=\"165\" data-file-width=\"2048\" data-file-height=\"1536\" \/><\/a><\/p>\n<div class=\"thumbcaption\">\n<div class=\"magnify\"><\/div>\n<p>Monumento dedicado \u00e0 apari\u00e7\u00e3o do\u00a0<a title=\"Anjo de Portugal\" href=\"https:\/\/pt.wikipedia.org\/wiki\/Anjo_de_Portugal\">Anjo da Paz<\/a>\u00a0aos\u00a0<a title=\"Pastorinhos de F\u00e1tima\" href=\"https:\/\/pt.wikipedia.org\/wiki\/Pastorinhos_de_F%C3%A1tima\">tr\u00eas pastorinhos<\/a>.<\/p>\n<\/div>\n<\/div>\n<\/div>\n<div class=\"thumb tright\" style=\"text-align: justify;\">\n<div class=\"thumbinner\">\n<p><a class=\"image\" href=\"https:\/\/pt.wikipedia.org\/wiki\/Ficheiro:Calv%C3%A1ro_Hungaro_Fatima_0593_(18588992344).jpg\"><img loading=\"lazy\" decoding=\"async\" class=\"thumbimage\" src=\"https:\/\/upload.wikimedia.org\/wikipedia\/commons\/thumb\/0\/0c\/Calv%C3%A1ro_Hungaro_Fatima_0593_%2818588992344%29.jpg\/220px-Calv%C3%A1ro_Hungaro_Fatima_0593_%2818588992344%29.jpg\" srcset=\"\/\/upload.wikimedia.org\/wikipedia\/commons\/thumb\/0\/0c\/Calv%C3%A1ro_Hungaro_Fatima_0593_%2818588992344%29.jpg\/330px-Calv%C3%A1ro_Hungaro_Fatima_0593_%2818588992344%29.jpg 1.5x, \/\/upload.wikimedia.org\/wikipedia\/commons\/thumb\/0\/0c\/Calv%C3%A1ro_Hungaro_Fatima_0593_%2818588992344%29.jpg\/440px-Calv%C3%A1ro_Hungaro_Fatima_0593_%2818588992344%29.jpg 2x\" alt=\"\" width=\"220\" height=\"148\" data-file-width=\"1163\" data-file-height=\"782\" \/><\/a><\/p>\n<div class=\"thumbcaption\">\n<div class=\"magnify\"><\/div>\n<p><a title=\"Valinhos (F\u00e1tima)\" href=\"https:\/\/pt.wikipedia.org\/wiki\/Valinhos_(F%C3%A1tima)\">Valinhos (F\u00e1tima)<\/a>, local da quarta apari\u00e7\u00e3o de Nossa Senhora.<\/p>\n<\/div>\n<\/div>\n<\/div>\n<p style=\"text-align: justify;\">Segundo os testemunhos recolhidos na \u00e9poca, a Senhora disse \u00e0s tr\u00eas crian\u00e7as que era necess\u00e1rio que rezassem muito e que aprendessem a ler. Convidou-as a voltarem ao mesmo lugar, na\u00a0<a title=\"Cova da Iria\" href=\"https:\/\/pt.wikipedia.org\/wiki\/Cova_da_Iria\">Cova da Iria<\/a>, no dia 13 dos cinco meses seguintes, sempre \u00e0 mesma hora. As tr\u00eas crian\u00e7as assistiram, ent\u00e3o, a mais apari\u00e7\u00f5es no mesmo local a 13 de junho, 13 de julho, 13 de setembro e 13 de outubro. Em agosto, a apari\u00e7\u00e3o ocorreu no dia 19, no s\u00edtio dos\u00a0<a title=\"Valinhos (F\u00e1tima)\" href=\"https:\/\/pt.wikipedia.org\/wiki\/Valinhos_(F%C3%A1tima)\">Valinhos<\/a>, a cerca de 500 metros do lugar de\u00a0<a title=\"Aljustrel (F\u00e1tima)\" href=\"https:\/\/pt.wikipedia.org\/wiki\/Aljustrel_(F%C3%A1tima)\">Aljustrel<\/a>, porque as crian\u00e7as tinham sido presas e levadas para\u00a0<a class=\"mw-redirect\" title=\"Vila Nova de Our\u00e9m\" href=\"https:\/\/pt.wikipedia.org\/wiki\/Vila_Nova_de_Our%C3%A9m\">Vila Nova de Our\u00e9m<\/a>\u00a0pelo administrador do concelho no anterior dia 13 de agosto.<\/p>\n<p style=\"text-align: justify;\">A 13 de outubro, estando presentes na\u00a0<a title=\"Cova da Iria\" href=\"https:\/\/pt.wikipedia.org\/wiki\/Cova_da_Iria\">Cova da Iria<\/a>\u00a0cerca de 70 mil pessoas, Nossa Senhora teria dito aos pastorinhos:\u00a0<i>&#8220;Eu sou a Senhora do Ros\u00e1rio&#8221;<\/i><sup id=\"cite_ref-2\" class=\"reference\"><a href=\"https:\/\/pt.wikipedia.org\/wiki\/Nossa_Senhora_de_F%C3%A1tima#cite_note-2\">[nota 1]<\/a><\/sup>\u00a0e teria pedido que fizessem ali uma capela em Sua honra, conhecida hoje como a\u00a0<a title=\"Capelinha das Apari\u00e7\u00f5es\" href=\"https:\/\/pt.wikipedia.org\/wiki\/Capelinha_das_Apari%C3%A7%C3%B5es\">Capelinha das Apari\u00e7\u00f5es<\/a>\u00a0do\u00a0<a title=\"Santu\u00e1rio de F\u00e1tima\" href=\"https:\/\/pt.wikipedia.org\/wiki\/Santu%C3%A1rio_de_F%C3%A1tima\">Santu\u00e1rio de F\u00e1tima<\/a>. Muitos dos presentes afirmaram ter observado o chamado\u00a0<a title=\"Milagre do Sol\" href=\"https:\/\/pt.wikipedia.org\/wiki\/Milagre_do_Sol\">milagre do Sol<\/a>, o qual fora prometido \u00e0s tr\u00eas crian\u00e7as nas apari\u00e7\u00f5es de julho e de setembro. Segundo os testemunhos recolhidos na \u00e9poca, o Sol, assemelhando-se a um disco de prata fosca, p\u00f4de fitar-se sem dificuldade e girava sobre si mesmo como uma roda de fogo, parecendo, depois, vir precipitar-se sobre a Terra. Tal\u00a0<a title=\"Fen\u00f3meno\" href=\"https:\/\/pt.wikipedia.org\/wiki\/Fen%C3%B3meno\">fen\u00f3meno<\/a>\u00a0foi testemunhado por milhares de pessoas, at\u00e9 mesmo por algumas distantes do lugar da apari\u00e7\u00e3o. O relato foi publicado na imprensa por v\u00e1rios jornalistas que para ali se deslocaram e que foram tamb\u00e9m testemunhas do fen\u00f3meno. Contudo, h\u00e1 testemunhos de pessoas que afirmaram nada ter visto, como \u00e9 o caso do escritor Ant\u00f3nio S\u00e9rgio, que esteve presente no local e testemunhou que nada se passara de extraordin\u00e1rio com o Sol, e do militante cat\u00f3lico Domingos Pinto Coelho, que escreveu na imprensa que n\u00e3o vira nada de sobrenatural.<\/p>\n<div class=\"thumb tleft\" style=\"text-align: justify;\">\n<div class=\"thumbinner\">\n<p><a class=\"image\" href=\"https:\/\/pt.wikipedia.org\/wiki\/Ficheiro:Capelinha_das_Apari%C3%A7%C3%B5es_(1)_-_Jul_2008.jpg\"><img loading=\"lazy\" decoding=\"async\" class=\"thumbimage\" src=\"https:\/\/upload.wikimedia.org\/wikipedia\/commons\/thumb\/9\/92\/Capelinha_das_Apari%C3%A7%C3%B5es_%281%29_-_Jul_2008.jpg\/220px-Capelinha_das_Apari%C3%A7%C3%B5es_%281%29_-_Jul_2008.jpg\" srcset=\"\/\/upload.wikimedia.org\/wikipedia\/commons\/thumb\/9\/92\/Capelinha_das_Apari%C3%A7%C3%B5es_%281%29_-_Jul_2008.jpg\/330px-Capelinha_das_Apari%C3%A7%C3%B5es_%281%29_-_Jul_2008.jpg 1.5x, \/\/upload.wikimedia.org\/wikipedia\/commons\/thumb\/9\/92\/Capelinha_das_Apari%C3%A7%C3%B5es_%281%29_-_Jul_2008.jpg\/440px-Capelinha_das_Apari%C3%A7%C3%B5es_%281%29_-_Jul_2008.jpg 2x\" alt=\"\" width=\"220\" height=\"165\" data-file-width=\"2592\" data-file-height=\"1944\" \/><\/a><\/p>\n<div class=\"thumbcaption\">\n<div class=\"magnify\"><\/div>\n<p>Vista panor\u00e2mica da\u00a0<a title=\"Capelinha das Apari\u00e7\u00f5es\" href=\"https:\/\/pt.wikipedia.org\/wiki\/Capelinha_das_Apari%C3%A7%C3%B5es\">Capelinha das Apari\u00e7\u00f5es<\/a>\u00a0situada na\u00a0<a title=\"Cova da Iria\" href=\"https:\/\/pt.wikipedia.org\/wiki\/Cova_da_Iria\">Cova da Iria<\/a>.<\/p>\n<\/div>\n<\/div>\n<\/div>\n<div class=\"thumb tleft\" style=\"text-align: justify;\">\n<div class=\"thumbinner\">\n<p><a class=\"image\" href=\"https:\/\/pt.wikipedia.org\/wiki\/Ficheiro:Fatima_0751_(19182694573).jpg\"><img loading=\"lazy\" decoding=\"async\" class=\"thumbimage\" src=\"https:\/\/upload.wikimedia.org\/wikipedia\/commons\/thumb\/6\/6b\/Fatima_0751_%2819182694573%29.jpg\/220px-Fatima_0751_%2819182694573%29.jpg\" srcset=\"\/\/upload.wikimedia.org\/wikipedia\/commons\/thumb\/6\/6b\/Fatima_0751_%2819182694573%29.jpg\/330px-Fatima_0751_%2819182694573%29.jpg 1.5x, \/\/upload.wikimedia.org\/wikipedia\/commons\/thumb\/6\/6b\/Fatima_0751_%2819182694573%29.jpg\/440px-Fatima_0751_%2819182694573%29.jpg 2x\" alt=\"\" width=\"220\" height=\"162\" data-file-width=\"1419\" data-file-height=\"1045\" \/><\/a><\/p>\n<div class=\"thumbcaption\">\n<div class=\"magnify\"><\/div>\n<p>A imagem original da Virgem Maria na\u00a0<a title=\"Capelinha das Apari\u00e7\u00f5es\" href=\"https:\/\/pt.wikipedia.org\/wiki\/Capelinha_das_Apari%C3%A7%C3%B5es\">Capelinha das Apari\u00e7\u00f5es<\/a>.<\/p>\n<\/div>\n<\/div>\n<\/div>\n<p style=\"text-align: justify;\">Posteriormente, sendo L\u00facia religiosa\u00a0<a class=\"mw-redirect\" title=\"Doroteias\" href=\"https:\/\/pt.wikipedia.org\/wiki\/Doroteias\">doroteia<\/a>, Nossa Senhora ter-lhe-ia aparecido novamente em Espanha (a 10 de dezembro de 1925 e a 15 de fevereiro de 1926, no Convento de\u00a0<a title=\"Pontevedra\" href=\"https:\/\/pt.wikipedia.org\/wiki\/Pontevedra\">Pontevedra<\/a>, e na noite de 13 para 14 de junho de 1929, no Convento de\u00a0<a title=\"Tui\" href=\"https:\/\/pt.wikipedia.org\/wiki\/Tui\">Tuy<\/a>), pedindo a devo\u00e7\u00e3o dos cinco primeiros s\u00e1bados: rezar o ter\u00e7o; meditar nos mist\u00e9rios do\u00a0<a title=\"Ros\u00e1rio (catolicismo)\" href=\"https:\/\/pt.wikipedia.org\/wiki\/Ros%C3%A1rio_(catolicismo)\">Ros\u00e1rio<\/a>; confessar-se e receber a\u00a0<a class=\"mw-redirect\" title=\"Sagrada Comunh\u00e3o\" href=\"https:\/\/pt.wikipedia.org\/wiki\/Sagrada_Comunh%C3%A3o\">Sagrada Comunh\u00e3o<\/a>, em repara\u00e7\u00e3o dos pecados cometidos contra o\u00a0<a title=\"Imaculado Cora\u00e7\u00e3o de Maria\" href=\"https:\/\/pt.wikipedia.org\/wiki\/Imaculado_Cora%C3%A7%C3%A3o_de_Maria\">Imaculado Cora\u00e7\u00e3o de Maria<\/a>\u00a0e a Consagra\u00e7\u00e3o da\u00a0<a title=\"R\u00fassia\" href=\"https:\/\/pt.wikipedia.org\/wiki\/R%C3%BAssia\">R\u00fassia<\/a>\u00a0ao Seu Cora\u00e7\u00e3o Imaculado. Quando a Irm\u00e3 L\u00facia ingressou na\u00a0<a title=\"Clausura mon\u00e1stica\" href=\"https:\/\/pt.wikipedia.org\/wiki\/Clausura_mon%C3%A1stica\">clausura mon\u00e1stica<\/a>\u00a0do\u00a0<a title=\"Carmelo de Santa Teresa (Coimbra)\" href=\"https:\/\/pt.wikipedia.org\/wiki\/Carmelo_de_Santa_Teresa_(Coimbra)\">Carmelo de Santa Teresa<\/a>\u00a0em\u00a0<a title=\"Coimbra\" href=\"https:\/\/pt.wikipedia.org\/wiki\/Coimbra\">Coimbra<\/a>, como religiosa\u00a0<a title=\"Ordem do Carmo\" href=\"https:\/\/pt.wikipedia.org\/wiki\/Ordem_do_Carmo\">carmelita descal\u00e7a<\/a>, afirmou ter recebido ainda mais algumas revela\u00e7\u00f5es por parte de Nossa Senhora.<\/p>\n<div class=\"thumb tleft\" style=\"text-align: justify;\">\n<div class=\"thumbinner\">\n<p><a class=\"image\" href=\"https:\/\/pt.wikipedia.org\/wiki\/Ficheiro:Igreja_Matriz_de_F%C3%A1tima_-_Portugal_(21418731630).jpg\"><img loading=\"lazy\" decoding=\"async\" class=\"thumbimage\" src=\"https:\/\/upload.wikimedia.org\/wikipedia\/commons\/thumb\/e\/e7\/Igreja_Matriz_de_F%C3%A1tima_-_Portugal_%2821418731630%29.jpg\/220px-Igreja_Matriz_de_F%C3%A1tima_-_Portugal_%2821418731630%29.jpg\" srcset=\"\/\/upload.wikimedia.org\/wikipedia\/commons\/thumb\/e\/e7\/Igreja_Matriz_de_F%C3%A1tima_-_Portugal_%2821418731630%29.jpg\/330px-Igreja_Matriz_de_F%C3%A1tima_-_Portugal_%2821418731630%29.jpg 1.5x, \/\/upload.wikimedia.org\/wikipedia\/commons\/thumb\/e\/e7\/Igreja_Matriz_de_F%C3%A1tima_-_Portugal_%2821418731630%29.jpg\/440px-Igreja_Matriz_de_F%C3%A1tima_-_Portugal_%2821418731630%29.jpg 2x\" alt=\"\" width=\"220\" height=\"147\" data-file-width=\"3888\" data-file-height=\"2592\" \/><\/a><\/p>\n<div class=\"thumbcaption\">\n<div class=\"magnify\"><\/div>\n<p>A\u00a0<a title=\"Igreja Paroquial de F\u00e1tima\" href=\"https:\/\/pt.wikipedia.org\/wiki\/Igreja_Paroquial_de_F%C3%A1tima\">Igreja Paroquial de F\u00e1tima<\/a>.<\/p>\n<\/div>\n<\/div>\n<\/div>\n<p style=\"text-align: justify;\">Embora por vezes se confunda o ato de consagra\u00e7\u00e3o da R\u00fassia ao Imaculado Cora\u00e7\u00e3o de Maria, pedido em\u00a0<a title=\"F\u00e1tima\" href=\"https:\/\/pt.wikipedia.org\/wiki\/F%C3%A1tima\">F\u00e1tima<\/a>\u00a0e que foi efetuado pelo\u00a0<a title=\"Papa Jo\u00e3o Paulo II\" href=\"https:\/\/pt.wikipedia.org\/wiki\/Papa_Jo%C3%A3o_Paulo_II\">Papa Jo\u00e3o Paulo II<\/a>, anteriormente j\u00e1 o\u00a0<a title=\"Papa Pio XII\" href=\"https:\/\/pt.wikipedia.org\/wiki\/Papa_Pio_XII\">Papa Pio XII<\/a>, anuindo a esses pedidos de Nossa Senhora, mas, sobretudo, aos apelos alegadamente dirigidos pelo pr\u00f3prio\u00a0<a title=\"Jesus\" href=\"https:\/\/pt.wikipedia.org\/wiki\/Jesus\">Jesus Cristo<\/a>\u00a0\u00e0\u00a0<a title=\"Alexandrina de Balazar\" href=\"https:\/\/pt.wikipedia.org\/wiki\/Alexandrina_de_Balazar\">Beata Alexandrina de Balazar<\/a>, efetuou a\u00a0<a title=\"Consagra\u00e7\u00e3o do mundo ao Imaculado Cora\u00e7\u00e3o de Maria\" href=\"https:\/\/pt.wikipedia.org\/wiki\/Consagra%C3%A7%C3%A3o_do_mundo_ao_Imaculado_Cora%C3%A7%C3%A3o_de_Maria\">consagra\u00e7\u00e3o do mundo ao Imaculado Cora\u00e7\u00e3o de Maria<\/a>\u00a0a\u00a0<a title=\"31 de outubro\" href=\"https:\/\/pt.wikipedia.org\/wiki\/31_de_outubro\">31 de outubro<\/a>\u00a0de\u00a0<a title=\"1942\" href=\"https:\/\/pt.wikipedia.org\/wiki\/1942\">1942<\/a>.<sup id=\"cite_ref-3\" class=\"reference\"><a href=\"https:\/\/pt.wikipedia.org\/wiki\/Nossa_Senhora_de_F%C3%A1tima#cite_note-3\">[2]<\/a><\/sup><sup id=\"cite_ref-4\" class=\"reference\"><a href=\"https:\/\/pt.wikipedia.org\/wiki\/Nossa_Senhora_de_F%C3%A1tima#cite_note-4\">[3]<\/a><\/sup><sup id=\"cite_ref-5\" class=\"reference\"><a href=\"https:\/\/pt.wikipedia.org\/wiki\/Nossa_Senhora_de_F%C3%A1tima#cite_note-5\">[4]<\/a><\/sup><\/p>\n<p style=\"text-align: justify;\">Nas suas\u00a0<i>Mem\u00f3rias<\/i>, a Irm\u00e3 L\u00facia narrou como, entre abril e outubro de 1916, ela e os seus primos receberam as apari\u00e7\u00f5es do anjo, por tr\u00eas vezes, e que visavam a prepar\u00e1-los para a vinda de Nossa Senhora no ano seguinte. O\u00a0<a title=\"Anjo de Portugal\" href=\"https:\/\/pt.wikipedia.org\/wiki\/Anjo_de_Portugal\">Anjo da Paz<\/a>\u00a0ensinou aos pastorinhos duas ora\u00e7\u00f5es, conhecidas por\u00a0<a title=\"Ora\u00e7\u00f5es do Anjo\" href=\"https:\/\/pt.wikipedia.org\/wiki\/Ora%C3%A7%C3%B5es_do_Anjo\">Ora\u00e7\u00f5es do Anjo<\/a>, que entraram na piedade popular e s\u00e3o utilizadas sobretudo na adora\u00e7\u00e3o\u00a0<a title=\"Eucaristia\" href=\"https:\/\/pt.wikipedia.org\/wiki\/Eucaristia\">eucar\u00edstica<\/a>.<\/p>\n<h2 style=\"text-align: justify;\"><span id=\"Santu.C3.A1rio_de_F.C3.A1tima\"><\/span><span id=\"Santu\u00e1rio_de_F\u00e1tima\" class=\"mw-headline\">Santu\u00e1rio de F\u00e1tima<\/span><\/h2>\n<h2 style=\"text-align: justify;\">Ver artigo principal:\u00a0<a title=\"Santu\u00e1rio de F\u00e1tima\" href=\"https:\/\/pt.wikipedia.org\/wiki\/Santu%C3%A1rio_de_F%C3%A1tima\">Santu\u00e1rio de F\u00e1tima<\/a><\/h2>\n<p style=\"text-align: justify;\">Para corresponder ao pedido de Nossa Senhora de que se fizesse uma capela em Sua honra no local das apari\u00e7\u00f5es em\u00a0<a title=\"F\u00e1tima\" href=\"https:\/\/pt.wikipedia.org\/wiki\/F%C3%A1tima\">F\u00e1tima<\/a>, no ano de\u00a0<a title=\"1919\" href=\"https:\/\/pt.wikipedia.org\/wiki\/1919\">1919<\/a>\u00a0foi erigida uma capela \u2013 a\u00a0<a title=\"Capelinha das Apari\u00e7\u00f5es\" href=\"https:\/\/pt.wikipedia.org\/wiki\/Capelinha_das_Apari%C3%A7%C3%B5es\">Capelinha das Apari\u00e7\u00f5es<\/a>\u00a0\u2013 no local exato onde os pastorinhos afirmaram ter visto a Virgem Maria. Em\u00a0<a title=\"1928\" href=\"https:\/\/pt.wikipedia.org\/wiki\/1928\">1928<\/a>\u00a0foi benzida a primeira pedra para a constru\u00e7\u00e3o de um templo de maiores dimens\u00f5es nas proximidades da capela, o qual ficou pronto em\u00a0<a title=\"1953\" href=\"https:\/\/pt.wikipedia.org\/wiki\/1953\">1953<\/a>.<\/p>\n<p style=\"text-align: justify;\">Em 13 de Maio de 1946, a imagem de Nossa Senhora de F\u00e1tima foi\u00a0<a class=\"mw-redirect\" title=\"Coroa\u00e7\u00e3o can\u00f3nica\" href=\"https:\/\/pt.wikipedia.org\/wiki\/Coroa%C3%A7%C3%A3o_can%C3%B3nica\">coroada canonicamente<\/a>\u00a0pelo Cardeal Masella, legado pontif\u00edcio.<sup id=\"cite_ref-Coroa\u00e7\u00e3o_6-0\" class=\"reference\"><a href=\"https:\/\/pt.wikipedia.org\/wiki\/Nossa_Senhora_de_F%C3%A1tima#cite_note-Coroa%C3%A7%C3%A3o-6\">[5]<\/a><\/sup><\/p>\n<p style=\"text-align: justify;\">Em\u00a0<a title=\"1954\" href=\"https:\/\/pt.wikipedia.org\/wiki\/1954\">1954<\/a>, a esse novo templo foi-lhe concedido o t\u00edtulo de\u00a0<a title=\"Bas\u00edlica\" href=\"https:\/\/pt.wikipedia.org\/wiki\/Bas%C3%ADlica\">Bas\u00edlica Menor<\/a>\u00a0pelo\u00a0<a title=\"Papa Pio XII\" href=\"https:\/\/pt.wikipedia.org\/wiki\/Papa_Pio_XII\">Papa Pio XII<\/a>\u00a0\u2013 trata-se da\u00a0<a title=\"Bas\u00edlica de Nossa Senhora do Ros\u00e1rio\" href=\"https:\/\/pt.wikipedia.org\/wiki\/Bas%C3%ADlica_de_Nossa_Senhora_do_Ros%C3%A1rio\">Bas\u00edlica de Nossa Senhora do Ros\u00e1rio<\/a>. Com o passar dos anos, v\u00e1rios outros edif\u00edcios e monumentos religiosos foram sendo constru\u00eddos em torno da capela e da bas\u00edlica, e ao complexo foi dado o nome de\u00a0<a title=\"Santu\u00e1rio de F\u00e1tima\" href=\"https:\/\/pt.wikipedia.org\/wiki\/Santu%C3%A1rio_de_F%C3%A1tima\">Santu\u00e1rio de Nossa Senhora do Ros\u00e1rio de F\u00e1tima<\/a>\u00a0(ou, simplesmente, Santu\u00e1rio de F\u00e1tima).<\/p>\n<p style=\"text-align: justify;\">Por receber milh\u00f5es de peregrinos anualmente, \u00e9-lhe dado o nome de &#8220;O Altar do Mundo&#8221; e trata-se, na atualidade, de um dos maiores santu\u00e1rios marianos do mundo.<\/p>\n<h2 style=\"text-align: justify;\"><span id=\"S.C3.ADntese_da_Mensagem_de_F.C3.A1tima\"><\/span><span id=\"S\u00edntese_da_Mensagem_de_F\u00e1tima\" class=\"mw-headline\">S\u00edntese da Mensagem de F\u00e1tima<\/span><\/h2>\n<div class=\"thumb tright\" style=\"text-align: justify;\">\n<div class=\"thumbinner\">\n<p><a class=\"image\" href=\"https:\/\/pt.wikipedia.org\/wiki\/Ficheiro:Irm%C3%A3_L%C3%BAcia_e_Jo%C3%A3o_Paulo_II.jpg\"><img loading=\"lazy\" decoding=\"async\" class=\"thumbimage\" src=\"https:\/\/upload.wikimedia.org\/wikipedia\/commons\/thumb\/6\/61\/Irm%C3%A3_L%C3%BAcia_e_Jo%C3%A3o_Paulo_II.jpg\/220px-Irm%C3%A3_L%C3%BAcia_e_Jo%C3%A3o_Paulo_II.jpg\" srcset=\"\/\/upload.wikimedia.org\/wikipedia\/commons\/thumb\/6\/61\/Irm%C3%A3_L%C3%BAcia_e_Jo%C3%A3o_Paulo_II.jpg\/330px-Irm%C3%A3_L%C3%BAcia_e_Jo%C3%A3o_Paulo_II.jpg 1.5x, \/\/upload.wikimedia.org\/wikipedia\/commons\/thumb\/6\/61\/Irm%C3%A3_L%C3%BAcia_e_Jo%C3%A3o_Paulo_II.jpg\/440px-Irm%C3%A3_L%C3%BAcia_e_Jo%C3%A3o_Paulo_II.jpg 2x\" alt=\"\" width=\"220\" height=\"144\" data-file-width=\"1280\" data-file-height=\"840\" \/><\/a><\/p>\n<div class=\"thumbcaption\">\n<div class=\"magnify\"><\/div>\n<p>Encontro da\u00a0<a title=\"L\u00facia dos Santos\" href=\"https:\/\/pt.wikipedia.org\/wiki\/L%C3%BAcia_dos_Santos\">Irm\u00e3 L\u00facia<\/a>\u00a0com o\u00a0<a title=\"Papa Jo\u00e3o Paulo II\" href=\"https:\/\/pt.wikipedia.org\/wiki\/Papa_Jo%C3%A3o_Paulo_II\">Papa Jo\u00e3o Paulo II<\/a>\u00a0a 13 de maio de 2000.<\/p>\n<\/div>\n<\/div>\n<\/div>\n<div class=\"thumb tright\" style=\"text-align: justify;\">\n<div class=\"thumbinner\">\n<p><a class=\"image\" href=\"https:\/\/pt.wikipedia.org\/wiki\/Ficheiro:Bento_XVI_oferece_a_Rosa_de_Ouro_ao_Santu%C3%A1rio_de_F%C3%A1tima_(12_de_Maio_de_2010).png\"><img loading=\"lazy\" decoding=\"async\" class=\"thumbimage\" src=\"https:\/\/upload.wikimedia.org\/wikipedia\/commons\/thumb\/f\/f4\/Bento_XVI_oferece_a_Rosa_de_Ouro_ao_Santu%C3%A1rio_de_F%C3%A1tima_%2812_de_Maio_de_2010%29.png\/220px-Bento_XVI_oferece_a_Rosa_de_Ouro_ao_Santu%C3%A1rio_de_F%C3%A1tima_%2812_de_Maio_de_2010%29.png\" srcset=\"\/\/upload.wikimedia.org\/wikipedia\/commons\/thumb\/f\/f4\/Bento_XVI_oferece_a_Rosa_de_Ouro_ao_Santu%C3%A1rio_de_F%C3%A1tima_%2812_de_Maio_de_2010%29.png\/330px-Bento_XVI_oferece_a_Rosa_de_Ouro_ao_Santu%C3%A1rio_de_F%C3%A1tima_%2812_de_Maio_de_2010%29.png 1.5x, \/\/upload.wikimedia.org\/wikipedia\/commons\/thumb\/f\/f4\/Bento_XVI_oferece_a_Rosa_de_Ouro_ao_Santu%C3%A1rio_de_F%C3%A1tima_%2812_de_Maio_de_2010%29.png\/440px-Bento_XVI_oferece_a_Rosa_de_Ouro_ao_Santu%C3%A1rio_de_F%C3%A1tima_%2812_de_Maio_de_2010%29.png 2x\" alt=\"\" width=\"220\" height=\"156\" data-file-width=\"1086\" data-file-height=\"768\" \/><\/a><\/p>\n<div class=\"thumbcaption\">\n<div class=\"magnify\"><\/div>\n<p>O\u00a0<a title=\"Papa Bento XVI\" href=\"https:\/\/pt.wikipedia.org\/wiki\/Papa_Bento_XVI\">Papa Bento XVI<\/a>\u00a0no momento da entrega da segunda\u00a0<a title=\"Rosa de Ouro (condecora\u00e7\u00e3o)\" href=\"https:\/\/pt.wikipedia.org\/wiki\/Rosa_de_Ouro_(condecora%C3%A7%C3%A3o)\">Rosa de Ouro<\/a>\u00a0\u00e0 Virgem de F\u00e1tima em Maio de 2010.<\/p>\n<\/div>\n<\/div>\n<\/div>\n<div class=\"thumb tright\" style=\"text-align: justify;\">\n<div class=\"thumbinner\">\n<p><a class=\"image\" href=\"https:\/\/pt.wikipedia.org\/wiki\/Ficheiro:Papa_Francisco_reza_na_Capelinha_das_Apari%C3%A7%C3%B5es_(12_de_Maio_de_2017).png\"><img loading=\"lazy\" decoding=\"async\" class=\"thumbimage\" src=\"https:\/\/upload.wikimedia.org\/wikipedia\/commons\/thumb\/5\/55\/Papa_Francisco_reza_na_Capelinha_das_Apari%C3%A7%C3%B5es_%2812_de_Maio_de_2017%29.png\/220px-Papa_Francisco_reza_na_Capelinha_das_Apari%C3%A7%C3%B5es_%2812_de_Maio_de_2017%29.png\" srcset=\"\/\/upload.wikimedia.org\/wikipedia\/commons\/thumb\/5\/55\/Papa_Francisco_reza_na_Capelinha_das_Apari%C3%A7%C3%B5es_%2812_de_Maio_de_2017%29.png\/330px-Papa_Francisco_reza_na_Capelinha_das_Apari%C3%A7%C3%B5es_%2812_de_Maio_de_2017%29.png 1.5x, \/\/upload.wikimedia.org\/wikipedia\/commons\/thumb\/5\/55\/Papa_Francisco_reza_na_Capelinha_das_Apari%C3%A7%C3%B5es_%2812_de_Maio_de_2017%29.png\/440px-Papa_Francisco_reza_na_Capelinha_das_Apari%C3%A7%C3%B5es_%2812_de_Maio_de_2017%29.png 2x\" alt=\"\" width=\"220\" height=\"153\" data-file-width=\"1102\" data-file-height=\"768\" \/><\/a><\/p>\n<div class=\"thumbcaption\">\n<div class=\"magnify\"><\/div>\n<p><a title=\"Papa Francisco\" href=\"https:\/\/pt.wikipedia.org\/wiki\/Papa_Francisco\">Papa Francisco<\/a>\u00a0em ora\u00e7\u00e3o diante de Nossa Senhora de F\u00e1tima, na\u00a0<a title=\"Capelinha das Apari\u00e7\u00f5es\" href=\"https:\/\/pt.wikipedia.org\/wiki\/Capelinha_das_Apari%C3%A7%C3%B5es\">Capelinha das Apari\u00e7\u00f5es<\/a>, em 2017.<\/p>\n<\/div>\n<\/div>\n<\/div>\n<p style=\"text-align: justify;\">Segundo a\u00a0<a title=\"L\u00facia dos Santos\" href=\"https:\/\/pt.wikipedia.org\/wiki\/L%C3%BAcia_dos_Santos\">Irm\u00e3 L\u00facia<\/a>, no seu \u00faltimo livro publicado em 2006, toda a mensagem subjacente \u00e0s apari\u00e7\u00f5es de Nossa Senhora em\u00a0<a title=\"F\u00e1tima\" href=\"https:\/\/pt.wikipedia.org\/wiki\/F%C3%A1tima\">F\u00e1tima<\/a>\u00a0\u00e9 a seguinte:<\/p>\n<table class=\"cquote\" role=\"presentation\">\n<tbody>\n<tr>\n<td>\u201c<\/td>\n<td>No decorrer de toda a Mensagem, a come\u00e7ar pelas apari\u00e7\u00f5es do\u00a0<a title=\"Anjo de Portugal\" href=\"https:\/\/pt.wikipedia.org\/wiki\/Anjo_de_Portugal\">Anjo<\/a>, encontramos um apelo \u00e0\u00a0<a title=\"Ora\u00e7\u00e3o\" href=\"https:\/\/pt.wikipedia.org\/wiki\/Ora%C3%A7%C3%A3o\">ora\u00e7\u00e3o<\/a>\u00a0e ao\u00a0<a title=\"Sacrif\u00edcio\" href=\"https:\/\/pt.wikipedia.org\/wiki\/Sacrif%C3%ADcio\">sacrif\u00edcio<\/a>\u00a0oferecido a\u00a0<a title=\"Deus\" href=\"https:\/\/pt.wikipedia.org\/wiki\/Deus\">Deus<\/a>\u00a0por amor e\u00a0<a title=\"Convers\u00e3o (religi\u00e3o)\" href=\"https:\/\/pt.wikipedia.org\/wiki\/Convers%C3%A3o_(religi%C3%A3o)\">convers\u00e3o<\/a>\u00a0dos\u00a0<a class=\"mw-redirect\" title=\"Pecador\" href=\"https:\/\/pt.wikipedia.org\/wiki\/Pecador\">pecadores<\/a>. Para mim, este apelo \u00e9 como que a norma b\u00e1sica de toda a Mensagem, que come\u00e7a por introduzir-nos num plano de\u00a0<a title=\"F\u00e9\" href=\"https:\/\/pt.wikipedia.org\/wiki\/F%C3%A9\">f\u00e9<\/a>,\u00a0<a title=\"Esperan\u00e7a\" href=\"https:\/\/pt.wikipedia.org\/wiki\/Esperan%C3%A7a\">esperan\u00e7a<\/a>\u00a0e\u00a0<a title=\"Amor\" href=\"https:\/\/pt.wikipedia.org\/wiki\/Amor\">amor<\/a>: &#8220;Meu Deus, eu creio, adoro, espero e amo-vos&#8221;. \u00c9 aqui que assenta a base fundamental de toda a nossa vida sobrenatural: viver de f\u00e9, viver de esperan\u00e7a, viver de amor.<sup id=\"cite_ref-7\" class=\"reference\"><a href=\"https:\/\/pt.wikipedia.org\/wiki\/Nossa_Senhora_de_F%C3%A1tima#cite_note-7\">[6]<\/a><\/sup><\/td>\n<td>\u201d<\/td>\n<\/tr>\n<\/tbody>\n<\/table>\n<p style=\"text-align: justify;\">Na Exorta\u00e7\u00e3o Apost\u00f3lica\u00a0<i>Signum Magnum<\/i>\u00a0(i.e., &#8220;Grande Sinal&#8221;),<sup id=\"cite_ref-8\" class=\"reference\"><a href=\"https:\/\/pt.wikipedia.org\/wiki\/Nossa_Senhora_de_F%C3%A1tima#cite_note-8\">[7]<\/a><\/sup>\u00a0o\u00a0<a title=\"Papa Paulo VI\" href=\"https:\/\/pt.wikipedia.org\/wiki\/Papa_Paulo_VI\">Papa Paulo VI<\/a>\u00a0assim resumiu a mensagem de Nossa Senhora de F\u00e1tima:<\/p>\n<table class=\"cquote\" role=\"presentation\">\n<tbody>\n<tr>\n<td>\u201c<\/td>\n<td>A santa\u00a0<a title=\"Contempla\u00e7\u00e3o\" href=\"https:\/\/pt.wikipedia.org\/wiki\/Contempla%C3%A7%C3%A3o\">contempla\u00e7\u00e3o<\/a>\u00a0de Maria incita-os, de facto, \u00e0 ora\u00e7\u00e3o confiante, \u00e0 pr\u00e1tica da penit\u00eancia, ao santo temor de Deus, e recorda-lhes com frequ\u00eancia aquelas palavras com que Jesus Cristo anunciava estar perto o reino dos C\u00e9us: Arrependei-vos e acreditai no Evangelho, bem como a sua severa advert\u00eancia: Se n\u00e3o vos arrependerdes, perecereis todos de maneira semelhante.<\/td>\n<td>\u201d<\/td>\n<\/tr>\n<\/tbody>\n<\/table>\n<h2 style=\"text-align: justify;\"><span id=\"No_Brasil\" class=\"mw-headline\">No Brasil<\/span><\/h2>\n<div class=\"thumb tleft\" style=\"text-align: justify;\">\n<div class=\"thumbinner\">\n<p><a class=\"image\" href=\"https:\/\/pt.wikipedia.org\/wiki\/Ficheiro:Arco_do_Triunfo_em_Caic%C3%B3_(1).jpg\"><img loading=\"lazy\" decoding=\"async\" class=\"thumbimage\" src=\"https:\/\/upload.wikimedia.org\/wikipedia\/commons\/thumb\/1\/1c\/Arco_do_Triunfo_em_Caic%C3%B3_%281%29.jpg\/180px-Arco_do_Triunfo_em_Caic%C3%B3_%281%29.jpg\" srcset=\"\/\/upload.wikimedia.org\/wikipedia\/commons\/thumb\/1\/1c\/Arco_do_Triunfo_em_Caic%C3%B3_%281%29.jpg\/270px-Arco_do_Triunfo_em_Caic%C3%B3_%281%29.jpg 1.5x, \/\/upload.wikimedia.org\/wikipedia\/commons\/thumb\/1\/1c\/Arco_do_Triunfo_em_Caic%C3%B3_%281%29.jpg\/360px-Arco_do_Triunfo_em_Caic%C3%B3_%281%29.jpg 2x\" alt=\"\" width=\"180\" height=\"180\" data-file-width=\"1439\" data-file-height=\"1440\" \/><\/a><\/p>\n<div class=\"thumbcaption\">\n<div class=\"magnify\"><\/div>\n<p>O\u00a0<a title=\"Arco do Triunfo (Caic\u00f3)\" href=\"https:\/\/pt.wikipedia.org\/wiki\/Arco_do_Triunfo_(Caic%C3%B3)\">Arco do Triunfo<\/a>\u00a0em\u00a0<a title=\"Caic\u00f3\" href=\"https:\/\/pt.wikipedia.org\/wiki\/Caic%C3%B3\">Caic\u00f3<\/a>, constru\u00eddo em homenagem a passagem da imagem peregrina de F\u00e1tima pela cidade em 1953.<\/p>\n<\/div>\n<\/div>\n<\/div>\n<p style=\"text-align: justify;\">No dia\u00a0<a title=\"13 de maio\" href=\"https:\/\/pt.wikipedia.org\/wiki\/13_de_maio\">13 de maio<\/a>\u00a0de\u00a0<a title=\"2008\" href=\"https:\/\/pt.wikipedia.org\/wiki\/2008\">2008<\/a>\u00a0foi inaugurada em\u00a0<a title=\"Fortaleza\" href=\"https:\/\/pt.wikipedia.org\/wiki\/Fortaleza\">Fortaleza<\/a>, no\u00a0<a title=\"Cear\u00e1\" href=\"https:\/\/pt.wikipedia.org\/wiki\/Cear%C3%A1\">Estado do Cear\u00e1<\/a>, a maior imagem de Nossa Senhora de F\u00e1tima do mundo. A est\u00e1tua tem 15 metros de altura e foi feita pelo artista pl\u00e1stico Franciner Mac\u00e1rio Diniz.<sup id=\"cite_ref-9\" class=\"reference\"><a href=\"https:\/\/pt.wikipedia.org\/wiki\/Nossa_Senhora_de_F%C3%A1tima#cite_note-9\">[8]<\/a><\/sup><\/p>\n<p style=\"text-align: justify;\">No dia\u00a0<a title=\"28 de maio\" href=\"https:\/\/pt.wikipedia.org\/wiki\/28_de_maio\">28 de maio<\/a>\u00a0de\u00a0<a title=\"2011\" href=\"https:\/\/pt.wikipedia.org\/wiki\/2011\">2011<\/a>\u00a0foi inaugurado o\u00a0<a title=\"Santu\u00e1rio de Nossa Senhora de F\u00e1tima (Rio de Janeiro)\" href=\"https:\/\/pt.wikipedia.org\/wiki\/Santu%C3%A1rio_de_Nossa_Senhora_de_F%C3%A1tima_(Rio_de_Janeiro)\">Santu\u00e1rio de Nossa Senhora de F\u00e1tima do Rio de Janeiro<\/a>, um santu\u00e1rio localizado no bairro do\u00a0<a title=\"Recreio dos Bandeirantes\" href=\"https:\/\/pt.wikipedia.org\/wiki\/Recreio_dos_Bandeirantes\">Recreio dos Bandeirantes<\/a>, na cidade do\u00a0<a class=\"mw-redirect\" title=\"Rio de Janeiro (cidade)\" href=\"https:\/\/pt.wikipedia.org\/wiki\/Rio_de_Janeiro_(cidade)\">Rio de Janeiro<\/a>, no\u00a0<a title=\"Brasil\" href=\"https:\/\/pt.wikipedia.org\/wiki\/Brasil\">Brasil<\/a>, composto por uma r\u00e9plica da famosa\u00a0<a title=\"Capelinha das Apari\u00e7\u00f5es\" href=\"https:\/\/pt.wikipedia.org\/wiki\/Capelinha_das_Apari%C3%A7%C3%B5es\">Capelinha das Apari\u00e7\u00f5es<\/a>\u00a0original da\u00a0<a title=\"Cova da Iria\" href=\"https:\/\/pt.wikipedia.org\/wiki\/Cova_da_Iria\">Cova da Iria<\/a>, no\u00a0<a title=\"Santu\u00e1rio de F\u00e1tima\" href=\"https:\/\/pt.wikipedia.org\/wiki\/Santu%C3%A1rio_de_F%C3%A1tima\">Santu\u00e1rio de F\u00e1tima<\/a>, em\u00a0<a title=\"Portugal\" href=\"https:\/\/pt.wikipedia.org\/wiki\/Portugal\">Portugal<\/a>.<sup id=\"cite_ref-10\" class=\"reference\"><a href=\"https:\/\/pt.wikipedia.org\/wiki\/Nossa_Senhora_de_F%C3%A1tima#cite_note-10\">[9]<\/a><\/sup><\/p>\n<p style=\"text-align: justify;\">A invoca\u00e7\u00e3o de Nossa Senhora de F\u00e1tima \u00e9 tamb\u00e9m a padroeira do\u00a0<a title=\"Lucas do Rio Verde\" href=\"https:\/\/pt.wikipedia.org\/wiki\/Lucas_do_Rio_Verde\">Munic\u00edpio de Lucas do Rio Verde<\/a>, onde tamb\u00e9m existe uma igreja em sua homenagem, pertencente a\u00a0<a title=\"Diocese de Diamantino\" href=\"https:\/\/pt.wikipedia.org\/wiki\/Diocese_de_Diamantino\">Diocese de Diamantino<\/a>, e \u00e9 ainda padroeira do\u00a0<a title=\"Sport Club do Recife\" href=\"https:\/\/pt.wikipedia.org\/wiki\/Sport_Club_do_Recife\">Sport Club do Recife<\/a>,<sup id=\"cite_ref-11\" class=\"reference\"><a href=\"https:\/\/pt.wikipedia.org\/wiki\/Nossa_Senhora_de_F%C3%A1tima#cite_note-11\">[10]<\/a><\/sup>\u00a0clube\u00a0<a title=\"Brasil\" href=\"https:\/\/pt.wikipedia.org\/wiki\/Brasil\">brasileiro<\/a>\u00a0de\u00a0<a title=\"Desporto\" href=\"https:\/\/pt.wikipedia.org\/wiki\/Desporto\">desportos<\/a>.<\/p>\n<p style=\"text-align: justify;\">No munic\u00edpio de\u00a0<a title=\"S\u00e3o Benedito (Cear\u00e1)\" href=\"https:\/\/pt.wikipedia.org\/wiki\/S%C3%A3o_Benedito_(Cear%C3%A1)\">S\u00e3o Benedito<\/a>, na\u00a0<a class=\"mw-redirect\" title=\"Serra de Ibiapaba\" href=\"https:\/\/pt.wikipedia.org\/wiki\/Serra_de_Ibiapaba\">serra de Ibiapaba<\/a>, no\u00a0<a title=\"Cear\u00e1\" href=\"https:\/\/pt.wikipedia.org\/wiki\/Cear%C3%A1\">Cear\u00e1<\/a>, foi edificada uma igreja em Sua honra conhecida como o\u00a0<a title=\"Santu\u00e1rio de F\u00e1tima da Serra Grande\" href=\"https:\/\/pt.wikipedia.org\/wiki\/Santu%C3%A1rio_de_F%C3%A1tima_da_Serra_Grande\">Santu\u00e1rio de F\u00e1tima da Serra Grande<\/a>\u00a0e \u00e0 qual foi oferecida uma imagem de Nossa Senhora de F\u00e1tima pelo pr\u00f3prio santu\u00e1rio portugu\u00eas e as rel\u00edquias dos Beatos\u00a0<a title=\"Francisco Marto\" href=\"https:\/\/pt.wikipedia.org\/wiki\/Francisco_Marto\">Francisco<\/a>\u00a0e\u00a0<a title=\"Jacinta Marto\" href=\"https:\/\/pt.wikipedia.org\/wiki\/Jacinta_Marto\">Jacinta Marto<\/a>\u00a0pela pr\u00f3pria postula\u00e7\u00e3o dos\u00a0<a title=\"Pastorinhos de F\u00e1tima\" href=\"https:\/\/pt.wikipedia.org\/wiki\/Pastorinhos_de_F%C3%A1tima\">Pastorinhos de F\u00e1tima<\/a>.<\/p>\n<p style=\"text-align: justify;\">Fonte: https:\/\/pt.wikipedia.org\/wiki\/Nossa_Senhora_de_F%C3%A1tima<\/p>\n","protected":false},"excerpt":{"rendered":"<p>Nossa Senhora de F\u00e1tima\u00a0ou, formalmente,\u00a0Nossa Senhora do Ros\u00e1rio de F\u00e1tima, \u00e9 uma das\u00a0invoca\u00e7\u00f5es\u00a0atribu\u00eddas \u00e0\u00a0Virgem Maria\u00a0e que teve a sua origem nas\u00a0apari\u00e7\u00f5es\u00a0recebidas por tr\u00eas pastorinhos no lugar da\u00a0Cova da Iria, em\u00a0F\u00e1tima,\u00a0Portugal. De acordo com os testemunhos das tr\u00eas crian\u00e7as videntes, a primeira apari\u00e7\u00e3o ter\u00e1 ocorrido no dia\u00a013 de maio\u00a0de\u00a01917\u00a0ao meio-dia, repetindo-se durante os seis meses seguintes [&hellip;]<\/p>\n","protected":false},"author":1,"featured_media":63527,"comment_status":"closed","ping_status":"open","sticky":false,"template":"","format":"standard","meta":{"footnotes":""},"categories":[110,118],"tags":[],"class_list":["post-63525","post","type-post","status-publish","format-standard","has-post-thumbnail","hentry","category-noticiasdestaque","category-religiaoesolidariedade"],"_links":{"self":[{"href":"https:\/\/jorgezanoni.com.br\/2019\/wp-json\/wp\/v2\/posts\/63525","targetHints":{"allow":["GET"]}}],"collection":[{"href":"https:\/\/jorgezanoni.com.br\/2019\/wp-json\/wp\/v2\/posts"}],"about":[{"href":"https:\/\/jorgezanoni.com.br\/2019\/wp-json\/wp\/v2\/types\/post"}],"author":[{"embeddable":true,"href":"https:\/\/jorgezanoni.com.br\/2019\/wp-json\/wp\/v2\/users\/1"}],"replies":[{"embeddable":true,"href":"https:\/\/jorgezanoni.com.br\/2019\/wp-json\/wp\/v2\/comments?post=63525"}],"version-history":[{"count":0,"href":"https:\/\/jorgezanoni.com.br\/2019\/wp-json\/wp\/v2\/posts\/63525\/revisions"}],"wp:featuredmedia":[{"embeddable":true,"href":"https:\/\/jorgezanoni.com.br\/2019\/wp-json\/wp\/v2\/media\/63527"}],"wp:attachment":[{"href":"https:\/\/jorgezanoni.com.br\/2019\/wp-json\/wp\/v2\/media?parent=63525"}],"wp:term":[{"taxonomy":"category","embeddable":true,"href":"https:\/\/jorgezanoni.com.br\/2019\/wp-json\/wp\/v2\/categories?post=63525"},{"taxonomy":"post_tag","embeddable":true,"href":"https:\/\/jorgezanoni.com.br\/2019\/wp-json\/wp\/v2\/tags?post=63525"}],"curies":[{"name":"wp","href":"https:\/\/api.w.org\/{rel}","templated":true}]}}