{"id":63522,"date":"2022-05-13T13:02:00","date_gmt":"2022-05-13T13:02:00","guid":{"rendered":"https:\/\/jorgezanoni.com.br\/2019\/?p=63522"},"modified":"2022-05-13T13:02:00","modified_gmt":"2022-05-13T13:02:00","slug":"fundec-comemora-54-anos-realizando-a-entrega-das-condecoracoes-de-merito-educacional","status":"publish","type":"post","link":"https:\/\/jorgezanoni.com.br\/2019\/fundec-comemora-54-anos-realizando-a-entrega-das-condecoracoes-de-merito-educacional\/","title":{"rendered":"Fundec comemora 54 anos realizando a entrega das Condecora\u00e7\u00f5es de M\u00e9rito Educacional"},"content":{"rendered":"<p style=\"text-align: justify;\"><strong><span style=\"font-size: large;\">A Funda\u00e7\u00e3o Dracenense de Educa\u00e7\u00e3o e Cultura (Fundec) atua na \u00e1rea educacional desde o ano de 1968. Mantenedora das unidades escolares Anglo-CID, CEP\/UME e Unifadra, neste dia 13 de maio, a institui\u00e7\u00e3o completa 54 anos de atividades e celebra a data com a entrega de sua mais alta honraria, a Condecora\u00e7\u00e3o de M\u00e9rito Educacional.<\/span><\/strong><\/p>\n<p><span style=\"font-size: large;\">Em 2022, ser\u00e3o homenageadas 9 personalidades e a solenidade ser\u00e1 realizada na noite de hoje (13), \u00e0s 19h, no Audit\u00f3rio &#8220;Prof. Geraldo Mariano Alves&#8221;. A cerim\u00f4nia \u00e9 presencial e a comunidade poder\u00e1 acompanhar o evento no canal oficial da Fundec pela transmiss\u00e3o ao vivo no link:\u00a0<a href=\"http:\/\/fundec.edu.br\/cerimonia\" target=\"_blank\" rel=\"noopener noreferrer\">fundec.edu.br\/cerimonia<\/a>\u00a0.<\/span><\/p>\n<p><span style=\"font-size: large;\">At\u00e9 hoje, a Fundec entregou 54 condecora\u00e7\u00f5es como uma forma de reconhecimento e agradecimento a todos aqueles que contribu\u00edram com a sua hist\u00f3ria, seja prestando relevantes servi\u00e7os, formando parcerias ou apoiando projetos que levaram educa\u00e7\u00e3o a milhares de pessoas. A condecora\u00e7\u00e3o \u00e9 realizada de tempos em tempos e, nesta edi\u00e7\u00e3o, vai agraciar:<\/span><\/p>\n<p><span style=\"font-size: large;\"><b>Fernando Moraes<\/b>\u00a0&#8211; escritor, ex-diretor executivo da Funap (funda\u00e7\u00e3o que contribui para a reintegra\u00e7\u00e3o social da pessoa privada de liberdade por meio do desenvolvimento de seu potencial como indiv\u00edduo e cidad\u00e3o, ou seja, para a melhoria de suas condi\u00e7\u00f5es de vida, oferecendo estudo, qualifica\u00e7\u00e3o, aprendizado profissional e oportunidade de trabalho remunerado), que realizou parceria com a Fundec para ministrar cursos;<\/span><br \/>\n<span style=\"font-size: large;\"><b>Marcus Fraz\u00e3o<\/b>\u00a0&#8211; juiz de Direito, idealizador do projeto &#8220;DNA\u00a0<\/span>Conciliado<span style=\"font-size: large;\">\u00a0\u00e9 Legal&#8221; (projeto premiado pelo Conselho Nacional de Justi\u00e7a, que possibilitou a realiza\u00e7\u00e3o de exames de DNA gratuitos aos mais necessitados da regi\u00e3o da Nova Alta Paulista, que n\u00e3o precisaram se deslocar para outros centros para passar pelo procedimento), que realizou parceria com a Fundec para viabilizar os exames pelos cursos de sa\u00fade da faculdade Unifadra;<\/span><br \/>\n<span style=\"font-size: large;\"><b>Mauro Pereira<\/b>\u00a0&#8211; dracenense, ex-deputado federal pelo Rio Grande do Sul, que tem colaborado com demandas da nossa institui\u00e7\u00e3o tanto em Bras\u00edlia quanto no seu estado de atua\u00e7\u00e3o, em especial, durante o per\u00edodo da pandemia;<\/span><br \/>\n<span style=\"font-size: large;\"><b>D\u00e9cio Jos\u00e9 Esteves<\/b>\u00a0&#8211; ex-presidente do Conselho de Curadores da Fundec (gest\u00e3o 2017-2020), representando os dirigentes da funda\u00e7\u00e3o, que voluntariamente doam seu tempo e seu trabalho para o desenvolvimento da institui\u00e7\u00e3o;<\/span><br \/>\n<span style=\"font-size: large;\"><b>Julia Portari<\/b>\u00a0&#8211; diretora do CEP\/UME desde 2006, aluna da 1\u00aa turma de Letras da ent\u00e3o Faculdade de Filosofia, Ci\u00eancias e Letras (que deu origem \u00e0 Unifadra), com 44 anos de atividades voltadas ao ensino e relevantes servi\u00e7os prestados \u00e0 Fundec;<\/span><br \/>\n<span style=\"font-size: large;\"><b>Neusa Franco Ara\u00fajo<\/b>\u00a0&#8211; ex-professora do col\u00e9gio Anglo-CID, que lecionou por 35 anos, e foi respons\u00e1vel pelos melhores \u00edndices no simulado do Sistema Anglo, em n\u00edvel nacional, na disciplina de Geografia;<\/span><br \/>\n<span style=\"font-size: large;\"><b>Enrico Misasi<\/b>\u00a0&#8211; deputado federal por S\u00e3o Paulo, que viabilizou emendas parlamentares para o desenvolvimento da Fundec e do curso de Medicina da Unifadra;<\/span><br \/>\n<span style=\"font-size: large;\"><b>Rodrigo Parra<\/b>\u00a0&#8211; ex-presidente da C\u00e2mara Municipal de Dracena (mandato 2017-2018) e<\/span><br \/>\n<span style=\"font-size: large;\"><b>Milton Polon<\/b>\u00a0&#8211; ex-presidente da C\u00e2mara Municipal de Dracena (mandato 2019-2020), ambos os vereadores representando todo o legislativo dracenense, que vem apoiando as atividades da Fundec, especialmente nos \u00faltimos 21 anos.<\/span><\/p>\n<p><span style=\"font-size: large;\">Durante a solenidade haver\u00e1 a recep\u00e7\u00e3o dos convidados, a apresenta\u00e7\u00e3o do Coral Unifadra e do v\u00eddeo comemorativo aos 50 anos do Col\u00e9gio Anglo-CID, al\u00e9m dos novos v\u00eddeos institucionais da Fundec e das unidades mantidas pela institui\u00e7\u00e3o, seguidas pelo coquetel aos homenageados.<\/span><\/p>\n<p><span style=\"font-size: large;\">Paulo S\u00e9rgio Peres, presidente do Conselho de Curadores da Fundec, ressalta\u00a0<\/span>que &#8220;a<span style=\"font-size: large;\">\u00a0Fundec \u00e9 uma institui\u00e7\u00e3o alicer\u00e7ada na confian\u00e7a. Os homens e mulheres que, 54 anos atr\u00e1s, a idealizaram, eram pessoas que verdadeiramente\u00a0<\/span>trabalharam<span style=\"font-size: large;\">\u00a0para o bem comum e\u00a0<\/span>confiaram<span style=\"font-size: large;\">\u00a0em seus ideais e sonhos.<\/span><\/p>\n<p><span style=\"font-size: large;\">Ao longo deste cinquenten\u00e1rio, muitos outros homens e mulheres probos, abnegados, embalados nos mesmos ideais, visando sempre o bem comum, confiantes, deram seus\u00a0<\/span>valorosos<span style=\"font-size: large;\">\u00a0contributos \u00e0 Fundec, tornando-a uma institui\u00e7\u00e3o forte. E institui\u00e7\u00f5es fortes constroem uma sociedade forte. A Condecora\u00e7\u00e3o de M\u00e9rito Educacional \u00e9 uma forma de materializar o nosso reconhecimento a esses valorosos homens e mulheres&#8221;, finalizou.<\/span><\/p>\n<p><span style=\"font-size: large;\"><b>Condecora\u00e7\u00e3o de M\u00e9rito Educacional<\/b><\/span><\/p>\n<p><span style=\"font-size: large;\">Criada em 2008 pela Dire\u00e7\u00e3o Executiva da Fundec com o aval do Conselho de Curadores, essa Condecora\u00e7\u00e3o teve como primeira a\u00e7\u00e3o o reconhecimento aos fundadores\/antecessores na comemora\u00e7\u00e3o dos 40 anos de hist\u00f3ria da Fundec (30 homenageados). Em 2018, foram homenageadas as pessoas que participaram das conquistas dos \u00faltimos 10 anos da institui\u00e7\u00e3o (23 homenageados). Em 2019, o jogador Edu Dracena, idealizador da Associa\u00e7\u00e3o Proeduc (projeto social que levou a centenas de pessoas carentes a oportunidade de fazer um curso t\u00e9cnico no CEP\/UME) tamb\u00e9m recebeu a condecora\u00e7\u00e3o.<\/span><\/p>\n<p>Fonte: Depto. de Comunica\u00e7\u00e3o Fundec<\/p>\n","protected":false},"excerpt":{"rendered":"<p>A Funda\u00e7\u00e3o Dracenense de Educa\u00e7\u00e3o e Cultura (Fundec) atua na \u00e1rea educacional desde o ano de 1968. Mantenedora das unidades escolares Anglo-CID, CEP\/UME e Unifadra, neste dia 13 de maio, a institui\u00e7\u00e3o completa 54 anos de atividades e celebra a data com a entrega de sua mais alta honraria, a Condecora\u00e7\u00e3o de M\u00e9rito Educacional. Em [&hellip;]<\/p>\n","protected":false},"author":1,"featured_media":63523,"comment_status":"closed","ping_status":"open","sticky":false,"template":"","format":"standard","meta":{"footnotes":""},"categories":[110,122],"tags":[],"class_list":["post-63522","post","type-post","status-publish","format-standard","has-post-thumbnail","hentry","category-noticiasdestaque","category-saudeeducacaoeconcurso"],"_links":{"self":[{"href":"https:\/\/jorgezanoni.com.br\/2019\/wp-json\/wp\/v2\/posts\/63522","targetHints":{"allow":["GET"]}}],"collection":[{"href":"https:\/\/jorgezanoni.com.br\/2019\/wp-json\/wp\/v2\/posts"}],"about":[{"href":"https:\/\/jorgezanoni.com.br\/2019\/wp-json\/wp\/v2\/types\/post"}],"author":[{"embeddable":true,"href":"https:\/\/jorgezanoni.com.br\/2019\/wp-json\/wp\/v2\/users\/1"}],"replies":[{"embeddable":true,"href":"https:\/\/jorgezanoni.com.br\/2019\/wp-json\/wp\/v2\/comments?post=63522"}],"version-history":[{"count":0,"href":"https:\/\/jorgezanoni.com.br\/2019\/wp-json\/wp\/v2\/posts\/63522\/revisions"}],"wp:featuredmedia":[{"embeddable":true,"href":"https:\/\/jorgezanoni.com.br\/2019\/wp-json\/wp\/v2\/media\/63523"}],"wp:attachment":[{"href":"https:\/\/jorgezanoni.com.br\/2019\/wp-json\/wp\/v2\/media?parent=63522"}],"wp:term":[{"taxonomy":"category","embeddable":true,"href":"https:\/\/jorgezanoni.com.br\/2019\/wp-json\/wp\/v2\/categories?post=63522"},{"taxonomy":"post_tag","embeddable":true,"href":"https:\/\/jorgezanoni.com.br\/2019\/wp-json\/wp\/v2\/tags?post=63522"}],"curies":[{"name":"wp","href":"https:\/\/api.w.org\/{rel}","templated":true}]}}