{"id":63471,"date":"2022-05-12T13:20:25","date_gmt":"2022-05-12T13:20:25","guid":{"rendered":"https:\/\/jorgezanoni.com.br\/2019\/?p=63471"},"modified":"2022-05-12T13:20:25","modified_gmt":"2022-05-12T13:20:25","slug":"12-de-maio-e-o-dia-mundial-dos-profissionais-da-saude","status":"publish","type":"post","link":"https:\/\/jorgezanoni.com.br\/2019\/12-de-maio-e-o-dia-mundial-dos-profissionais-da-saude\/","title":{"rendered":"12 de maio \u00e9 o &#8220;Dia Mundial dos Profissionais da Sa\u00fade&#8221;"},"content":{"rendered":"<h2 class=\"entry-title\" style=\"text-align: justify;\"><span style=\"font-family: Verdana, Geneva, sans-serif; font-size: 15px; color: #222222;\">Os profissionais de sa\u00fade representam a alma de estabelecimentos hospitalares. S\u00e3o os respons\u00e1veis por cuidar da vida de todos, muito mais do que da sa\u00fade dos pacientes, mas tamb\u00e9m s\u00e3o respons\u00e1veis por todo carinho e aten\u00e7\u00e3o que o ser humano precisa.<\/span><\/h2>\n<div class=\"entry-content\">\n<p style=\"text-align: justify;\">A data de hoje foi escolhida para homenagear esses profissionais, mas nem sempre foi assim. O dia 12 de maio era comemorado o Dia da Enfermagem, uma homenagem a Florence Nightingale, uma inglesa considerada a idealizadora da enfermagem moderna e fundadora da primeira Escola de Enfermagem, mas devido ao crescimento de hospitais e \u00e1reas da sa\u00fade, o dia foi modificado para os profissionais que podem ser: m\u00e9dicos, enfermeiros, bi\u00f3logos, nutricionistas, fisioterapeutas, assistentes sociais, fonoaudi\u00f3logos, dentistas, terapeutas ocupacionais, psic\u00f3logos, biom\u00e9dicos, farmac\u00eauticos entre outros.<\/p>\n<p style=\"text-align: justify;\">Parab\u00e9ns para as pessoas que escolheram esse trabalho! Nossa homenagem a todos voc\u00eas que s\u00e3o sempre atentos e cuidadosos com seus pacientes.<\/p>\n<p style=\"text-align: justify;\">Fonte: https:\/\/homelife.com.br\/<\/p>\n<p style=\"text-align: justify;\">Foto Santa Casa de Dracena<\/p>\n<\/div>\n","protected":false},"excerpt":{"rendered":"<p>Os profissionais de sa\u00fade representam a alma de estabelecimentos hospitalares. S\u00e3o os respons\u00e1veis por cuidar da vida de todos, muito mais do que da sa\u00fade dos pacientes, mas tamb\u00e9m s\u00e3o respons\u00e1veis por todo carinho e aten\u00e7\u00e3o que o ser humano precisa. A data de hoje foi escolhida para homenagear esses profissionais, mas nem sempre foi [&hellip;]<\/p>\n","protected":false},"author":1,"featured_media":63473,"comment_status":"closed","ping_status":"open","sticky":false,"template":"","format":"standard","meta":{"footnotes":""},"categories":[110,122],"tags":[],"class_list":["post-63471","post","type-post","status-publish","format-standard","has-post-thumbnail","hentry","category-noticiasdestaque","category-saudeeducacaoeconcurso"],"_links":{"self":[{"href":"https:\/\/jorgezanoni.com.br\/2019\/wp-json\/wp\/v2\/posts\/63471","targetHints":{"allow":["GET"]}}],"collection":[{"href":"https:\/\/jorgezanoni.com.br\/2019\/wp-json\/wp\/v2\/posts"}],"about":[{"href":"https:\/\/jorgezanoni.com.br\/2019\/wp-json\/wp\/v2\/types\/post"}],"author":[{"embeddable":true,"href":"https:\/\/jorgezanoni.com.br\/2019\/wp-json\/wp\/v2\/users\/1"}],"replies":[{"embeddable":true,"href":"https:\/\/jorgezanoni.com.br\/2019\/wp-json\/wp\/v2\/comments?post=63471"}],"version-history":[{"count":0,"href":"https:\/\/jorgezanoni.com.br\/2019\/wp-json\/wp\/v2\/posts\/63471\/revisions"}],"wp:featuredmedia":[{"embeddable":true,"href":"https:\/\/jorgezanoni.com.br\/2019\/wp-json\/wp\/v2\/media\/63473"}],"wp:attachment":[{"href":"https:\/\/jorgezanoni.com.br\/2019\/wp-json\/wp\/v2\/media?parent=63471"}],"wp:term":[{"taxonomy":"category","embeddable":true,"href":"https:\/\/jorgezanoni.com.br\/2019\/wp-json\/wp\/v2\/categories?post=63471"},{"taxonomy":"post_tag","embeddable":true,"href":"https:\/\/jorgezanoni.com.br\/2019\/wp-json\/wp\/v2\/tags?post=63471"}],"curies":[{"name":"wp","href":"https:\/\/api.w.org\/{rel}","templated":true}]}}