{"id":63468,"date":"2022-05-12T12:04:42","date_gmt":"2022-05-12T12:04:42","guid":{"rendered":"https:\/\/jorgezanoni.com.br\/2019\/?p=63468"},"modified":"2022-05-12T12:04:42","modified_gmt":"2022-05-12T12:04:42","slug":"capotamento-de-veiculo-causa-morte-de-jovem-em-vicinal","status":"publish","type":"post","link":"https:\/\/jorgezanoni.com.br\/2019\/capotamento-de-veiculo-causa-morte-de-jovem-em-vicinal\/","title":{"rendered":"Capotamento de ve\u00edculo causa morte de jovem em vicinal"},"content":{"rendered":"<p>O capotamento de um ve\u00edculo na Vicinal Paschoal Milton Lentini em Luc\u00e9lia matou uma jovem na noite desta quarta-feira (11).<\/p>\n<p style=\"text-align: justify;\">O acidente ocorreu no km 4, os motivos ainda s\u00e3o desconhecidos.<\/p>\n<p style=\"text-align: justify;\">A v\u00edtima que seguia sozinha no ve\u00edculo sofreu ferimentos graves, infelizmente n\u00e3o resistiu e acabou falecendo no local do acidente.<\/p>\n<p style=\"text-align: justify;\">O Corpo de Bombeiros chegou a ser acionado e deslocou o \u201ctrem de socorro\u201d para o local, por\u00e9m, nada pode ser feito.<\/p>\n<p style=\"text-align: justify;\">A pol\u00edcia foi acionada e registrou o boletim de ocorr\u00eancia.<\/p>\n<p style=\"text-align: justify;\">A Pol\u00edcia Civil vai apurar as causas do acidente.<\/p>\n<p style=\"text-align: justify;\">Fonte: Folha Regional &#8211; Foto: Diego Fernandes \/ Arquivo<\/p>\n","protected":false},"excerpt":{"rendered":"<p>O capotamento de um ve\u00edculo na Vicinal Paschoal Milton Lentini em Luc\u00e9lia matou uma jovem na noite desta quarta-feira (11). O acidente ocorreu no km 4, os motivos ainda s\u00e3o desconhecidos. A v\u00edtima que seguia sozinha no ve\u00edculo sofreu ferimentos graves, infelizmente n\u00e3o resistiu e acabou falecendo no local do acidente. O Corpo de Bombeiros [&hellip;]<\/p>\n","protected":false},"author":1,"featured_media":63469,"comment_status":"closed","ping_status":"open","sticky":false,"template":"","format":"standard","meta":{"footnotes":""},"categories":[170,110],"tags":[],"class_list":["post-63468","post","type-post","status-publish","format-standard","has-post-thumbnail","hentry","category-acidentes","category-noticiasdestaque"],"_links":{"self":[{"href":"https:\/\/jorgezanoni.com.br\/2019\/wp-json\/wp\/v2\/posts\/63468","targetHints":{"allow":["GET"]}}],"collection":[{"href":"https:\/\/jorgezanoni.com.br\/2019\/wp-json\/wp\/v2\/posts"}],"about":[{"href":"https:\/\/jorgezanoni.com.br\/2019\/wp-json\/wp\/v2\/types\/post"}],"author":[{"embeddable":true,"href":"https:\/\/jorgezanoni.com.br\/2019\/wp-json\/wp\/v2\/users\/1"}],"replies":[{"embeddable":true,"href":"https:\/\/jorgezanoni.com.br\/2019\/wp-json\/wp\/v2\/comments?post=63468"}],"version-history":[{"count":0,"href":"https:\/\/jorgezanoni.com.br\/2019\/wp-json\/wp\/v2\/posts\/63468\/revisions"}],"wp:featuredmedia":[{"embeddable":true,"href":"https:\/\/jorgezanoni.com.br\/2019\/wp-json\/wp\/v2\/media\/63469"}],"wp:attachment":[{"href":"https:\/\/jorgezanoni.com.br\/2019\/wp-json\/wp\/v2\/media?parent=63468"}],"wp:term":[{"taxonomy":"category","embeddable":true,"href":"https:\/\/jorgezanoni.com.br\/2019\/wp-json\/wp\/v2\/categories?post=63468"},{"taxonomy":"post_tag","embeddable":true,"href":"https:\/\/jorgezanoni.com.br\/2019\/wp-json\/wp\/v2\/tags?post=63468"}],"curies":[{"name":"wp","href":"https:\/\/api.w.org\/{rel}","templated":true}]}}