{"id":63449,"date":"2022-05-11T21:23:32","date_gmt":"2022-05-11T21:23:32","guid":{"rendered":"https:\/\/jorgezanoni.com.br\/2019\/?p=63449"},"modified":"2022-05-11T21:23:32","modified_gmt":"2022-05-11T21:23:32","slug":"colegio-anglo-cid-comemora-50-anos-de-fundacao","status":"publish","type":"post","link":"https:\/\/jorgezanoni.com.br\/2019\/colegio-anglo-cid-comemora-50-anos-de-fundacao\/","title":{"rendered":"Col\u00e9gio Anglo-CID comemora 50 anos de funda\u00e7\u00e3o"},"content":{"rendered":"<p style=\"text-align: justify;\"><i><strong><span style=\"font-size: large;\">Criado em 1972, o CID surgiu pela necessidade de um col\u00e9gio de aplica\u00e7\u00e3o para os alunos da ent\u00e3o Faculdade de Filosofia, Ci\u00eancias e Letras realizarem seus est\u00e1gios.<\/span><\/strong><\/i><\/p>\n<p><span style=\"font-size: large;\">O Col\u00e9gio Integrado de Dracena, atualmente Escola &#8220;Prof. Gumercindo Corr\u00eaa de Almeida\u00a0<\/span>Moraes&#8221;,<span style=\"font-size: large;\">\u00a0conhecido por todos como Anglo-CID, est\u00e1 celebrando 50 anos de funda\u00e7\u00e3o.<\/span><\/p>\n<p><span style=\"font-size: large;\">As atividades comemorativas iniciam na manh\u00e3 de hoje (12), \u00e0s 9h30, com as turminhas do Ensino Fundamental I realizando a soltura de bal\u00f5es biodegrad\u00e1veis cheios de g\u00e1s h\u00e9lio em frente ao col\u00e9gio. Em seguida, durante os ciclos de intervalos das aulas, ser\u00e3o servidos bolo e refrigerantes a todos os alunos.<\/span><\/p>\n<p><span style=\"font-size: large;\">No per\u00edodo da tarde, \u00e0s 15h, as turmas do Ensino M\u00e9dio, os representantes de sala do Ensino Fundamental II, gestores do col\u00e9gio e professores estar\u00e3o reunidos no Audit\u00f3rio &#8220;Prof. Geraldo Mariano Alves&#8221; para a apresenta\u00e7\u00e3o do v\u00eddeo comemorativo aos 50 anos do col\u00e9gio, o depoimento da assessora do Sistema Anglo de Ensino Rosane Maria da Silva de Faria parabenizando o Anglo-CID e ressaltando os mais de 40 anos de parceria entre as institui\u00e7\u00f5es, e as apresenta\u00e7\u00f5es de m\u00fasica e dan\u00e7a dos projetos Anglo Dance e Can\u00e7\u00f5es.<\/span><\/p>\n<p><span style=\"font-size: large;\">Em seguida, o ponto alto da celebra\u00e7\u00e3o ser\u00e1 a inaugura\u00e7\u00e3o da nova sala dos professores, que homenagear\u00e1 Tatiana Santana Pelisson Froio (<i>in memoriam<\/i>), vice-diretora do col\u00e9gio, e contar\u00e1 com a presen\u00e7a dos familiares.<\/span><\/p>\n<p><span style=\"font-size: large;\">Querida por todos que conviveram com ela, Tatiana teve uma trajet\u00f3ria marcante no Anglo-CID, iniciada em 2011, como professora do 2\u00ba ano do Ensino Fundamental. J\u00e1 no ano seguinte, tornou-se coordenadora pedag\u00f3gica do Ensino Fundamental I e do Ensino M\u00e9dio. A partir de 2016, assumiu como vice-diretora do Anglo-CID, falecendo em 2021 ap\u00f3s superar um c\u00e2ncer, v\u00edtima de complica\u00e7\u00f5es devido \u00e0 Covid-19. Nos 10 anos em que atuou, Tatiana idealizou projetos, participou de conquistas importantes e premia\u00e7\u00f5es, como os quatro Le\u00f5es de Ouro recebidos pelo col\u00e9gio. Seu legado ficar\u00e1 eternizado pela lembran\u00e7a de seu nome na sala dos professores do Anglo-CID.<\/span><\/p>\n<p><span style=\"font-size: large;\">Eul\u00e1lia Pires Fava, diretora do Anglo-CID, ressalta que comemorar os 50 anos deste col\u00e9gio \u00e9 um evento grandioso, que enche a todos de orgulho e de alegria: uma trajet\u00f3ria de dedica\u00e7\u00e3o, comprometimento e amor pela educa\u00e7\u00e3o e pela arte de ensinar. Muitas conquistas foram alcan\u00e7adas durante esta caminhada, caminhada por vezes tranquila e outras \u00e1rduas; mas que nos levaram ao sucesso, tanto do col\u00e9gio quanto dos profissionais que aqui compartilharam seus saberes, dos alunos que sentaram nesses bancos e das fam\u00edlias que confiaram seus filhos aos nossos cuidados. Tivemos a perda irrepar\u00e1vel da querida Tatiana Froio, mas sabemos em nosso cora\u00e7\u00e3o que a sua presen\u00e7a se faz em todos os momentos, por isso nossa homenagem com a sala dos professores recebendo e eternizando seu nome, em lembran\u00e7a a sua pessoa.<\/span><\/p>\n<p><span style=\"font-size: large;\">Edson Hissatomi Kai, diretor executivo da Fundec, destaca que o outrora Col\u00e9gio Integrado de Dracena, hoje Col\u00e9gio Anglo-CID, sempre teve grande import\u00e2ncia na forma\u00e7\u00e3o s\u00f3lida para o aprendizado de crian\u00e7as, adolescentes e jovens com mais autonomia, respons\u00e1veis e conscientes. Essa refer\u00eancia baseada em inova\u00e7\u00f5es metodol\u00f3gicas educacionais proporcionou modelos para a faculdade Unifadra, especialmente em seus cursos superiores para forma\u00e7\u00e3o de novos professores da educa\u00e7\u00e3o b\u00e1sica. Foram milhares de pessoas que passaram por essa Escola ao longo de 50 anos de exist\u00eancia e, muitos, com o seu aprendizado, atuam com excel\u00eancia nas mais diversas \u00e1reas profissionais no Brasil e no exterior.<\/span><\/p>\n<p><span style=\"font-size: large;\"><b>Outros eventos<\/b><\/span><\/p>\n<p><span style=\"font-size: large;\">O cinquenten\u00e1rio do Anglo-CID vai ser celebrado ao longo do ano em diversas atividades voltadas aos alunos e amanh\u00e3, 13 de maio, ser\u00e1 destacado nas comemora\u00e7\u00f5es dos 54 anos da Fundec durante a Cerim\u00f4nia de Entrega das Condecora\u00e7\u00f5es de M\u00e9rito Educacional, que se inicia \u00e0s 19h. A solenidade poder\u00e1 ser acompanhada no canal oficial da Fundec em transmiss\u00e3o ao vivo pelo link:\u00a0<a href=\"http:\/\/fundec.edu.br\/cerimonia\" target=\"_blank\" rel=\"noopener noreferrer\">fundec.edu.br\/cerimonia<\/a>\u00a0.<\/span><\/p>\n<p><img loading=\"lazy\" decoding=\"async\" class=\"alignnone size-full wp-image-63451\" src=\"https:\/\/jorgezanoni.com.br\/2019\/wp-content\/uploads\/2022\/05\/anglo1.jpeg\" alt=\"\" width=\"700\" height=\"394\" srcset=\"https:\/\/jorgezanoni.com.br\/2019\/wp-content\/uploads\/2022\/05\/anglo1.jpeg 700w, https:\/\/jorgezanoni.com.br\/2019\/wp-content\/uploads\/2022\/05\/anglo1-300x169.jpeg 300w, https:\/\/jorgezanoni.com.br\/2019\/wp-content\/uploads\/2022\/05\/anglo1-696x392.jpeg 696w\" sizes=\"auto, (max-width: 700px) 100vw, 700px\" \/><\/p>\n<p>Fonte: Depto. Comunica\u00e7\u00e3o Fundec<\/p>\n","protected":false},"excerpt":{"rendered":"<p>Criado em 1972, o CID surgiu pela necessidade de um col\u00e9gio de aplica\u00e7\u00e3o para os alunos da ent\u00e3o Faculdade de Filosofia, Ci\u00eancias e Letras realizarem seus est\u00e1gios. O Col\u00e9gio Integrado de Dracena, atualmente Escola &#8220;Prof. Gumercindo Corr\u00eaa de Almeida\u00a0Moraes&#8221;,\u00a0conhecido por todos como Anglo-CID, est\u00e1 celebrando 50 anos de funda\u00e7\u00e3o. As atividades comemorativas iniciam na manh\u00e3 [&hellip;]<\/p>\n","protected":false},"author":1,"featured_media":63450,"comment_status":"closed","ping_status":"open","sticky":false,"template":"","format":"standard","meta":{"footnotes":""},"categories":[110,122],"tags":[],"class_list":["post-63449","post","type-post","status-publish","format-standard","has-post-thumbnail","hentry","category-noticiasdestaque","category-saudeeducacaoeconcurso"],"_links":{"self":[{"href":"https:\/\/jorgezanoni.com.br\/2019\/wp-json\/wp\/v2\/posts\/63449","targetHints":{"allow":["GET"]}}],"collection":[{"href":"https:\/\/jorgezanoni.com.br\/2019\/wp-json\/wp\/v2\/posts"}],"about":[{"href":"https:\/\/jorgezanoni.com.br\/2019\/wp-json\/wp\/v2\/types\/post"}],"author":[{"embeddable":true,"href":"https:\/\/jorgezanoni.com.br\/2019\/wp-json\/wp\/v2\/users\/1"}],"replies":[{"embeddable":true,"href":"https:\/\/jorgezanoni.com.br\/2019\/wp-json\/wp\/v2\/comments?post=63449"}],"version-history":[{"count":0,"href":"https:\/\/jorgezanoni.com.br\/2019\/wp-json\/wp\/v2\/posts\/63449\/revisions"}],"wp:featuredmedia":[{"embeddable":true,"href":"https:\/\/jorgezanoni.com.br\/2019\/wp-json\/wp\/v2\/media\/63450"}],"wp:attachment":[{"href":"https:\/\/jorgezanoni.com.br\/2019\/wp-json\/wp\/v2\/media?parent=63449"}],"wp:term":[{"taxonomy":"category","embeddable":true,"href":"https:\/\/jorgezanoni.com.br\/2019\/wp-json\/wp\/v2\/categories?post=63449"},{"taxonomy":"post_tag","embeddable":true,"href":"https:\/\/jorgezanoni.com.br\/2019\/wp-json\/wp\/v2\/tags?post=63449"}],"curies":[{"name":"wp","href":"https:\/\/api.w.org\/{rel}","templated":true}]}}