{"id":63434,"date":"2022-05-11T17:04:45","date_gmt":"2022-05-11T17:04:45","guid":{"rendered":"https:\/\/jorgezanoni.com.br\/2019\/?p=63434"},"modified":"2022-05-11T17:04:45","modified_gmt":"2022-05-11T17:04:45","slug":"rua-ipiranga-ficara-interditada-por-dois-dias-no-jardim-jussara","status":"publish","type":"post","link":"https:\/\/jorgezanoni.com.br\/2019\/rua-ipiranga-ficara-interditada-por-dois-dias-no-jardim-jussara\/","title":{"rendered":"Rua Ipiranga ficar\u00e1 interditada por dois dias no Jardim Jussara"},"content":{"rendered":"<p style=\"text-align: justify;\">A EMDAEP segue trabalhando nas obras da galeria da Rua Ipiranga, no Jardim Jussara, e por isso haver\u00e1 a interdi\u00e7\u00e3o parcial da via nesta quarta-feira (11) e por completo na quinta e sexta-feira (12 e 13).<\/p>\n<p style=\"text-align: justify;\">O tr\u00e2nsito de ve\u00edculos e ambul\u00e2ncias da regi\u00e3o ter\u00e1 que ser desviado da Rua Ipiranga para a Avenida Jos\u00e9 Bonif\u00e1cio na quinta e sexta-feira.<\/p>\n<p style=\"text-align: justify;\">Nesta atual fase, a galeria da Rua Ipiranga receber\u00e1 mais caixas de capta\u00e7\u00e3o e a segunda linha de tubos para interliga\u00e7\u00e3o com o ramal principal que est\u00e1 pronto.<\/p>\n<p style=\"text-align: justify;\">Ass. Rela\u00e7\u00f5es P\u00fablicas da EMDAEP<\/p>\n<p style=\"text-align: justify;\">\n","protected":false},"excerpt":{"rendered":"<p>A EMDAEP segue trabalhando nas obras da galeria da Rua Ipiranga, no Jardim Jussara, e por isso haver\u00e1 a interdi\u00e7\u00e3o parcial da via nesta quarta-feira (11) e por completo na quinta e sexta-feira (12 e 13). O tr\u00e2nsito de ve\u00edculos e ambul\u00e2ncias da regi\u00e3o ter\u00e1 que ser desviado da Rua Ipiranga para a Avenida Jos\u00e9 [&hellip;]<\/p>\n","protected":false},"author":1,"featured_media":63435,"comment_status":"closed","ping_status":"open","sticky":false,"template":"","format":"standard","meta":{"footnotes":""},"categories":[179,184,110],"tags":[],"class_list":["post-63434","post","type-post","status-publish","format-standard","has-post-thumbnail","hentry","category-cidadeseregiao","category-dracena","category-noticiasdestaque"],"_links":{"self":[{"href":"https:\/\/jorgezanoni.com.br\/2019\/wp-json\/wp\/v2\/posts\/63434","targetHints":{"allow":["GET"]}}],"collection":[{"href":"https:\/\/jorgezanoni.com.br\/2019\/wp-json\/wp\/v2\/posts"}],"about":[{"href":"https:\/\/jorgezanoni.com.br\/2019\/wp-json\/wp\/v2\/types\/post"}],"author":[{"embeddable":true,"href":"https:\/\/jorgezanoni.com.br\/2019\/wp-json\/wp\/v2\/users\/1"}],"replies":[{"embeddable":true,"href":"https:\/\/jorgezanoni.com.br\/2019\/wp-json\/wp\/v2\/comments?post=63434"}],"version-history":[{"count":0,"href":"https:\/\/jorgezanoni.com.br\/2019\/wp-json\/wp\/v2\/posts\/63434\/revisions"}],"wp:featuredmedia":[{"embeddable":true,"href":"https:\/\/jorgezanoni.com.br\/2019\/wp-json\/wp\/v2\/media\/63435"}],"wp:attachment":[{"href":"https:\/\/jorgezanoni.com.br\/2019\/wp-json\/wp\/v2\/media?parent=63434"}],"wp:term":[{"taxonomy":"category","embeddable":true,"href":"https:\/\/jorgezanoni.com.br\/2019\/wp-json\/wp\/v2\/categories?post=63434"},{"taxonomy":"post_tag","embeddable":true,"href":"https:\/\/jorgezanoni.com.br\/2019\/wp-json\/wp\/v2\/tags?post=63434"}],"curies":[{"name":"wp","href":"https:\/\/api.w.org\/{rel}","templated":true}]}}