{"id":63423,"date":"2022-05-11T16:55:14","date_gmt":"2022-05-11T16:55:14","guid":{"rendered":"https:\/\/jorgezanoni.com.br\/2019\/?p=63423"},"modified":"2022-05-11T16:55:14","modified_gmt":"2022-05-11T16:55:14","slug":"diretores-do-crf-sp-visitam-dracena-e-anunciam-sede-propria-para-o-proximo-ano","status":"publish","type":"post","link":"https:\/\/jorgezanoni.com.br\/2019\/diretores-do-crf-sp-visitam-dracena-e-anunciam-sede-propria-para-o-proximo-ano\/","title":{"rendered":"Diretores do CRF\/SP visitam Dracena e anunciam sede pr\u00f3pria para o pr\u00f3ximo ano"},"content":{"rendered":"<p style=\"text-align: justify;\"><strong>Em reuni\u00e3o realizada nas depend\u00eancias da Faculdade REGES, diretores do Conselho Regional de Farm\u00e1cia, anunciam a compra de um im\u00f3vel comercial ou constru\u00e7\u00e3o para a sede pr\u00f3pria que atender\u00e1 os profissionais da \u00e1rea de Parapu\u00e3 a Panorama.<\/strong><\/p>\n<p style=\"text-align: justify;\">O encontro dos diretores com os farmac\u00eauticos, foi para\u00a0informar as a\u00e7\u00f5es do CRF-SP, das ferramentas e a\u00e7\u00f5es do conselho, para forma\u00e7\u00e3o dos GTT &#8211; Grupos T\u00e9cnicos de Trabalho, no qual os profissionais podem atuar em v\u00e1rias a\u00e7\u00f5es na comunidade.<\/p>\n<p style=\"text-align: justify;\">A ideia \u00e9 trazer os farmac\u00eauticos mais pr\u00f3ximos do Conselho de Farm\u00e1cia e fazer o melhor para a profiss\u00e3o no sentido de reconhecimento e valoriza\u00e7\u00e3o do profissional.<\/p>\n<p style=\"text-align: justify;\">Uma nova reuni\u00e3o est\u00e1 agendada para o dia 07 de junho de 2022, onde ser\u00e3o formados os GTT, e novas frentes de trabalho com a\u00e7\u00f5es voltadas para a comunidade.<\/p>\n<p style=\"text-align: justify;\">Em cada cidade da regi\u00e3o, ter\u00e1 um Farmac\u00eautico refer\u00eancia, que apontar\u00e1 para a Delegacia as necessidade da comunidade, pol\u00edticos que atuam na sa\u00fade p\u00fablica e as a\u00e7\u00f5es farmac\u00eauticas a serem desenvolvidas em cada local.<\/p>\n<p style=\"text-align: justify;\">Existe a promessa para o ano de 2.023, ainda sem defini\u00e7\u00e3o, porque depende da real necessidade dos servi\u00e7os da Delegacia por parte dos Farmac\u00eauticos, da compra de uma sede comercial com estrutura pronta, ou constru\u00e7\u00e3o para a sede pr\u00f3pria\u00a0 em Dracena.<\/p>\n<p style=\"text-align: justify;\">O Delegado Regional do CRF\/SP que representar\u00e1 a regi\u00e3o, \u00e9 o Dr. Leandro Rodrigo Perez Ruela, que na oportunidade recebeu o Diretor Dr. Adriano Falvo, Secret\u00e1rio Geral do CRF\/SP, e a Conselheira Estadual Dra. Rosilene Martins.<\/p>\n<p><img loading=\"lazy\" decoding=\"async\" class=\"alignnone size-full wp-image-63425\" src=\"https:\/\/jorgezanoni.com.br\/2019\/wp-content\/uploads\/2022\/05\/IMG_6279-2.jpg\" alt=\"\" width=\"700\" height=\"438\" srcset=\"https:\/\/jorgezanoni.com.br\/2019\/wp-content\/uploads\/2022\/05\/IMG_6279-2.jpg 700w, https:\/\/jorgezanoni.com.br\/2019\/wp-content\/uploads\/2022\/05\/IMG_6279-2-300x188.jpg 300w, https:\/\/jorgezanoni.com.br\/2019\/wp-content\/uploads\/2022\/05\/IMG_6279-2-696x435.jpg 696w, https:\/\/jorgezanoni.com.br\/2019\/wp-content\/uploads\/2022\/05\/IMG_6279-2-671x420.jpg 671w\" sizes=\"auto, (max-width: 700px) 100vw, 700px\" \/> <img loading=\"lazy\" decoding=\"async\" class=\"alignnone size-full wp-image-63426\" src=\"https:\/\/jorgezanoni.com.br\/2019\/wp-content\/uploads\/2022\/05\/IMG_6280-2.jpg\" alt=\"\" width=\"700\" height=\"455\" srcset=\"https:\/\/jorgezanoni.com.br\/2019\/wp-content\/uploads\/2022\/05\/IMG_6280-2.jpg 700w, https:\/\/jorgezanoni.com.br\/2019\/wp-content\/uploads\/2022\/05\/IMG_6280-2-300x195.jpg 300w, https:\/\/jorgezanoni.com.br\/2019\/wp-content\/uploads\/2022\/05\/IMG_6280-2-696x452.jpg 696w, https:\/\/jorgezanoni.com.br\/2019\/wp-content\/uploads\/2022\/05\/IMG_6280-2-646x420.jpg 646w\" sizes=\"auto, (max-width: 700px) 100vw, 700px\" \/> <img loading=\"lazy\" decoding=\"async\" class=\"alignnone size-full wp-image-63427\" src=\"https:\/\/jorgezanoni.com.br\/2019\/wp-content\/uploads\/2022\/05\/IMG_6281-2.jpg\" alt=\"\" width=\"700\" height=\"346\" srcset=\"https:\/\/jorgezanoni.com.br\/2019\/wp-content\/uploads\/2022\/05\/IMG_6281-2.jpg 700w, https:\/\/jorgezanoni.com.br\/2019\/wp-content\/uploads\/2022\/05\/IMG_6281-2-300x148.jpg 300w, https:\/\/jorgezanoni.com.br\/2019\/wp-content\/uploads\/2022\/05\/IMG_6281-2-324x160.jpg 324w, https:\/\/jorgezanoni.com.br\/2019\/wp-content\/uploads\/2022\/05\/IMG_6281-2-696x344.jpg 696w\" sizes=\"auto, (max-width: 700px) 100vw, 700px\" \/> <img loading=\"lazy\" decoding=\"async\" class=\"alignnone size-full wp-image-63428\" src=\"https:\/\/jorgezanoni.com.br\/2019\/wp-content\/uploads\/2022\/05\/IMG_6282-2.jpg\" alt=\"\" width=\"700\" height=\"267\" srcset=\"https:\/\/jorgezanoni.com.br\/2019\/wp-content\/uploads\/2022\/05\/IMG_6282-2.jpg 700w, https:\/\/jorgezanoni.com.br\/2019\/wp-content\/uploads\/2022\/05\/IMG_6282-2-300x114.jpg 300w, https:\/\/jorgezanoni.com.br\/2019\/wp-content\/uploads\/2022\/05\/IMG_6282-2-696x265.jpg 696w\" sizes=\"auto, (max-width: 700px) 100vw, 700px\" \/> <img loading=\"lazy\" decoding=\"async\" class=\"alignnone size-full wp-image-63429\" src=\"https:\/\/jorgezanoni.com.br\/2019\/wp-content\/uploads\/2022\/05\/IMG_6285-2.jpg\" alt=\"\" width=\"700\" height=\"744\" srcset=\"https:\/\/jorgezanoni.com.br\/2019\/wp-content\/uploads\/2022\/05\/IMG_6285-2.jpg 700w, https:\/\/jorgezanoni.com.br\/2019\/wp-content\/uploads\/2022\/05\/IMG_6285-2-282x300.jpg 282w, https:\/\/jorgezanoni.com.br\/2019\/wp-content\/uploads\/2022\/05\/IMG_6285-2-696x740.jpg 696w, https:\/\/jorgezanoni.com.br\/2019\/wp-content\/uploads\/2022\/05\/IMG_6285-2-395x420.jpg 395w\" sizes=\"auto, (max-width: 700px) 100vw, 700px\" \/> <img loading=\"lazy\" decoding=\"async\" class=\"alignnone size-full wp-image-63430\" src=\"https:\/\/jorgezanoni.com.br\/2019\/wp-content\/uploads\/2022\/05\/IMG_6289-2.jpg\" alt=\"\" width=\"700\" height=\"347\" srcset=\"https:\/\/jorgezanoni.com.br\/2019\/wp-content\/uploads\/2022\/05\/IMG_6289-2.jpg 700w, https:\/\/jorgezanoni.com.br\/2019\/wp-content\/uploads\/2022\/05\/IMG_6289-2-300x149.jpg 300w, https:\/\/jorgezanoni.com.br\/2019\/wp-content\/uploads\/2022\/05\/IMG_6289-2-324x160.jpg 324w, https:\/\/jorgezanoni.com.br\/2019\/wp-content\/uploads\/2022\/05\/IMG_6289-2-696x345.jpg 696w\" sizes=\"auto, (max-width: 700px) 100vw, 700px\" \/> <img loading=\"lazy\" decoding=\"async\" class=\"alignnone size-full wp-image-63431\" src=\"https:\/\/jorgezanoni.com.br\/2019\/wp-content\/uploads\/2022\/05\/IMG_6291-2.jpg\" alt=\"\" width=\"700\" height=\"518\" srcset=\"https:\/\/jorgezanoni.com.br\/2019\/wp-content\/uploads\/2022\/05\/IMG_6291-2.jpg 700w, https:\/\/jorgezanoni.com.br\/2019\/wp-content\/uploads\/2022\/05\/IMG_6291-2-300x222.jpg 300w, https:\/\/jorgezanoni.com.br\/2019\/wp-content\/uploads\/2022\/05\/IMG_6291-2-80x60.jpg 80w, https:\/\/jorgezanoni.com.br\/2019\/wp-content\/uploads\/2022\/05\/IMG_6291-2-696x515.jpg 696w, https:\/\/jorgezanoni.com.br\/2019\/wp-content\/uploads\/2022\/05\/IMG_6291-2-568x420.jpg 568w\" sizes=\"auto, (max-width: 700px) 100vw, 700px\" \/> <img loading=\"lazy\" decoding=\"async\" class=\"alignnone size-full wp-image-63432\" src=\"https:\/\/jorgezanoni.com.br\/2019\/wp-content\/uploads\/2022\/05\/IMG_6293-2.jpg\" alt=\"\" width=\"700\" height=\"554\" srcset=\"https:\/\/jorgezanoni.com.br\/2019\/wp-content\/uploads\/2022\/05\/IMG_6293-2.jpg 700w, https:\/\/jorgezanoni.com.br\/2019\/wp-content\/uploads\/2022\/05\/IMG_6293-2-300x237.jpg 300w, https:\/\/jorgezanoni.com.br\/2019\/wp-content\/uploads\/2022\/05\/IMG_6293-2-696x551.jpg 696w, https:\/\/jorgezanoni.com.br\/2019\/wp-content\/uploads\/2022\/05\/IMG_6293-2-531x420.jpg 531w\" sizes=\"auto, (max-width: 700px) 100vw, 700px\" \/><\/p>\n<p style=\"text-align: justify;\">Jorge Zanoni<\/p>\n","protected":false},"excerpt":{"rendered":"<p>Em reuni\u00e3o realizada nas depend\u00eancias da Faculdade REGES, diretores do Conselho Regional de Farm\u00e1cia, anunciam a compra de um im\u00f3vel comercial ou constru\u00e7\u00e3o para a sede pr\u00f3pria que atender\u00e1 os profissionais da \u00e1rea de Parapu\u00e3 a Panorama. O encontro dos diretores com os farmac\u00eauticos, foi para\u00a0informar as a\u00e7\u00f5es do CRF-SP, das ferramentas e a\u00e7\u00f5es do [&hellip;]<\/p>\n","protected":false},"author":1,"featured_media":63424,"comment_status":"closed","ping_status":"open","sticky":false,"template":"","format":"standard","meta":{"footnotes":""},"categories":[110,122],"tags":[],"class_list":["post-63423","post","type-post","status-publish","format-standard","has-post-thumbnail","hentry","category-noticiasdestaque","category-saudeeducacaoeconcurso"],"_links":{"self":[{"href":"https:\/\/jorgezanoni.com.br\/2019\/wp-json\/wp\/v2\/posts\/63423","targetHints":{"allow":["GET"]}}],"collection":[{"href":"https:\/\/jorgezanoni.com.br\/2019\/wp-json\/wp\/v2\/posts"}],"about":[{"href":"https:\/\/jorgezanoni.com.br\/2019\/wp-json\/wp\/v2\/types\/post"}],"author":[{"embeddable":true,"href":"https:\/\/jorgezanoni.com.br\/2019\/wp-json\/wp\/v2\/users\/1"}],"replies":[{"embeddable":true,"href":"https:\/\/jorgezanoni.com.br\/2019\/wp-json\/wp\/v2\/comments?post=63423"}],"version-history":[{"count":0,"href":"https:\/\/jorgezanoni.com.br\/2019\/wp-json\/wp\/v2\/posts\/63423\/revisions"}],"wp:featuredmedia":[{"embeddable":true,"href":"https:\/\/jorgezanoni.com.br\/2019\/wp-json\/wp\/v2\/media\/63424"}],"wp:attachment":[{"href":"https:\/\/jorgezanoni.com.br\/2019\/wp-json\/wp\/v2\/media?parent=63423"}],"wp:term":[{"taxonomy":"category","embeddable":true,"href":"https:\/\/jorgezanoni.com.br\/2019\/wp-json\/wp\/v2\/categories?post=63423"},{"taxonomy":"post_tag","embeddable":true,"href":"https:\/\/jorgezanoni.com.br\/2019\/wp-json\/wp\/v2\/tags?post=63423"}],"curies":[{"name":"wp","href":"https:\/\/api.w.org\/{rel}","templated":true}]}}