{"id":6342,"date":"2019-09-15T14:57:34","date_gmt":"2019-09-15T14:57:34","guid":{"rendered":"https:\/\/jorgezanoni.com.br\/2019\/?p=6342"},"modified":"2019-09-15T14:57:34","modified_gmt":"2019-09-15T14:57:34","slug":"15o-passeio-ciclistico-e-competicao-aconteceu-neste-sabado-em-jacipora","status":"publish","type":"post","link":"https:\/\/jorgezanoni.com.br\/2019\/15o-passeio-ciclistico-e-competicao-aconteceu-neste-sabado-em-jacipora\/","title":{"rendered":"15\u00ba Passeio Cicl\u00edstico e Competi\u00e7\u00e3o aconteceu neste s\u00e1bado em Jacipor\u00e3"},"content":{"rendered":"<div id=\"fb-root\"><\/div>\n<p><script async=\"1\" defer=\"1\" crossorigin=\"anonymous\" src=\"https:\/\/connect.facebook.net\/en_US\/sdk.js#xfbml=1&amp;version=v4.0\"><\/script><\/p>\n<div class=\"fb-video\" data-href=\"https:\/\/www.facebook.com\/jorgeluizzanoni\/videos\/3136189076455209\/\" data-width=\"696\">\n<blockquote cite=\"https:\/\/www.facebook.com\/jorgeluizzanoni\/videos\/3136189076455209\/\" class=\"fb-xfbml-parse-ignore\"><p><a href=\"https:\/\/www.facebook.com\/jorgeluizzanoni\/videos\/3136189076455209\/\"><\/a><\/p>\n<p>15\u00ba Passeio Cicl\u00edstico e Competi\u00e7\u00e3o aconteceu neste s\u00e1bado em Jacipor\u00e3. (V\u00eddeo de Internauta) 14\/09\/19<\/p>\n<p>Posted by <a href=\"https:\/\/www.facebook.com\/jorgeluizzanoni\">Jorge Luiz Zanoni<\/a> on Sunday, September 15, 2019<\/p><\/blockquote>\n<\/div>\n","protected":false},"excerpt":{"rendered":"<p>15\u00ba Passeio Cicl\u00edstico e Competi\u00e7\u00e3o aconteceu neste s\u00e1bado em Jacipor\u00e3. (V\u00eddeo de Internauta) 14\/09\/19 Posted by Jorge Luiz Zanoni on Sunday, September 15, 2019<\/p>\n","protected":false},"author":1,"featured_media":6343,"comment_status":"closed","ping_status":"open","sticky":false,"template":"","format":"video","meta":{"footnotes":""},"categories":[169],"tags":[],"class_list":["post-6342","post","type-post","status-publish","format-video","has-post-thumbnail","hentry","category-videos","post_format-post-format-video"],"_links":{"self":[{"href":"https:\/\/jorgezanoni.com.br\/2019\/wp-json\/wp\/v2\/posts\/6342","targetHints":{"allow":["GET"]}}],"collection":[{"href":"https:\/\/jorgezanoni.com.br\/2019\/wp-json\/wp\/v2\/posts"}],"about":[{"href":"https:\/\/jorgezanoni.com.br\/2019\/wp-json\/wp\/v2\/types\/post"}],"author":[{"embeddable":true,"href":"https:\/\/jorgezanoni.com.br\/2019\/wp-json\/wp\/v2\/users\/1"}],"replies":[{"embeddable":true,"href":"https:\/\/jorgezanoni.com.br\/2019\/wp-json\/wp\/v2\/comments?post=6342"}],"version-history":[{"count":0,"href":"https:\/\/jorgezanoni.com.br\/2019\/wp-json\/wp\/v2\/posts\/6342\/revisions"}],"wp:featuredmedia":[{"embeddable":true,"href":"https:\/\/jorgezanoni.com.br\/2019\/wp-json\/wp\/v2\/media\/6343"}],"wp:attachment":[{"href":"https:\/\/jorgezanoni.com.br\/2019\/wp-json\/wp\/v2\/media?parent=6342"}],"wp:term":[{"taxonomy":"category","embeddable":true,"href":"https:\/\/jorgezanoni.com.br\/2019\/wp-json\/wp\/v2\/categories?post=6342"},{"taxonomy":"post_tag","embeddable":true,"href":"https:\/\/jorgezanoni.com.br\/2019\/wp-json\/wp\/v2\/tags?post=6342"}],"curies":[{"name":"wp","href":"https:\/\/api.w.org\/{rel}","templated":true}]}}