{"id":63387,"date":"2022-05-10T14:53:35","date_gmt":"2022-05-10T14:53:35","guid":{"rendered":"https:\/\/jorgezanoni.com.br\/2019\/?p=63387"},"modified":"2022-05-10T14:53:35","modified_gmt":"2022-05-10T14:53:35","slug":"camara-de-dracena-cria-comissao-processante-para-apurar-denuncia-contra-vereador","status":"publish","type":"post","link":"https:\/\/jorgezanoni.com.br\/2019\/camara-de-dracena-cria-comissao-processante-para-apurar-denuncia-contra-vereador\/","title":{"rendered":"C\u00e2mara de Dracena cria Comiss\u00e3o Processante para apurar den\u00fancia contra vereador"},"content":{"rendered":"<h2 class=\"content-head__subtitle\" style=\"text-align: justify;\"><strong>Conforme a Casa de Leis, J\u00falio C\u00e9sar Monteiro (PV) teria praticado suposto ato de improbidade administrativa. Aprova\u00e7\u00e3o da CP foi na sess\u00e3o desta segunda-feira (9).<\/strong><\/h2>\n<div class=\"mc-column content-text active-extra-styles \" data-block-type=\"unstyled\" data-block-weight=\"44\" data-block-id=\"2\">\n<p class=\"content-text__container \" style=\"text-align: justify;\" data-track-category=\"Link no Texto\" data-track-links=\"\">A C\u00e2mara Municipal de\u00a0<a href=\"https:\/\/g1.globo.com\/sp\/presidente-prudente-regiao\/cidade\/dracena\/\">Dracena<\/a>\u00a0(SP) acatou a den\u00fancia contra o vereador J\u00falio C\u00e9sar Monteiro (PV) por suposto ato de improbidade administrativa. A den\u00fancia foi lida e colocada em vota\u00e7\u00e3o, e aprovada a cria\u00e7\u00e3o da Comiss\u00e3o Processante (CP) na sess\u00e3o ordin\u00e1ria desta segunda-feira (9).<\/p>\n<\/div>\n<div class=\"wall protected-content\">\n<div class=\"mc-column content-text active-extra-styles \" style=\"text-align: justify;\" data-block-type=\"unstyled\" data-block-weight=\"18\" data-block-id=\"3\">\n<p class=\"content-text__container \" data-track-category=\"Link no Texto\" data-track-links=\"\">Conforme a Casa de Leis, a den\u00fancia foi apresentada pelo partido PATRIOTA. Foram contr\u00e1rios \u00e0 abertura da CP:<\/p>\n<p class=\"content-text__container \" data-track-category=\"Link no Texto\" data-track-links=\"\">C\u00e9lio Ferregutti (PV); Davi Silva (Uni\u00e3o Brasil); Rodrigo Parra (PSB)<\/p>\n<\/div>\n<div class=\"mc-column content-text active-extra-styles \" style=\"text-align: justify;\" data-block-type=\"unstyled\" data-block-weight=\"6\" data-block-id=\"5\">\n<p class=\"content-text__container \" data-track-category=\"Link no Texto\" data-track-links=\"\">J\u00e1 os vereadores a favor s\u00e3o:<\/p>\n<\/div>\n<div class=\"mc-column content-text active-extra-styles\" data-block-type=\"raw\" data-block-weight=\"25\" data-block-id=\"6\">\n<p style=\"text-align: justify;\">Danilo Ledo (Uni\u00e3o Brasil); <span style=\"text-align: justify;\">Luis Cavalcante (PATRIOTA); <\/span><span style=\"text-align: justify;\">Maria Mateus (PATRIOTA); <\/span><span style=\"text-align: justify;\">Nilton Shimodo (PODE); <\/span><span style=\"text-align: justify;\">Rodrigo Castilho (PSDB); <\/span><span style=\"text-align: justify;\">Sara Scarabelli (PODE); <\/span><span style=\"text-align: justify;\">Sidnei Contelli (PL); <\/span><span style=\"text-align: justify;\">Victor Palhares (PP)<\/span><\/p>\n<div class=\"mc-column content-text active-extra-styles \" style=\"text-align: justify;\" data-block-type=\"unstyled\" data-block-weight=\"14\" data-block-id=\"8\">\n<p class=\"content-text__container \" data-track-category=\"Link no Texto\" data-track-links=\"\">O presidente da C\u00e2mara, Claudinei Millan Pessoa (PP), s\u00f3 votaria em caso de empate.<\/p>\n<\/div>\n<div class=\"mc-column content-text active-extra-styles \" style=\"text-align: justify;\" data-block-type=\"unstyled\" data-block-weight=\"11\" data-block-id=\"9\">\n<p class=\"content-text__container \" data-track-category=\"Link no Texto\" data-track-links=\"\">Por meio de sorteio, foram definidos os membros da CP, sendo:<\/p>\n<\/div>\n<div class=\"mc-column content-text active-extra-styles\" style=\"text-align: justify;\" data-block-type=\"raw\" data-block-weight=\"13\" data-block-id=\"10\">\n<p><strong>Presidente:\u00a0<\/strong>Rodrigo Parra (PSB); <strong>Relator:<\/strong> Rodrigo Castilho (PSDB); <strong>Membro:\u00a0<\/strong>Davi Silva (Uni\u00e3o Brasil)<\/p>\n<\/div>\n<div class=\"mc-column content-text active-extra-styles \" style=\"text-align: justify;\" data-block-type=\"unstyled\" data-block-weight=\"23\" data-block-id=\"11\">\n<p class=\"content-text__container \" data-track-category=\"Link no Texto\" data-track-links=\"\">A C\u00e2mara salientou que a Comiss\u00e3o Processante receber\u00e1 o processo na \u00edntegra para an\u00e1lise e ter\u00e1 cinco dias para notificar o vereador denunciado.<\/p>\n<\/div>\n<div class=\"mc-column content-text active-extra-styles \" style=\"text-align: justify;\" data-block-type=\"unstyled\" data-block-weight=\"58\" data-block-id=\"12\">\n<p class=\"content-text__container \" data-track-category=\"Link no Texto\" data-track-links=\"\">&#8220;O mesmo, ap\u00f3s receber c\u00f3pias da den\u00fancia e dos documentos, ter\u00e1 o prazo de 10 dias para apresentar defesa pr\u00e9via por escrito, com provas e indica\u00e7\u00e3o de testemunhas. Ap\u00f3s o recebimento da defesa, a comiss\u00e3o ter\u00e1 o prazo de cinco dias opinando pelo prosseguimento ou arquivamento e o relat\u00f3rio ser\u00e1 apreciado em plen\u00e1rio&#8221;, explicou a Casa de Leis.<\/p>\n<\/div>\n<div class=\"mc-column content-text active-extra-styles \" style=\"text-align: justify;\" data-block-type=\"unstyled\" data-block-weight=\"36\" data-block-id=\"13\">\n<p class=\"content-text__container \" data-track-category=\"Link no Texto\" data-track-links=\"\">O Poder Legislativo afirmou que, em tese, o vereador denunciado patrocinou junto \u00e0 Justi\u00e7a em causa pr\u00f3pria, o que \u00e9 vedado aos servidores.\u00a0<span class=\"highlight highlighted\">Isso teria infringido o artigo 30 da Lei Org\u00e2nica Municipal (LOM) que trata:<\/span><\/p>\n<\/div>\n<div class=\"mc-column content-text active-extra-styles \" style=\"text-align: justify;\" data-block-type=\"unstyled\" data-block-weight=\"7\" data-block-id=\"14\">\n<p class=\"content-text__container \" data-track-category=\"Link no Texto\" data-track-links=\"\"><strong>Artigo 30 &#8211; \u00c9 vedado ao Vereador:<\/strong><\/p>\n<\/div>\n<div class=\"mc-column content-text active-extra-styles \" style=\"text-align: justify;\" data-block-type=\"unstyled\" data-block-weight=\"7\" data-block-id=\"15\">\n<p class=\"content-text__container \" data-track-category=\"Link no Texto\" data-track-links=\"\">I &#8211; desde a expedi\u00e7\u00e3o do diploma:<\/p>\n<\/div>\n<div class=\"mc-column content-text active-extra-styles\" data-block-type=\"raw\" data-block-weight=\"67\" data-block-id=\"16\">\n<ul class=\"content-unordered-list\" style=\"text-align: justify;\">\n<li>a) firmar ou manter contrato com o Munic\u00edpio, com suas autarquias, funda\u00e7\u00f5es, empresas p\u00fablicas, sociedade de economia mista ou com suas empresas concession\u00e1rias de servi\u00e7os p\u00fablicos, salvo quando obedecer a cl\u00e1usulas uniformes;<\/li>\n<li>b) aceitar cargo, emprego ou fun\u00e7\u00e3o, no \u00e2mbito da Administra\u00e7\u00e3o P\u00fablica Direta ou Indireta Municipal, salvo mediante aprova\u00e7\u00e3o em concurso p\u00fablico e observado o disposto no Artigo 73, I, IV e V, desta Lei Org\u00e2nica.<\/li>\n<\/ul>\n<div class=\"mc-column content-text active-extra-styles \" style=\"text-align: justify;\" data-block-type=\"unstyled\" data-block-weight=\"5\" data-block-id=\"18\">\n<p class=\"content-text__container \" data-track-category=\"Link no Texto\" data-track-links=\"\">II &#8211; desde a posse:<\/p>\n<\/div>\n<div class=\"mc-column content-text active-extra-styles\" style=\"text-align: justify;\" data-block-type=\"raw\" data-block-weight=\"104\" data-block-id=\"19\">\n<ul class=\"content-unordered-list\">\n<li>a) ocupar cargo, fun\u00e7\u00e3o ou emprego, na Administra\u00e7\u00e3o P\u00fablica Direta ou Indireta do Munic\u00edpio, de que seja exoner\u00e1vel &#8220;ad nutum&#8221;, salvo o cargo de Secret\u00e1rio Municipal ou Diretor equivalente, desde que se licencie do exerc\u00edcio do mandato;<\/li>\n<li>b) exercer outro cargo eletivo federal, estadual ou municipal;<\/li>\n<li>c) ser propriet\u00e1rio, controlador ou diretor de empresa que goze de favor decorrente de contrato com pessoa jur\u00eddica de direito p\u00fablico do Munic\u00edpio, ou nele exercer fun\u00e7\u00e3o remunerada;<\/li>\n<li>d) patrocinar causa junto ao Munic\u00edpio em que seja interessada qualquer das entidades a que se refere a al\u00ednea &#8220;a&#8221; do inciso I.<\/li>\n<li>d) participar de Conselhos ou Comiss\u00f5es Municipais.<\/li>\n<\/ul>\n<\/div>\n<div class=\"mc-column content-text active-extra-styles \" style=\"text-align: justify;\" data-block-type=\"unstyled\" data-block-weight=\"10\" data-block-id=\"20\">\n<p class=\"content-text__container \" data-track-category=\"Link no Texto\" data-track-links=\"\"><span class=\"highlight highlighted\">Ele tamb\u00e9m teria infringido o artigo 11 do Regimento Interno:<\/span><\/p>\n<\/div>\n<div class=\"mc-column content-text active-extra-styles \" style=\"text-align: justify;\" data-block-type=\"unstyled\" data-block-weight=\"8\" data-block-id=\"21\">\n<p class=\"content-text__container \" data-track-category=\"Link no Texto\" data-track-links=\"\"><strong>Artigo 11 &#8211; Perder\u00e1 o mandato o Vereador:<\/strong><\/p>\n<\/div>\n<div class=\"mc-column content-text active-extra-styles \" style=\"text-align: justify;\" data-block-type=\"unstyled\" data-block-weight=\"11\" data-block-id=\"22\">\n<p class=\"content-text__container \" data-track-category=\"Link no Texto\" data-track-links=\"\">I &#8211; que infringir qualquer das proibi\u00e7\u00f5es estabelecidas no artigo anterior;<\/p>\n<\/div>\n<div class=\"mc-column content-text active-extra-styles \" style=\"text-align: justify;\" data-block-type=\"unstyled\" data-block-weight=\"16\" data-block-id=\"23\">\n<p class=\"content-text__container \" data-track-category=\"Link no Texto\" data-track-links=\"\">II &#8211; cujo procedimento for declarado incompat\u00edvel com o decoro parlamentar ou atentat\u00f3rio \u00e0s institui\u00e7\u00f5es vigentes;<\/p>\n<\/div>\n<div class=\"mc-column content-text active-extra-styles \" style=\"text-align: justify;\" data-block-type=\"unstyled\" data-block-weight=\"17\" data-block-id=\"24\">\n<p class=\"content-text__container \" data-track-category=\"Link no Texto\" data-track-links=\"\">III &#8211; que se utilizar do mandato para pr\u00e1tica de atos de corrup\u00e7\u00e3o ou de improbidade administrativa;<\/p>\n<\/div>\n<div class=\"mc-column content-text active-extra-styles \" style=\"text-align: justify;\" data-block-type=\"unstyled\" data-block-weight=\"28\" data-block-id=\"25\">\n<p class=\"content-text__container \" data-track-category=\"Link no Texto\" data-track-links=\"\">IV &#8211; que deixar de comparecer, em cada sess\u00e3o legislativa anual, \u00e0 ter\u00e7a parte das sess\u00f5es ordin\u00e1rias da C\u00e2mara, salvo doen\u00e7a comprovada, licen\u00e7a ou miss\u00e3o autorizada pela Edilidade;<\/p>\n<\/div>\n<div class=\"mc-column content-text active-extra-styles \" style=\"text-align: justify;\" data-block-type=\"unstyled\" data-block-weight=\"8\" data-block-id=\"26\">\n<p class=\"content-text__container \" data-track-category=\"Link no Texto\" data-track-links=\"\">V &#8211; que fixar resid\u00eancia fora do Munic\u00edpio;<\/p>\n<\/div>\n<div class=\"mc-column content-text active-extra-styles \" style=\"text-align: justify;\" data-block-type=\"unstyled\" data-block-weight=\"10\" data-block-id=\"28\">\n<p class=\"content-text__container \" data-track-category=\"Link no Texto\" data-track-links=\"\">VI &#8211; que perder ou tiver suspensos os direitos pol\u00edticos.<\/p>\n<\/div>\n<div class=\"mc-column content-text active-extra-styles \" style=\"text-align: justify;\" data-block-type=\"unstyled\" data-block-weight=\"32\" data-block-id=\"29\">\n<p class=\"content-text__container \" data-track-category=\"Link no Texto\" data-track-links=\"\">\u00a7 1\u00ba &#8211; Al\u00e9m de outros casos definidos neste Regimento Interno, considerar-se-\u00e1 incompat\u00edvel com o decoro parlamentar o abuso das prerrogativas asseguradas ao Vereador ou a percep\u00e7\u00e3o de vantagens il\u00edcitas ou imorais.<\/p>\n<\/div>\n<div class=\"mc-column content-text active-extra-styles \" style=\"text-align: justify;\" data-block-type=\"unstyled\" data-block-weight=\"37\" data-block-id=\"30\">\n<p class=\"content-text__container \" data-track-category=\"Link no Texto\" data-track-links=\"\">\u00a7 2\u00ba &#8211; Nos casos dos incisos I e II a perda do mandato ser\u00e1 decidida pela C\u00e2mara por maioria absoluta dos votos, mediante provoca\u00e7\u00e3o da Mesa ou de partido pol\u00edtico representado na C\u00e2mara, assegurada ampla defesa.<\/p>\n<\/div>\n<div class=\"mc-column content-text active-extra-styles \" style=\"text-align: justify;\" data-block-type=\"unstyled\" data-block-weight=\"40\" data-block-id=\"31\">\n<p class=\"content-text__container \" data-track-category=\"Link no Texto\" data-track-links=\"\">\u00a7 3\u00ba &#8211; Nos casos previstos nos incisos III a VI, a perda ser\u00e1 declarada pela Mesa da C\u00e2mara, de of\u00edcio ou mediante provoca\u00e7\u00e3o de qualquer de seus membros ou de partido pol\u00edtico representado na C\u00e2mara, assegurada ampla defesa.<\/p>\n<\/div>\n<div class=\"mc-column content-text active-extra-styles\" style=\"text-align: justify;\" data-block-type=\"raw\" data-block-weight=\"2\" data-block-id=\"32\">\n<div class=\"content-intertitle\">\n<h2>Outro lado<\/h2>\n<\/div>\n<\/div>\n<div class=\"mc-column content-text active-extra-styles \" style=\"text-align: justify;\" data-block-type=\"unstyled\" data-block-weight=\"36\" data-block-id=\"33\">\n<p class=\"content-text__container \" data-track-category=\"Link no Texto\" data-track-links=\"\">Por meio de nota enviada \u00e0\u00a0<strong>TV Fronteira<\/strong>, o vereador J\u00falio C\u00e9sar Monteiro (PV) afirmou que est\u00e1 sendo acusado por ter se &#8220;defendido em causa pr\u00f3pria, uma vez que quem patrocinou a causa foi a Prefeitura&#8221;.<\/p>\n<\/div>\n<div class=\"mc-column content-text active-extra-styles \" data-block-type=\"unstyled\" data-block-weight=\"52\" data-block-id=\"34\">\n<p class=\"content-text__container \" style=\"text-align: justify;\" data-track-category=\"Link no Texto\" data-track-links=\"\">&#8220;Eu apenas me defendi, pois n\u00e3o contestei o valor cobrado, ofereci bens a penhora como garantia do pagamento e, portanto, n\u00e3o causei nenhum preju\u00edzo ao er\u00e1rio p\u00fablico. Trata-se de um processo pol\u00edtico de retalia\u00e7\u00e3o a minha pessoa, pois venho fiscalizando atos do prefeito, cumprindo desta forma o dever de vereador&#8221;, disse Monteiro.<\/p>\n<p style=\"text-align: justify;\" data-track-category=\"Link no Texto\" data-track-links=\"\">Fonte: G1<\/p>\n<p style=\"text-align: justify;\" data-track-category=\"Link no Texto\" data-track-links=\"\">Comp. Jorge Zanoni<\/p>\n<\/div>\n<\/div>\n<\/div>\n<\/div>\n","protected":false},"excerpt":{"rendered":"<p>Conforme a Casa de Leis, J\u00falio C\u00e9sar Monteiro (PV) teria praticado suposto ato de improbidade administrativa. Aprova\u00e7\u00e3o da CP foi na sess\u00e3o desta segunda-feira (9). A C\u00e2mara Municipal de\u00a0Dracena\u00a0(SP) acatou a den\u00fancia contra o vereador J\u00falio C\u00e9sar Monteiro (PV) por suposto ato de improbidade administrativa. A den\u00fancia foi lida e colocada em vota\u00e7\u00e3o, e aprovada [&hellip;]<\/p>\n","protected":false},"author":1,"featured_media":63388,"comment_status":"closed","ping_status":"open","sticky":false,"template":"","format":"standard","meta":{"footnotes":""},"categories":[110,116],"tags":[],"class_list":["post-63387","post","type-post","status-publish","format-standard","has-post-thumbnail","hentry","category-noticiasdestaque","category-politicaeeconomia"],"_links":{"self":[{"href":"https:\/\/jorgezanoni.com.br\/2019\/wp-json\/wp\/v2\/posts\/63387","targetHints":{"allow":["GET"]}}],"collection":[{"href":"https:\/\/jorgezanoni.com.br\/2019\/wp-json\/wp\/v2\/posts"}],"about":[{"href":"https:\/\/jorgezanoni.com.br\/2019\/wp-json\/wp\/v2\/types\/post"}],"author":[{"embeddable":true,"href":"https:\/\/jorgezanoni.com.br\/2019\/wp-json\/wp\/v2\/users\/1"}],"replies":[{"embeddable":true,"href":"https:\/\/jorgezanoni.com.br\/2019\/wp-json\/wp\/v2\/comments?post=63387"}],"version-history":[{"count":0,"href":"https:\/\/jorgezanoni.com.br\/2019\/wp-json\/wp\/v2\/posts\/63387\/revisions"}],"wp:featuredmedia":[{"embeddable":true,"href":"https:\/\/jorgezanoni.com.br\/2019\/wp-json\/wp\/v2\/media\/63388"}],"wp:attachment":[{"href":"https:\/\/jorgezanoni.com.br\/2019\/wp-json\/wp\/v2\/media?parent=63387"}],"wp:term":[{"taxonomy":"category","embeddable":true,"href":"https:\/\/jorgezanoni.com.br\/2019\/wp-json\/wp\/v2\/categories?post=63387"},{"taxonomy":"post_tag","embeddable":true,"href":"https:\/\/jorgezanoni.com.br\/2019\/wp-json\/wp\/v2\/tags?post=63387"}],"curies":[{"name":"wp","href":"https:\/\/api.w.org\/{rel}","templated":true}]}}