{"id":63360,"date":"2022-05-09T23:24:54","date_gmt":"2022-05-09T23:24:54","guid":{"rendered":"https:\/\/jorgezanoni.com.br\/2019\/?p=63360"},"modified":"2022-05-09T23:24:54","modified_gmt":"2022-05-09T23:24:54","slug":"veiculo-com-apropriacao-indebita-de-ribeirao-preto-e-localizado-em-tupi-paulista","status":"publish","type":"post","link":"https:\/\/jorgezanoni.com.br\/2019\/veiculo-com-apropriacao-indebita-de-ribeirao-preto-e-localizado-em-tupi-paulista\/","title":{"rendered":"Ve\u00edculo com apropria\u00e7\u00e3o ind\u00e9bita de Ribeir\u00e3o Preto \u00e9 localizado em Tupi Paulista"},"content":{"rendered":"<p style=\"text-align: justify;\">Hoje (09), por volta das 11h30, a unidade de servi\u00e7o da Pol\u00edcia Militar de Tupi Paulista, durante patrulhamento preventivo pela Av. Brasil, visualizou um ve\u00edculo GM\/Corsa Wind com 03 (tr\u00eas) indiv\u00edduos no interior que, ao observarem aproxima\u00e7\u00e3o da viatura da Pol\u00edcia Militar, demonstraram certo nervosismo. Os policiais militares, realizaram pesquisa de dados veicular via Copom, constatando apropria\u00e7\u00e3o ind\u00e9bita do ve\u00edculo pelo munic\u00edpio de Ribeir\u00e3o Preto\/SP.<br \/>\nEm abordagem, uma das partes (mulher, 49 anos), de pronto informou ser a propriet\u00e1ria e relatou que havia comprado o ve\u00edculo com o motor e pintura danificados em uma oficina e pagou a quantia de R$4.000,00 devido aos defeitos, reformou motor e pintura, e tentou contato com a propriet\u00e1ria do ve\u00edculo para regularizar a situa\u00e7\u00e3o veicular, por\u00e9m sem \u00eaxito de localiza-la. Diante dos fatos, partes foram encaminhadas ao Plant\u00e3o de Pol\u00edcia Judici\u00e1ria para esclarecimentos, onde foi realizado contato com a propriet\u00e1ria do ve\u00edculo, que informou ter deixado o ve\u00edculo em uma oficina mec\u00e2nica, por\u00e9m o propriet\u00e1rio da oficina fechou o estabelecimento, n\u00e3o localizando seu ve\u00edculo bem como o propriet\u00e1rio. Diante das informa\u00e7\u00f5es obtidas o ve\u00edculo ficou apreendido e partes ouvidas e liberadas para investiga\u00e7\u00e3o.<\/p>\n<p style=\"text-align: justify;\">#25BPMI4CIAPM #25BPMI #cpi8<br \/>\n#POL\u00cdCIAMILITARSP<br \/>\n#AFOR\u00c7AP\u00daBLICADES\u00c3OPAULO<\/p>\n<p style=\"text-align: justify;\">Comunica\u00e7\u00e3o social do 25\u00ba BPM\/I 4\u00aa Cia PM<\/p>\n","protected":false},"excerpt":{"rendered":"<p>Hoje (09), por volta das 11h30, a unidade de servi\u00e7o da Pol\u00edcia Militar de Tupi Paulista, durante patrulhamento preventivo pela Av. Brasil, visualizou um ve\u00edculo GM\/Corsa Wind com 03 (tr\u00eas) indiv\u00edduos no interior que, ao observarem aproxima\u00e7\u00e3o da viatura da Pol\u00edcia Militar, demonstraram certo nervosismo. Os policiais militares, realizaram pesquisa de dados veicular via Copom, [&hellip;]<\/p>\n","protected":false},"author":1,"featured_media":63362,"comment_status":"closed","ping_status":"open","sticky":false,"template":"","format":"standard","meta":{"footnotes":""},"categories":[110,2],"tags":[],"class_list":["post-63360","post","type-post","status-publish","format-standard","has-post-thumbnail","hentry","category-noticiasdestaque","category-policial"],"_links":{"self":[{"href":"https:\/\/jorgezanoni.com.br\/2019\/wp-json\/wp\/v2\/posts\/63360","targetHints":{"allow":["GET"]}}],"collection":[{"href":"https:\/\/jorgezanoni.com.br\/2019\/wp-json\/wp\/v2\/posts"}],"about":[{"href":"https:\/\/jorgezanoni.com.br\/2019\/wp-json\/wp\/v2\/types\/post"}],"author":[{"embeddable":true,"href":"https:\/\/jorgezanoni.com.br\/2019\/wp-json\/wp\/v2\/users\/1"}],"replies":[{"embeddable":true,"href":"https:\/\/jorgezanoni.com.br\/2019\/wp-json\/wp\/v2\/comments?post=63360"}],"version-history":[{"count":0,"href":"https:\/\/jorgezanoni.com.br\/2019\/wp-json\/wp\/v2\/posts\/63360\/revisions"}],"wp:featuredmedia":[{"embeddable":true,"href":"https:\/\/jorgezanoni.com.br\/2019\/wp-json\/wp\/v2\/media\/63362"}],"wp:attachment":[{"href":"https:\/\/jorgezanoni.com.br\/2019\/wp-json\/wp\/v2\/media?parent=63360"}],"wp:term":[{"taxonomy":"category","embeddable":true,"href":"https:\/\/jorgezanoni.com.br\/2019\/wp-json\/wp\/v2\/categories?post=63360"},{"taxonomy":"post_tag","embeddable":true,"href":"https:\/\/jorgezanoni.com.br\/2019\/wp-json\/wp\/v2\/tags?post=63360"}],"curies":[{"name":"wp","href":"https:\/\/api.w.org\/{rel}","templated":true}]}}