{"id":63280,"date":"2022-05-07T19:11:44","date_gmt":"2022-05-07T19:11:44","guid":{"rendered":"https:\/\/jorgezanoni.com.br\/2019\/?p=63280"},"modified":"2022-05-07T19:11:44","modified_gmt":"2022-05-07T19:11:44","slug":"onibus-de-conrado-e-aleksandro-sofre-acidente-em-miracatu-um-dos-cantores-e-outros-5-morreram","status":"publish","type":"post","link":"https:\/\/jorgezanoni.com.br\/2019\/onibus-de-conrado-e-aleksandro-sofre-acidente-em-miracatu-um-dos-cantores-e-outros-5-morreram\/","title":{"rendered":"\u00d4nibus de Conrado e Aleksandro sofre acidente em Miracatu; um dos cantores e outros 5 morreram"},"content":{"rendered":"<h2 class=\"content-head__subtitle\" style=\"text-align: justify;\"><strong>Empres\u00e1rio de Conrado e Aleksandro informou que ao menos 19 pessoas estavam no ve\u00edculo, inclusive os artistas.<\/strong><\/h2>\n<div class=\"mc-column content-text active-extra-styles \" style=\"text-align: justify;\" data-block-type=\"unstyled\" data-block-weight=\"58\" data-block-id=\"2\">\n<p class=\"content-text__container \" data-track-category=\"Link no Texto\" data-track-links=\"\">Seis mortes j\u00e1 foram confirmadas no grave acidente com o \u00f4nibus da dupla sertaneja Conrado e Aleksandro, na manh\u00e3 deste s\u00e1bado (7), na rodovia R\u00e9gis Bittencout, na altura de Miracatu, no interior de S\u00e3o Paulo. Conforme apurado\u00a0<strong>g1<\/strong>, o<a href=\"https:\/\/g1.globo.com\/sp\/santos-regiao\/noticia\/2022\/05\/07\/ale\">\u00a0<\/a><a href=\"https:\/\/g1.globo.com\/sp\/santos-regiao\/noticia\/2022\/05\/07\/aleksandro-da-dupla-com-conrado-morre-em-grave-acidente-de-onibus-em-rodovia-no-interior-de-sp-sao-6-mortos-ao-todo.ghtml\">cantor Aleksandro Correia foi um dos mortos no acidente<\/a>. As demais v\u00edtimas fatais ainda n\u00e3o foram identificadas.<\/p>\n<\/div>\n<div class=\"wall protected-content\">\n<div class=\"mc-column content-text active-extra-styles \" style=\"text-align: justify;\" data-block-type=\"unstyled\" data-block-weight=\"47\" data-block-id=\"3\">\n<p class=\"content-text__container \" data-track-category=\"Link no Texto\" data-track-links=\"\">O m\u00fasico Conrado teve ferimentos leves e est\u00e1 hospitalizado. Segundo apurado pelo\u00a0<strong>g1<\/strong>, ao menos 19 pessoas estavam no ve\u00edculo. Al\u00e9m dos \u00f3bitos confirmados, oito v\u00edtimas foram socorridas pela ambul\u00e2ncia da concession\u00e1ria, cinco est\u00e3o sendo socorridas presas nas ferragens e uma v\u00edtima ainda n\u00e3o foi encontrado.<\/p>\n<\/div>\n<div class=\"content-ads content-ads--reveal\" data-block-type=\"ads\" data-block-id=\"4\">\n<div id=\"banner_materia2\" class=\"tag-manager-publicidade-container mc-has-reveal mc-has-ad-lazyload tag-manager-publicidade-banner_materia2 tag-manager-publicidade-container--carregado tag-manager-publicidade-container--visivel\" data-id=\"banner_materia2\" data-req=\"true\" data-google-query-id=\"CIXB05mIzvcCFbuWlQId6vgHLw\" data-cid=\"138391422574\" data-lid=\"6007261855\">\n<div class=\"mc-column content-text active-extra-styles \" style=\"text-align: justify;\" data-block-type=\"unstyled\" data-block-weight=\"44\" data-block-id=\"5\">\n<p class=\"content-text__container \" data-track-category=\"Link no Texto\" data-track-links=\"\">O acidente aconteceu por volta das 10h30, no km 402,2 da pista, no sentido S\u00e3o Paulo (SP). De acordo com a Arteris, concession\u00e1ria que administra o trecho, h\u00e1 registro de 4km de congestionamento na pista sentido Curitiba e 2km no sentido S\u00e3o Paulo.<\/p>\n<\/div>\n<div class=\"mc-column content-text active-extra-styles \" style=\"text-align: justify;\" data-block-type=\"unstyled\" data-block-weight=\"2\" data-block-id=\"6\">\n<p class=\"content-text__container \" data-track-category=\"Link no Texto\" data-track-links=\"\"><strong>LEIA TAMB\u00c9M:<\/strong><\/p>\n<p class=\"content-text__container \" data-track-category=\"Link no Texto\" data-track-links=\"\"><a href=\"https:\/\/g1.globo.com\/ms\/mato-grosso-do-sul\/noticia\/2022\/05\/07\/saiba-quem-sao-conrado-e-aleksandro-que-formam-a-dupla-sertaneja-de-ms-que-sofreu-acidente-grave-de-onibus-em-sp.ghtml\">De Dourados (MS), com mais de 20 anos de carreira: quem \u00e9 a dupla Conrado e Aleksandro<\/a><\/p>\n<\/div>\n<div class=\"mc-column content-text active-extra-styles\" data-block-type=\"raw\" data-block-weight=\"32\" data-block-id=\"7\">\n<ul class=\"content-unordered-list\" style=\"text-align: justify;\">\n<li><a href=\"https:\/\/g1.globo.com\/sp\/piracicaba-regiao\/noticia\/2022\/05\/07\/apos-acidente-com-onibus-de-dupla-sertaneja-casa-de-shows-substitui-atracao-em-sao-pedro.ghtml\">Ap\u00f3s acidente com \u00f4nibus de dupla, casa de shows substitui atra\u00e7\u00e3o em S\u00e3o Pedro<\/a><\/li>\n<\/ul>\n<p style=\"text-align: justify;\">Ainda de acordo com a concession\u00e1ria, uma faixa da pista e o canteiro central foram interditados. As causas do acidente ainda s\u00e3o desconhecidas.<\/p>\n<div class=\"mc-column content-text active-extra-styles \" style=\"text-align: justify;\" data-block-type=\"unstyled\" data-block-weight=\"39\" data-block-id=\"11\">\n<p class=\"content-text__container \" data-track-category=\"Link no Texto\" data-track-links=\"\">Ao<strong>\u00a0g1<\/strong>, o empres\u00e1rio da dupla, Jos\u00e9 Carlos Cassucce, confirmou que o \u00f4nibus envolvido no acidente \u00e9 de Conrado e Aleksandro. O cantor Aleksandro Correia, a voz principal da dupla, morreu no acidente, segundo apurado pela rede Globo.<\/p>\n<\/div>\n<div class=\"mc-column content-text active-extra-styles \" style=\"text-align: justify;\" data-block-type=\"unstyled\" data-block-weight=\"47\" data-block-id=\"12\">\n<p class=\"content-text__container \" data-track-category=\"Link no Texto\" data-track-links=\"\">Segundo Cassuce, o ve\u00edculo saiu de Tijucas do Sul (PR), onde a dupla fez um show na sexta-feira (6), e seguia com destino para S\u00e3o Pedro (SP), onde havia um show agendado para este s\u00e1bado, mas o evento,\u00a0<a href=\"https:\/\/g1.globo.com\/sp\/piracicaba-regiao\/noticia\/2022\/05\/07\/apos-acidente-com-onibus-de-dupla-sertaneja-casa-de-shows-substitui-atracao-em-sao-pedro.ghtml\">mas a atra\u00e7\u00e3o foi substitu\u00edda pela casa de shows.<\/a><\/p>\n<\/div>\n<div class=\"mc-column content-text active-extra-styles\" style=\"text-align: justify;\" data-block-type=\"raw\" data-block-weight=\"2\" data-block-id=\"13\">\n<p class=\"content-text__container\"><span style=\"color: #111111; font-family: Roboto, sans-serif; font-size: 27px;\">Nota oficial<\/span><\/p>\n<\/div>\n<div class=\"mc-column content-text active-extra-styles \" style=\"text-align: justify;\" data-block-type=\"unstyled\" data-block-weight=\"38\" data-block-id=\"14\">\n<p class=\"content-text__container \" data-track-category=\"Link no Texto\" data-track-links=\"\">Em nota, a Singular Produ\u00e7\u00f5es Art\u00edsticas informa com pesar o falecimento de seis v\u00edtimas envolvendo o \u00f4nibus da dupla Conrado &amp; Aleksandro, na rodovia R\u00e9gis Bittencourt pr\u00f3ximo \u00e0 cidade de Miracatu (SP), na manh\u00e3 deste s\u00e1bado (7).<\/p>\n<\/div>\n<div class=\"mc-column content-text active-extra-styles \" style=\"text-align: justify;\" data-block-type=\"unstyled\" data-block-weight=\"28\" data-block-id=\"15\">\n<p class=\"content-text__container \" data-track-category=\"Link no Texto\" data-track-links=\"\">Segundo a nota, entre as v\u00edtimas fatais est\u00e1 o cantor Luiz Aleksandro Talhari Correia, 34 anos. Ainda n\u00e3o h\u00e1 a confirma\u00e7\u00e3o do nome dos outros cinco mortos.<\/p>\n<\/div>\n<div class=\"mc-column content-text active-extra-styles \" style=\"text-align: justify;\" data-block-type=\"unstyled\" data-block-weight=\"23\" data-block-id=\"16\">\n<p class=\"content-text__container \" data-track-category=\"Link no Texto\" data-track-links=\"\">Conrado teve ferimentos leves e est\u00e1 hospitalizado junto com outros 11 membros da equipe, que tamb\u00e9m ainda n\u00e3o tiveram os nomes divulgados.<\/p>\n<\/div>\n<div class=\"mc-column content-text active-extra-styles \" data-block-type=\"unstyled\" data-block-weight=\"43\" data-block-id=\"17\">\n<p class=\"content-text__container \" style=\"text-align: justify;\" data-track-category=\"Link no Texto\" data-track-links=\"\">O \u00f4nibus da dupla Conrado &amp; Aleksandro saiu de Tijucas do Sul (PR), onde a dupla fez um show na noite de sexta-feira (6), e tinha como destino a cidade de S\u00e3o Pedro (SP), onde Conrado &amp; Aleksandro fariam um show neste s\u00e1bado.<\/p>\n<p style=\"text-align: justify;\" data-track-category=\"Link no Texto\" data-track-links=\"\"><img loading=\"lazy\" decoding=\"async\" class=\"alignnone size-full wp-image-63282\" src=\"https:\/\/jorgezanoni.com.br\/2019\/wp-content\/uploads\/2022\/05\/nota-oficial.jpg\" alt=\"\" width=\"700\" height=\"967\" srcset=\"https:\/\/jorgezanoni.com.br\/2019\/wp-content\/uploads\/2022\/05\/nota-oficial.jpg 700w, https:\/\/jorgezanoni.com.br\/2019\/wp-content\/uploads\/2022\/05\/nota-oficial-217x300.jpg 217w, https:\/\/jorgezanoni.com.br\/2019\/wp-content\/uploads\/2022\/05\/nota-oficial-696x961.jpg 696w, https:\/\/jorgezanoni.com.br\/2019\/wp-content\/uploads\/2022\/05\/nota-oficial-304x420.jpg 304w\" sizes=\"auto, (max-width: 700px) 100vw, 700px\" \/>Fonte: https:\/\/g1.globo.com\/sp\/santos-regiao\/noticia\/2022\/05\/07\/dupla-sertaneja-sofre-grave-acidente-de-onibus-em-rodovia-no-interior-de-sp.ghtml<\/p>\n<p data-track-category=\"Link no Texto\" data-track-links=\"\">Comp. Jorge Zanoni<\/p>\n<\/div>\n<\/div>\n<\/div>\n<\/div>\n<\/div>\n","protected":false},"excerpt":{"rendered":"<p>Empres\u00e1rio de Conrado e Aleksandro informou que ao menos 19 pessoas estavam no ve\u00edculo, inclusive os artistas. Seis mortes j\u00e1 foram confirmadas no grave acidente com o \u00f4nibus da dupla sertaneja Conrado e Aleksandro, na manh\u00e3 deste s\u00e1bado (7), na rodovia R\u00e9gis Bittencout, na altura de Miracatu, no interior de S\u00e3o Paulo. Conforme apurado\u00a0g1, o\u00a0cantor [&hellip;]<\/p>\n","protected":false},"author":1,"featured_media":63281,"comment_status":"closed","ping_status":"open","sticky":false,"template":"","format":"standard","meta":{"footnotes":""},"categories":[170,183,110],"tags":[],"class_list":["post-63280","post","type-post","status-publish","format-standard","has-post-thumbnail","hentry","category-acidentes","category-musicaeturismo","category-noticiasdestaque"],"_links":{"self":[{"href":"https:\/\/jorgezanoni.com.br\/2019\/wp-json\/wp\/v2\/posts\/63280","targetHints":{"allow":["GET"]}}],"collection":[{"href":"https:\/\/jorgezanoni.com.br\/2019\/wp-json\/wp\/v2\/posts"}],"about":[{"href":"https:\/\/jorgezanoni.com.br\/2019\/wp-json\/wp\/v2\/types\/post"}],"author":[{"embeddable":true,"href":"https:\/\/jorgezanoni.com.br\/2019\/wp-json\/wp\/v2\/users\/1"}],"replies":[{"embeddable":true,"href":"https:\/\/jorgezanoni.com.br\/2019\/wp-json\/wp\/v2\/comments?post=63280"}],"version-history":[{"count":0,"href":"https:\/\/jorgezanoni.com.br\/2019\/wp-json\/wp\/v2\/posts\/63280\/revisions"}],"wp:featuredmedia":[{"embeddable":true,"href":"https:\/\/jorgezanoni.com.br\/2019\/wp-json\/wp\/v2\/media\/63281"}],"wp:attachment":[{"href":"https:\/\/jorgezanoni.com.br\/2019\/wp-json\/wp\/v2\/media?parent=63280"}],"wp:term":[{"taxonomy":"category","embeddable":true,"href":"https:\/\/jorgezanoni.com.br\/2019\/wp-json\/wp\/v2\/categories?post=63280"},{"taxonomy":"post_tag","embeddable":true,"href":"https:\/\/jorgezanoni.com.br\/2019\/wp-json\/wp\/v2\/tags?post=63280"}],"curies":[{"name":"wp","href":"https:\/\/api.w.org\/{rel}","templated":true}]}}