{"id":6327,"date":"2019-09-15T13:49:07","date_gmt":"2019-09-15T13:49:07","guid":{"rendered":"https:\/\/jorgezanoni.com.br\/2019\/?p=6327"},"modified":"2019-09-15T13:49:07","modified_gmt":"2019-09-15T13:49:07","slug":"cantor-sertanejo-morre-apos-carro-bater-em-arvore-em-rodovia-de-ms","status":"publish","type":"post","link":"https:\/\/jorgezanoni.com.br\/2019\/cantor-sertanejo-morre-apos-carro-bater-em-arvore-em-rodovia-de-ms\/","title":{"rendered":"Cantor sertanejo morre ap\u00f3s carro bater em \u00e1rvore em rodovia de MS"},"content":{"rendered":"<h2 class=\"content-head__subtitle\" style=\"text-align: justify;\"><strong>De acordo com a fam\u00edlia, Jota, de 28 anos, perdeu o controle do ve\u00edculo em uma curva, bateu em uma \u00e1rvore e morreu na hora.<\/strong><\/h2>\n<div class=\"mc-column content-text active-extra-styles \" data-block-type=\"unstyled\" data-block-weight=\"47\" data-block-id=\"2\">\n<p class=\"content-text__container \" style=\"text-align: justify;\" data-track-category=\"Link no Texto\" data-track-links=\"\">O cantor sertanejo Jota, de 28 anos, morreu na madrugada deste s\u00e1bado (14) na BR-163, perto de Mundo Novo, no Sul do estado. De acordo com a fam\u00edlia, o cantor perdeu o controle do ve\u00edculo em uma curva, bateu em uma \u00e1rvore e morreu na hora.<\/p>\n<p data-track-category=\"Link no Texto\" data-track-links=\"\"><img loading=\"lazy\" decoding=\"async\" class=\"alignnone size-full wp-image-6328\" src=\"https:\/\/jorgezanoni.com.br\/2019\/wp-content\/uploads\/2019\/09\/jota1.jpg\" alt=\"\" width=\"1000\" height=\"799\" srcset=\"https:\/\/jorgezanoni.com.br\/2019\/wp-content\/uploads\/2019\/09\/jota1.jpg 1000w, https:\/\/jorgezanoni.com.br\/2019\/wp-content\/uploads\/2019\/09\/jota1-300x240.jpg 300w, https:\/\/jorgezanoni.com.br\/2019\/wp-content\/uploads\/2019\/09\/jota1-768x614.jpg 768w, https:\/\/jorgezanoni.com.br\/2019\/wp-content\/uploads\/2019\/09\/jota1-696x556.jpg 696w, https:\/\/jorgezanoni.com.br\/2019\/wp-content\/uploads\/2019\/09\/jota1-526x420.jpg 526w\" sizes=\"auto, (max-width: 1000px) 100vw, 1000px\" \/><\/p>\n<\/div>\n<div class=\"wall protected-content\">\n<div class=\"mc-column content-text active-extra-styles \" style=\"text-align: justify;\" data-block-type=\"unstyled\" data-block-weight=\"51\" data-block-id=\"3\">\n<p class=\"content-text__container \" data-track-category=\"Link no Texto\" data-track-links=\"\">Jota voltava sozinho de Salto Del Guair\u00e1 no Paraguai com destino a Mundo Novo, cidade onde mora.\u00a0<em>&#8220;\u00c9 uma tristeza muito grande para todos n\u00f3s, o Jota era uma pessoa fant\u00e1stica, cheio de energia, sonhos e estava prestes a lan\u00e7ar um novo disco&#8221;, disse o tio, J\u00falio Cesar Sanches.<\/em><\/p>\n<\/div>\n<div class=\"mc-column content-text active-extra-styles \" style=\"text-align: justify;\" data-block-type=\"unstyled\" data-block-weight=\"37\" data-block-id=\"4\">\n<p class=\"content-text__container \" data-track-category=\"Link no Texto\" data-track-links=\"\">Antes da carreia solo, Jota cantou com Murilo, com quem fez dupla durante 3 anos. O cantor est\u00e1 sendo velado em Mundo Novo e o sepultamento ser\u00e1 neste domingo \u00e0s 8 horas (de MS) .<\/p>\n<p data-track-category=\"Link no Texto\" data-track-links=\"\"><img loading=\"lazy\" decoding=\"async\" class=\"alignnone size-full wp-image-6329\" src=\"https:\/\/jorgezanoni.com.br\/2019\/wp-content\/uploads\/2019\/09\/jota2.jpg\" alt=\"\" width=\"1000\" height=\"750\" srcset=\"https:\/\/jorgezanoni.com.br\/2019\/wp-content\/uploads\/2019\/09\/jota2.jpg 1000w, https:\/\/jorgezanoni.com.br\/2019\/wp-content\/uploads\/2019\/09\/jota2-300x225.jpg 300w, https:\/\/jorgezanoni.com.br\/2019\/wp-content\/uploads\/2019\/09\/jota2-768x576.jpg 768w, https:\/\/jorgezanoni.com.br\/2019\/wp-content\/uploads\/2019\/09\/jota2-80x60.jpg 80w, https:\/\/jorgezanoni.com.br\/2019\/wp-content\/uploads\/2019\/09\/jota2-265x198.jpg 265w, https:\/\/jorgezanoni.com.br\/2019\/wp-content\/uploads\/2019\/09\/jota2-696x522.jpg 696w, https:\/\/jorgezanoni.com.br\/2019\/wp-content\/uploads\/2019\/09\/jota2-560x420.jpg 560w\" sizes=\"auto, (max-width: 1000px) 100vw, 1000px\" \/><\/p>\n<\/div>\n<div class=\"mc-column content-text active-extra-styles \" style=\"text-align: justify;\" data-block-type=\"unstyled\" data-block-weight=\"12\" data-block-id=\"5\">\n<p class=\"content-text__container \" data-track-category=\"Link no Texto\" data-track-links=\"\">Nas redes sociais do cantor f\u00e3s e amigos lamentaram a morte.<\/p>\n<\/div>\n<div class=\"mc-column content-text active-extra-styles\" style=\"text-align: justify;\" data-block-type=\"raw\" data-block-weight=\"26\" data-block-id=\"6\">\n<blockquote class=\"content-blockquote theme-border-color-primary-before\"><p><em>&#8220;Meu Deus ! Inacredit\u00e1ve! Mas tenho em meu cora\u00e7\u00e3o que Deus precisava de um anjo para completar sua orquestra e te levou&#8221; escreveu um seguidor&#8221;,<\/em><\/p><\/blockquote>\n<\/div>\n<div class=\"mc-column content-text active-extra-styles\" style=\"text-align: justify;\" data-block-type=\"raw\" data-block-weight=\"25\" data-block-id=\"7\">\n<blockquote class=\"content-blockquote theme-border-color-primary-before\"><p><em>&#8220;N\u00e3o consigo acreditar que voc\u00ea se foi meu amigo, meus sentimentos \u00e0 toda a fam\u00edlia [&#8230;] conforto nesse momento t\u00e3o dif\u00edcil&#8221; , completou outra pessoa.<\/em><\/p><\/blockquote>\n<blockquote><p>Fonte: G1<\/p><\/blockquote>\n<\/div>\n<\/div>\n","protected":false},"excerpt":{"rendered":"<p>De acordo com a fam\u00edlia, Jota, de 28 anos, perdeu o controle do ve\u00edculo em uma curva, bateu em uma \u00e1rvore e morreu na hora. O cantor sertanejo Jota, de 28 anos, morreu na madrugada deste s\u00e1bado (14) na BR-163, perto de Mundo Novo, no Sul do estado. De acordo com a fam\u00edlia, o cantor [&hellip;]<\/p>\n","protected":false},"author":1,"featured_media":6330,"comment_status":"closed","ping_status":"open","sticky":false,"template":"","format":"standard","meta":{"footnotes":""},"categories":[183,110],"tags":[],"class_list":["post-6327","post","type-post","status-publish","format-standard","has-post-thumbnail","hentry","category-musicaeturismo","category-noticiasdestaque"],"_links":{"self":[{"href":"https:\/\/jorgezanoni.com.br\/2019\/wp-json\/wp\/v2\/posts\/6327","targetHints":{"allow":["GET"]}}],"collection":[{"href":"https:\/\/jorgezanoni.com.br\/2019\/wp-json\/wp\/v2\/posts"}],"about":[{"href":"https:\/\/jorgezanoni.com.br\/2019\/wp-json\/wp\/v2\/types\/post"}],"author":[{"embeddable":true,"href":"https:\/\/jorgezanoni.com.br\/2019\/wp-json\/wp\/v2\/users\/1"}],"replies":[{"embeddable":true,"href":"https:\/\/jorgezanoni.com.br\/2019\/wp-json\/wp\/v2\/comments?post=6327"}],"version-history":[{"count":0,"href":"https:\/\/jorgezanoni.com.br\/2019\/wp-json\/wp\/v2\/posts\/6327\/revisions"}],"wp:featuredmedia":[{"embeddable":true,"href":"https:\/\/jorgezanoni.com.br\/2019\/wp-json\/wp\/v2\/media\/6330"}],"wp:attachment":[{"href":"https:\/\/jorgezanoni.com.br\/2019\/wp-json\/wp\/v2\/media?parent=6327"}],"wp:term":[{"taxonomy":"category","embeddable":true,"href":"https:\/\/jorgezanoni.com.br\/2019\/wp-json\/wp\/v2\/categories?post=6327"},{"taxonomy":"post_tag","embeddable":true,"href":"https:\/\/jorgezanoni.com.br\/2019\/wp-json\/wp\/v2\/tags?post=6327"}],"curies":[{"name":"wp","href":"https:\/\/api.w.org\/{rel}","templated":true}]}}