{"id":6324,"date":"2019-09-15T13:34:36","date_gmt":"2019-09-15T13:34:36","guid":{"rendered":"https:\/\/jorgezanoni.com.br\/2019\/?p=6324"},"modified":"2019-09-15T13:34:36","modified_gmt":"2019-09-15T13:34:36","slug":"morre-em-sp-o-cantor-roberto-leal-aos-67-anos","status":"publish","type":"post","link":"https:\/\/jorgezanoni.com.br\/2019\/morre-em-sp-o-cantor-roberto-leal-aos-67-anos\/","title":{"rendered":"Morre em SP o cantor Roberto Leal, aos 67 anos"},"content":{"rendered":"<h2 class=\"content-head__subtitle\" style=\"text-align: justify;\">Cantor, conhecido pela m\u00fasica &#8216;Arrebita&#8217;, estava internado havia 5 dias no Hospital Samaritano ap\u00f3s rea\u00e7\u00e3o al\u00e9rgica a um medicamento e teve, nas \u00faltimas horas, insufici\u00eancia renal.<\/h2>\n<div class=\"mc-column content-text active-extra-styles \" data-block-type=\"unstyled\" data-block-weight=\"39\" data-block-id=\"2\">\n<p class=\"content-text__container \" style=\"text-align: justify;\" data-track-category=\"Link no Texto\" data-track-links=\"\">Morreu na madrugada deste domingo (15), em S\u00e3o Paulo, o cantor portugu\u00eas Roberto Leal, aos 67 anos. A informa\u00e7\u00e3o foi confirmada pela assessoria de imprensa do Hospital Samaritano, onde o cantor estava internado. Ele ficou conhecido pela m\u00fasica &#8220;Arrebita&#8221;.<\/p>\n<\/div>\n<div class=\"wall protected-content\">\n<div class=\"mc-column content-text active-extra-styles \" style=\"text-align: justify;\" data-block-type=\"unstyled\" data-block-weight=\"34\" data-block-id=\"3\">\n<p class=\"content-text__container \" data-track-category=\"Link no Texto\" data-track-links=\"\">Segundo a assessoria de imprensa do cantor, Leal estava internado no hospital desde ter\u00e7a-feira (10), ap\u00f3s ter uma rea\u00e7\u00e3o al\u00e9rgica a um medicamento que tomou. O cantor vinha h\u00e1 dois anos tratando um c\u00e2ncer.<\/p>\n<\/div>\n<div class=\"mc-column content-text active-extra-styles \" style=\"text-align: justify;\" data-block-type=\"unstyled\" data-block-weight=\"26\" data-block-id=\"4\">\n<p class=\"content-text__container \" data-track-category=\"Link no Texto\" data-track-links=\"\">As causas da morte n\u00e3o foram divulgadas. A assessoria do cantor informou, por\u00e9m, que, nas \u00faltimas horas, ele teve complica\u00e7\u00f5es em decorr\u00eancia de uma insufici\u00eancia renal.<\/p>\n<\/div>\n<div class=\"mc-column content-text active-extra-styles \" data-block-type=\"unstyled\" data-block-weight=\"11\" data-block-id=\"5\">\n<p class=\"content-text__container \" style=\"text-align: justify;\" data-track-category=\"Link no Texto\" data-track-links=\"\">Roberto Leal morava na capital paulista havia alguns anos.<\/p>\n<p style=\"text-align: justify;\" data-track-category=\"Link no Texto\" data-track-links=\"\">Fonte: https:\/\/g1.globo.com\/sp\/sao-paulo\/noticia\/2019\/09\/15\/morre-em-sp-o-cantor-roberto-leal.ghtml<\/p>\n<\/div>\n<\/div>\n","protected":false},"excerpt":{"rendered":"<p>Cantor, conhecido pela m\u00fasica &#8216;Arrebita&#8217;, estava internado havia 5 dias no Hospital Samaritano ap\u00f3s rea\u00e7\u00e3o al\u00e9rgica a um medicamento e teve, nas \u00faltimas horas, insufici\u00eancia renal. Morreu na madrugada deste domingo (15), em S\u00e3o Paulo, o cantor portugu\u00eas Roberto Leal, aos 67 anos. A informa\u00e7\u00e3o foi confirmada pela assessoria de imprensa do Hospital Samaritano, onde [&hellip;]<\/p>\n","protected":false},"author":1,"featured_media":6325,"comment_status":"closed","ping_status":"open","sticky":false,"template":"","format":"standard","meta":{"footnotes":""},"categories":[183,110],"tags":[],"class_list":["post-6324","post","type-post","status-publish","format-standard","has-post-thumbnail","hentry","category-musicaeturismo","category-noticiasdestaque"],"_links":{"self":[{"href":"https:\/\/jorgezanoni.com.br\/2019\/wp-json\/wp\/v2\/posts\/6324","targetHints":{"allow":["GET"]}}],"collection":[{"href":"https:\/\/jorgezanoni.com.br\/2019\/wp-json\/wp\/v2\/posts"}],"about":[{"href":"https:\/\/jorgezanoni.com.br\/2019\/wp-json\/wp\/v2\/types\/post"}],"author":[{"embeddable":true,"href":"https:\/\/jorgezanoni.com.br\/2019\/wp-json\/wp\/v2\/users\/1"}],"replies":[{"embeddable":true,"href":"https:\/\/jorgezanoni.com.br\/2019\/wp-json\/wp\/v2\/comments?post=6324"}],"version-history":[{"count":0,"href":"https:\/\/jorgezanoni.com.br\/2019\/wp-json\/wp\/v2\/posts\/6324\/revisions"}],"wp:featuredmedia":[{"embeddable":true,"href":"https:\/\/jorgezanoni.com.br\/2019\/wp-json\/wp\/v2\/media\/6325"}],"wp:attachment":[{"href":"https:\/\/jorgezanoni.com.br\/2019\/wp-json\/wp\/v2\/media?parent=6324"}],"wp:term":[{"taxonomy":"category","embeddable":true,"href":"https:\/\/jorgezanoni.com.br\/2019\/wp-json\/wp\/v2\/categories?post=6324"},{"taxonomy":"post_tag","embeddable":true,"href":"https:\/\/jorgezanoni.com.br\/2019\/wp-json\/wp\/v2\/tags?post=6324"}],"curies":[{"name":"wp","href":"https:\/\/api.w.org\/{rel}","templated":true}]}}