{"id":63238,"date":"2022-05-06T00:24:01","date_gmt":"2022-05-06T00:24:01","guid":{"rendered":"https:\/\/jorgezanoni.com.br\/2019\/?p=63238"},"modified":"2022-05-06T00:24:01","modified_gmt":"2022-05-06T00:24:01","slug":"um-morto-e-dois-feridos-em-grave-acidente","status":"publish","type":"post","link":"https:\/\/jorgezanoni.com.br\/2019\/um-morto-e-dois-feridos-em-grave-acidente\/","title":{"rendered":"Um morto e dois feridos em grave acidente"},"content":{"rendered":"<p style=\"text-align: justify;\">Est\u00e1 em atendimento um acidente grav\u00edssimo ocorrido na Rodovia Ol\u00edmpio Ferreira da Silva \u2013 (SP-272) em Mirante do Paranapanema.<\/p>\n<p style=\"text-align: justify;\">Segundo as primeiras informa\u00e7\u00f5es, o acidente envolveu dois ve\u00edculos, sendo uma caminhonete e um carro de passeio.<\/p>\n<p style=\"text-align: justify;\">Uma pessoa teria morrido no local e outras duas foram socorridas para unidades de sa\u00fade da regi\u00e3o.<\/p>\n<p style=\"text-align: justify;\">A ocorr\u00eancia segue em andamento e o acr\u00e9scimo de mais informa\u00e7\u00f5es ou a altera\u00e7\u00e3o do conte\u00fado desta reportagem podem ocorrer a qualquer momento.<\/p>\n<p style=\"text-align: justify;\">Fonte:\u00a0Chamada Geral e foto do Mirante em Foco<\/p>\n<div class=\"mvp-author-info-date left relative\"><\/div>\n<p>&nbsp;<\/p>\n","protected":false},"excerpt":{"rendered":"<p>Est\u00e1 em atendimento um acidente grav\u00edssimo ocorrido na Rodovia Ol\u00edmpio Ferreira da Silva \u2013 (SP-272) em Mirante do Paranapanema. Segundo as primeiras informa\u00e7\u00f5es, o acidente envolveu dois ve\u00edculos, sendo uma caminhonete e um carro de passeio. Uma pessoa teria morrido no local e outras duas foram socorridas para unidades de sa\u00fade da regi\u00e3o. A ocorr\u00eancia [&hellip;]<\/p>\n","protected":false},"author":1,"featured_media":63239,"comment_status":"closed","ping_status":"open","sticky":false,"template":"","format":"standard","meta":{"footnotes":""},"categories":[170,110],"tags":[],"class_list":["post-63238","post","type-post","status-publish","format-standard","has-post-thumbnail","hentry","category-acidentes","category-noticiasdestaque"],"_links":{"self":[{"href":"https:\/\/jorgezanoni.com.br\/2019\/wp-json\/wp\/v2\/posts\/63238","targetHints":{"allow":["GET"]}}],"collection":[{"href":"https:\/\/jorgezanoni.com.br\/2019\/wp-json\/wp\/v2\/posts"}],"about":[{"href":"https:\/\/jorgezanoni.com.br\/2019\/wp-json\/wp\/v2\/types\/post"}],"author":[{"embeddable":true,"href":"https:\/\/jorgezanoni.com.br\/2019\/wp-json\/wp\/v2\/users\/1"}],"replies":[{"embeddable":true,"href":"https:\/\/jorgezanoni.com.br\/2019\/wp-json\/wp\/v2\/comments?post=63238"}],"version-history":[{"count":0,"href":"https:\/\/jorgezanoni.com.br\/2019\/wp-json\/wp\/v2\/posts\/63238\/revisions"}],"wp:featuredmedia":[{"embeddable":true,"href":"https:\/\/jorgezanoni.com.br\/2019\/wp-json\/wp\/v2\/media\/63239"}],"wp:attachment":[{"href":"https:\/\/jorgezanoni.com.br\/2019\/wp-json\/wp\/v2\/media?parent=63238"}],"wp:term":[{"taxonomy":"category","embeddable":true,"href":"https:\/\/jorgezanoni.com.br\/2019\/wp-json\/wp\/v2\/categories?post=63238"},{"taxonomy":"post_tag","embeddable":true,"href":"https:\/\/jorgezanoni.com.br\/2019\/wp-json\/wp\/v2\/tags?post=63238"}],"curies":[{"name":"wp","href":"https:\/\/api.w.org\/{rel}","templated":true}]}}