{"id":63234,"date":"2022-05-05T23:17:30","date_gmt":"2022-05-05T23:17:30","guid":{"rendered":"https:\/\/jorgezanoni.com.br\/2019\/?p=63234"},"modified":"2022-05-05T23:17:30","modified_gmt":"2022-05-05T23:17:30","slug":"voce-participa-das-atividades-escolares-dos-seus-filhos-por-cidinha-pascoaloto","status":"publish","type":"post","link":"https:\/\/jorgezanoni.com.br\/2019\/voce-participa-das-atividades-escolares-dos-seus-filhos-por-cidinha-pascoaloto\/","title":{"rendered":"Voc\u00ea participa das atividades escolares dos seus filhos?  (por Cidinha Pascoaloto)"},"content":{"rendered":"<p style=\"text-align: justify;\">\u00a0A import\u00e2ncia da participa\u00e7\u00e3o dos pais na educa\u00e7\u00e3o dos filhos.<\/p>\n<p style=\"text-align: justify;\">Voc\u00ea participa das atividades escolares dos seus filhos?<\/p>\n<p style=\"text-align: justify;\">(por Cidinha Pascoaloto)<\/p>\n<p style=\"text-align: justify;\">A participa\u00e7\u00e3o dos pais na educa\u00e7\u00e3o escolar dos filhos \u00e9 essencial para o bom rendimento da crian\u00e7a ou do adolescente na escola.<\/p>\n<p style=\"text-align: justify;\">A casa e a escola s\u00e3o espa\u00e7os que se complementam e transformam toda a vida do indiv\u00edduo em um per\u00edodo completo de aprendizagem. A presen\u00e7a ativa dos pais ou respons\u00e1veis na vida escolar dos filhos traz uma s\u00e9rie de benef\u00edcios. Elas passam a ter mais confian\u00e7a nos adultos que atuam na escola e se sentem protegidas mesmo em um local estranho.<\/p>\n<p style=\"text-align: justify;\">\u00a0Uma s\u00e9rie de benef\u00edcios podem ser percebidos ao se envolver com a rotina educacional das crian\u00e7as. \u00c9 importante que o espa\u00e7o da casa e da escola estejam sempre conectados. E os pais s\u00e3o os principais respons\u00e1veis por isso. A crian\u00e7a ou o adolescente passa grande parte de seu tempo dispon\u00edvel na escola e \u00e9 ali que ela se socializa. Os pais podem ficar conectados atrav\u00e9s das\u00a0<a href=\"https:\/\/blog.colegioarnaldo.com.br\/veja-algumas-dicas-de-como-se-sair-bem-na-reuniao-de-pais\/\">reuni\u00f5es escolares<\/a>, se n\u00e3o for poss\u00edvel procure a pessoa respons\u00e1vel da escola e v\u00e1 outro dia e n\u00e3o se esque\u00e7a que seu filho vai se sentir mais seguro sabendo que voc\u00ea est\u00e1 acompanhando seus estudos.<\/p>\n<p style=\"text-align: justify;\">\u00a0Nas reuni\u00f5es \u00e9 poss\u00edvel acompanhar o rendimento dos filhos. Os pais devem tamb\u00e9m acompanhar os estudos em casa auxiliando nos deveres escolar e ajuda a memorizar dos conte\u00fados dado em classe. Deixe bem claro para seu filho que conhecimento \u00e9 constru\u00eddo ao longo da vida.<\/p>\n<p style=\"text-align: justify;\">O aluno deve ter um espa\u00e7o adequado para estudar em casa, mesmo que seja um guardanapo colocado sobre a mesa para sinalizar que aquele lugar \u00e9 dele estudar. O local deve ser silencioso, confort\u00e1vel e bem iluminado. \u00c9 uma forma de estimular o interesse para estudar para as avalia\u00e7\u00f5es escolares e contribui tamb\u00e9m para a disciplina desde cedo. Dessa forma o aluno poder\u00e1 sair da escola para ocupar seu lugar dentro da sociedade e ser um cidad\u00e3o do bem e completo.<\/p>\n<p><img loading=\"lazy\" decoding=\"async\" class=\"alignnone size-full wp-image-63235\" src=\"https:\/\/jorgezanoni.com.br\/2019\/wp-content\/uploads\/2022\/05\/Cidinha-Pascoaloto.jpg\" alt=\"\" width=\"847\" height=\"1280\" srcset=\"https:\/\/jorgezanoni.com.br\/2019\/wp-content\/uploads\/2022\/05\/Cidinha-Pascoaloto.jpg 847w, https:\/\/jorgezanoni.com.br\/2019\/wp-content\/uploads\/2022\/05\/Cidinha-Pascoaloto-199x300.jpg 199w, https:\/\/jorgezanoni.com.br\/2019\/wp-content\/uploads\/2022\/05\/Cidinha-Pascoaloto-678x1024.jpg 678w, https:\/\/jorgezanoni.com.br\/2019\/wp-content\/uploads\/2022\/05\/Cidinha-Pascoaloto-768x1161.jpg 768w, https:\/\/jorgezanoni.com.br\/2019\/wp-content\/uploads\/2022\/05\/Cidinha-Pascoaloto-696x1052.jpg 696w, https:\/\/jorgezanoni.com.br\/2019\/wp-content\/uploads\/2022\/05\/Cidinha-Pascoaloto-278x420.jpg 278w\" sizes=\"auto, (max-width: 847px) 100vw, 847px\" \/>Cidinha Pascoaloto-Psic\u00f3loga- Gerando Transforma\u00e7\u00e3o \u2013 Terapia Cognitivo Comportamental +551899725-6418 \u2013 CRP 06\/158174<\/p>\n<p>&nbsp;<\/p>\n","protected":false},"excerpt":{"rendered":"<p>\u00a0A import\u00e2ncia da participa\u00e7\u00e3o dos pais na educa\u00e7\u00e3o dos filhos. Voc\u00ea participa das atividades escolares dos seus filhos? (por Cidinha Pascoaloto) A participa\u00e7\u00e3o dos pais na educa\u00e7\u00e3o escolar dos filhos \u00e9 essencial para o bom rendimento da crian\u00e7a ou do adolescente na escola. A casa e a escola s\u00e3o espa\u00e7os que se complementam e transformam [&hellip;]<\/p>\n","protected":false},"author":1,"featured_media":63236,"comment_status":"closed","ping_status":"open","sticky":false,"template":"","format":"standard","meta":{"footnotes":""},"categories":[175],"tags":[],"class_list":["post-63234","post","type-post","status-publish","format-standard","has-post-thumbnail","hentry","category-artigos"],"_links":{"self":[{"href":"https:\/\/jorgezanoni.com.br\/2019\/wp-json\/wp\/v2\/posts\/63234","targetHints":{"allow":["GET"]}}],"collection":[{"href":"https:\/\/jorgezanoni.com.br\/2019\/wp-json\/wp\/v2\/posts"}],"about":[{"href":"https:\/\/jorgezanoni.com.br\/2019\/wp-json\/wp\/v2\/types\/post"}],"author":[{"embeddable":true,"href":"https:\/\/jorgezanoni.com.br\/2019\/wp-json\/wp\/v2\/users\/1"}],"replies":[{"embeddable":true,"href":"https:\/\/jorgezanoni.com.br\/2019\/wp-json\/wp\/v2\/comments?post=63234"}],"version-history":[{"count":0,"href":"https:\/\/jorgezanoni.com.br\/2019\/wp-json\/wp\/v2\/posts\/63234\/revisions"}],"wp:featuredmedia":[{"embeddable":true,"href":"https:\/\/jorgezanoni.com.br\/2019\/wp-json\/wp\/v2\/media\/63236"}],"wp:attachment":[{"href":"https:\/\/jorgezanoni.com.br\/2019\/wp-json\/wp\/v2\/media?parent=63234"}],"wp:term":[{"taxonomy":"category","embeddable":true,"href":"https:\/\/jorgezanoni.com.br\/2019\/wp-json\/wp\/v2\/categories?post=63234"},{"taxonomy":"post_tag","embeddable":true,"href":"https:\/\/jorgezanoni.com.br\/2019\/wp-json\/wp\/v2\/tags?post=63234"}],"curies":[{"name":"wp","href":"https:\/\/api.w.org\/{rel}","templated":true}]}}