{"id":63212,"date":"2022-05-05T20:09:46","date_gmt":"2022-05-05T20:09:46","guid":{"rendered":"https:\/\/jorgezanoni.com.br\/2019\/?p=63212"},"modified":"2022-05-05T20:09:46","modified_gmt":"2022-05-05T20:09:46","slug":"reclamacao-da-populacao-moradores-reclamam-de-terreno-com-mato-no-jardim-vilage","status":"publish","type":"post","link":"https:\/\/jorgezanoni.com.br\/2019\/reclamacao-da-populacao-moradores-reclamam-de-terreno-com-mato-no-jardim-vilage\/","title":{"rendered":"RECLAMA\u00c7\u00c3O DA POPULA\u00c7\u00c3O: Moradores reclamam de terreno com mato no Jardim Vilage"},"content":{"rendered":"<p style=\"text-align: justify;\">Moradores reclamam de um terreno que est\u00e1 cercado, por\u00e9m o mato tomou conta, na Rua Francisco Antonio Pereira, Jardim Vilage, ao lado do n\u00famero 800.<\/p>\n<p style=\"text-align: justify;\">Conforme mostram as fotos, o mato j\u00e1 est\u00e1 atingindo a altura do muro, sendo que o vizinho at\u00e9 capinou um dos lados para amenizar o problema que est\u00e1 enfrentando.<\/p>\n<p style=\"text-align: justify;\">Pelo local, segundo eles, tem aparecido tudo quanto \u00e9 tipo de bichos, tais como Ratos, Ratazanas, Cobra e at\u00e9 Escorpi\u00e3o, sendo que uma moradora vizinha foi picada nesta madrugada por Escorpi\u00e3o.<\/p>\n<p style=\"text-align: justify;\">Ainda conforme as informa\u00e7\u00f5es, faz muito tempo que o terreno n\u00e3o \u00e9 limpo, inclusive o que seria cal\u00e7ada, n\u00e3o tem condi\u00e7\u00f5es de uso, pois est\u00e1 cheia de mato e folhas das \u00e1rvores.<\/p>\n<p style=\"text-align: justify;\">Pedem para o setor competente dar uma passada pelo local e tomar as devidas provid\u00eancias para evitar maiores problemas.<\/p>\n<p><img loading=\"lazy\" decoding=\"async\" class=\"alignnone size-full wp-image-63214\" src=\"https:\/\/jorgezanoni.com.br\/2019\/wp-content\/uploads\/2022\/05\/terreno1.jpg\" alt=\"\" width=\"1599\" height=\"899\" srcset=\"https:\/\/jorgezanoni.com.br\/2019\/wp-content\/uploads\/2022\/05\/terreno1.jpg 1599w, https:\/\/jorgezanoni.com.br\/2019\/wp-content\/uploads\/2022\/05\/terreno1-300x169.jpg 300w, https:\/\/jorgezanoni.com.br\/2019\/wp-content\/uploads\/2022\/05\/terreno1-1024x576.jpg 1024w, https:\/\/jorgezanoni.com.br\/2019\/wp-content\/uploads\/2022\/05\/terreno1-768x432.jpg 768w, https:\/\/jorgezanoni.com.br\/2019\/wp-content\/uploads\/2022\/05\/terreno1-1536x864.jpg 1536w, https:\/\/jorgezanoni.com.br\/2019\/wp-content\/uploads\/2022\/05\/terreno1-696x391.jpg 696w, https:\/\/jorgezanoni.com.br\/2019\/wp-content\/uploads\/2022\/05\/terreno1-1068x600.jpg 1068w, https:\/\/jorgezanoni.com.br\/2019\/wp-content\/uploads\/2022\/05\/terreno1-747x420.jpg 747w\" sizes=\"auto, (max-width: 1599px) 100vw, 1599px\" \/><img loading=\"lazy\" decoding=\"async\" class=\"alignnone size-full wp-image-63216\" src=\"https:\/\/jorgezanoni.com.br\/2019\/wp-content\/uploads\/2022\/05\/terreno-1.jpg\" alt=\"\" width=\"899\" height=\"1599\" srcset=\"https:\/\/jorgezanoni.com.br\/2019\/wp-content\/uploads\/2022\/05\/terreno-1.jpg 899w, https:\/\/jorgezanoni.com.br\/2019\/wp-content\/uploads\/2022\/05\/terreno-1-169x300.jpg 169w, https:\/\/jorgezanoni.com.br\/2019\/wp-content\/uploads\/2022\/05\/terreno-1-576x1024.jpg 576w, https:\/\/jorgezanoni.com.br\/2019\/wp-content\/uploads\/2022\/05\/terreno-1-768x1366.jpg 768w, https:\/\/jorgezanoni.com.br\/2019\/wp-content\/uploads\/2022\/05\/terreno-1-864x1536.jpg 864w, https:\/\/jorgezanoni.com.br\/2019\/wp-content\/uploads\/2022\/05\/terreno-1-696x1238.jpg 696w, https:\/\/jorgezanoni.com.br\/2019\/wp-content\/uploads\/2022\/05\/terreno-1-236x420.jpg 236w\" sizes=\"auto, (max-width: 899px) 100vw, 899px\" \/><\/p>\n<p style=\"text-align: justify;\">Jorge Zanoni<\/p>\n<p style=\"text-align: justify;\">Fotos de Internauta<\/p>\n<p>&nbsp;<\/p>\n<p>&nbsp;<\/p>\n","protected":false},"excerpt":{"rendered":"<p>Moradores reclamam de um terreno que est\u00e1 cercado, por\u00e9m o mato tomou conta, na Rua Francisco Antonio Pereira, Jardim Vilage, ao lado do n\u00famero 800. Conforme mostram as fotos, o mato j\u00e1 est\u00e1 atingindo a altura do muro, sendo que o vizinho at\u00e9 capinou um dos lados para amenizar o problema que est\u00e1 enfrentando. Pelo [&hellip;]<\/p>\n","protected":false},"author":1,"featured_media":63214,"comment_status":"closed","ping_status":"open","sticky":false,"template":"","format":"standard","meta":{"footnotes":""},"categories":[179,184,110],"tags":[],"class_list":["post-63212","post","type-post","status-publish","format-standard","has-post-thumbnail","hentry","category-cidadeseregiao","category-dracena","category-noticiasdestaque"],"_links":{"self":[{"href":"https:\/\/jorgezanoni.com.br\/2019\/wp-json\/wp\/v2\/posts\/63212","targetHints":{"allow":["GET"]}}],"collection":[{"href":"https:\/\/jorgezanoni.com.br\/2019\/wp-json\/wp\/v2\/posts"}],"about":[{"href":"https:\/\/jorgezanoni.com.br\/2019\/wp-json\/wp\/v2\/types\/post"}],"author":[{"embeddable":true,"href":"https:\/\/jorgezanoni.com.br\/2019\/wp-json\/wp\/v2\/users\/1"}],"replies":[{"embeddable":true,"href":"https:\/\/jorgezanoni.com.br\/2019\/wp-json\/wp\/v2\/comments?post=63212"}],"version-history":[{"count":0,"href":"https:\/\/jorgezanoni.com.br\/2019\/wp-json\/wp\/v2\/posts\/63212\/revisions"}],"wp:featuredmedia":[{"embeddable":true,"href":"https:\/\/jorgezanoni.com.br\/2019\/wp-json\/wp\/v2\/media\/63214"}],"wp:attachment":[{"href":"https:\/\/jorgezanoni.com.br\/2019\/wp-json\/wp\/v2\/media?parent=63212"}],"wp:term":[{"taxonomy":"category","embeddable":true,"href":"https:\/\/jorgezanoni.com.br\/2019\/wp-json\/wp\/v2\/categories?post=63212"},{"taxonomy":"post_tag","embeddable":true,"href":"https:\/\/jorgezanoni.com.br\/2019\/wp-json\/wp\/v2\/tags?post=63212"}],"curies":[{"name":"wp","href":"https:\/\/api.w.org\/{rel}","templated":true}]}}