{"id":63205,"date":"2022-05-05T19:28:33","date_gmt":"2022-05-05T19:28:33","guid":{"rendered":"https:\/\/jorgezanoni.com.br\/2019\/?p=63205"},"modified":"2022-05-05T19:28:33","modified_gmt":"2022-05-05T19:28:33","slug":"hoje-e-comemorado-o-dia-nacional-do-uso-racional-de-medicamentos","status":"publish","type":"post","link":"https:\/\/jorgezanoni.com.br\/2019\/hoje-e-comemorado-o-dia-nacional-do-uso-racional-de-medicamentos\/","title":{"rendered":"Hoje \u00e9 comemorado o Dia Nacional do Uso Racional de Medicamentos"},"content":{"rendered":"<p style=\"text-align: justify;\">A data foi criada para alertar a popula\u00e7\u00e3o quanto os riscos \u00e0 sa\u00fade causados pela automedica\u00e7\u00e3o. O objetivo \u00e9 ressaltar o papel do uso indiscriminado de medicamentos e a automedica\u00e7\u00e3o como principais respons\u00e1veis pelos altos \u00edndices de intoxica\u00e7\u00e3o por rem\u00e9dios. A automedica\u00e7\u00e3o traz riscos \u00e0 sa\u00fade, pois a ingest\u00e3o de subst\u00e2ncias de forma inadequada pode causar rea\u00e7\u00f5es como depend\u00eancia, intoxica\u00e7\u00e3o e at\u00e9 a morte. As discuss\u00f5es em torno do tema ainda refor\u00e7am a import\u00e2ncia de utilizar os medicamentos corretamente e fazer o <a href=\"http:\/\/www.blog.saude.gov.br\/index.php\/materias-especiais\/51785-medicamentos-saiba-como-descartar-corretamente-e-as-consequencias-de-jogar-remedios-no-lixo-comum\">descarte adequado.<\/a><\/p>\n<p style=\"text-align: justify;\"><strong>Medicamentos e sa\u00fade:<\/strong><\/p>\n<p style=\"text-align: justify;\">\u2013 seguran\u00e7a no uso: caso se sinta mal ou suspeite de Rea\u00e7\u00f5es Adversas a Medicamentos, procure aux\u00edlio de um m\u00e9dico, farmac\u00eautico ou da equipe de sa\u00fade;<br \/>\n\u2013 evitar a automedica\u00e7\u00e3o: utilizar medicamentos por conta pr\u00f3pria ou sem indica\u00e7\u00e3o de um profissional de sa\u00fade pode ser perigoso;<br \/>\n\u2013 utiliza\u00e7\u00e3o correta: use seus medicamentos na dose prescrita, nos hor\u00e1rios corretos, pelo tempo indicado e da forma adequada;<br \/>\n\u2013 descarte e armazenamento adequados: descarte os medicamentos em coletores pr\u00f3prios, n\u00e3o utilize rem\u00e9dios vencidos, evite guardar em lugares quentes e \u00famidos;<br \/>\n\u2013 esclare\u00e7a suas d\u00favidas: n\u00e3o fique com d\u00favidas sobre como utilizar seus medicamentos, procure sempre ajuda do m\u00e9dico, do farmac\u00eautico ou da equipe de sa\u00fade.<\/p>\n<p><img loading=\"lazy\" decoding=\"async\" class=\"alignnone size-full wp-image-63206\" src=\"https:\/\/jorgezanoni.com.br\/2019\/wp-content\/uploads\/2022\/05\/uso.jpg\" alt=\"\" width=\"1080\" height=\"1080\" srcset=\"https:\/\/jorgezanoni.com.br\/2019\/wp-content\/uploads\/2022\/05\/uso.jpg 1080w, https:\/\/jorgezanoni.com.br\/2019\/wp-content\/uploads\/2022\/05\/uso-300x300.jpg 300w, https:\/\/jorgezanoni.com.br\/2019\/wp-content\/uploads\/2022\/05\/uso-1024x1024.jpg 1024w, https:\/\/jorgezanoni.com.br\/2019\/wp-content\/uploads\/2022\/05\/uso-150x150.jpg 150w, https:\/\/jorgezanoni.com.br\/2019\/wp-content\/uploads\/2022\/05\/uso-768x768.jpg 768w, https:\/\/jorgezanoni.com.br\/2019\/wp-content\/uploads\/2022\/05\/uso-696x696.jpg 696w, https:\/\/jorgezanoni.com.br\/2019\/wp-content\/uploads\/2022\/05\/uso-1068x1068.jpg 1068w, https:\/\/jorgezanoni.com.br\/2019\/wp-content\/uploads\/2022\/05\/uso-420x420.jpg 420w\" sizes=\"auto, (max-width: 1080px) 100vw, 1080px\" \/> <img loading=\"lazy\" decoding=\"async\" class=\"alignnone size-full wp-image-63207\" src=\"https:\/\/jorgezanoni.com.br\/2019\/wp-content\/uploads\/2022\/05\/uso1.jpg\" alt=\"\" width=\"1080\" height=\"1080\" srcset=\"https:\/\/jorgezanoni.com.br\/2019\/wp-content\/uploads\/2022\/05\/uso1.jpg 1080w, https:\/\/jorgezanoni.com.br\/2019\/wp-content\/uploads\/2022\/05\/uso1-300x300.jpg 300w, https:\/\/jorgezanoni.com.br\/2019\/wp-content\/uploads\/2022\/05\/uso1-1024x1024.jpg 1024w, https:\/\/jorgezanoni.com.br\/2019\/wp-content\/uploads\/2022\/05\/uso1-150x150.jpg 150w, https:\/\/jorgezanoni.com.br\/2019\/wp-content\/uploads\/2022\/05\/uso1-768x768.jpg 768w, https:\/\/jorgezanoni.com.br\/2019\/wp-content\/uploads\/2022\/05\/uso1-696x696.jpg 696w, https:\/\/jorgezanoni.com.br\/2019\/wp-content\/uploads\/2022\/05\/uso1-1068x1068.jpg 1068w, https:\/\/jorgezanoni.com.br\/2019\/wp-content\/uploads\/2022\/05\/uso1-420x420.jpg 420w\" sizes=\"auto, (max-width: 1080px) 100vw, 1080px\" \/><img loading=\"lazy\" decoding=\"async\" class=\"alignnone size-full wp-image-63210\" src=\"https:\/\/jorgezanoni.com.br\/2019\/wp-content\/uploads\/2022\/05\/uso2-1.jpg\" alt=\"\" width=\"1080\" height=\"1080\" srcset=\"https:\/\/jorgezanoni.com.br\/2019\/wp-content\/uploads\/2022\/05\/uso2-1.jpg 1080w, https:\/\/jorgezanoni.com.br\/2019\/wp-content\/uploads\/2022\/05\/uso2-1-300x300.jpg 300w, https:\/\/jorgezanoni.com.br\/2019\/wp-content\/uploads\/2022\/05\/uso2-1-1024x1024.jpg 1024w, https:\/\/jorgezanoni.com.br\/2019\/wp-content\/uploads\/2022\/05\/uso2-1-150x150.jpg 150w, https:\/\/jorgezanoni.com.br\/2019\/wp-content\/uploads\/2022\/05\/uso2-1-768x768.jpg 768w, https:\/\/jorgezanoni.com.br\/2019\/wp-content\/uploads\/2022\/05\/uso2-1-696x696.jpg 696w, https:\/\/jorgezanoni.com.br\/2019\/wp-content\/uploads\/2022\/05\/uso2-1-1068x1068.jpg 1068w, https:\/\/jorgezanoni.com.br\/2019\/wp-content\/uploads\/2022\/05\/uso2-1-420x420.jpg 420w\" sizes=\"auto, (max-width: 1080px) 100vw, 1080px\" \/><\/p>\n<p style=\"text-align: justify;\">Fontes: Blog Sa\u00fade Governo do Brasil<\/p>\n<p style=\"text-align: justify;\">Colabora\u00e7\u00e3o: Laborat\u00f3rio e Farm\u00e1cia Alquimista<\/p>\n<p>&nbsp;<\/p>\n<p>&nbsp;<\/p>\n","protected":false},"excerpt":{"rendered":"<p>A data foi criada para alertar a popula\u00e7\u00e3o quanto os riscos \u00e0 sa\u00fade causados pela automedica\u00e7\u00e3o. O objetivo \u00e9 ressaltar o papel do uso indiscriminado de medicamentos e a automedica\u00e7\u00e3o como principais respons\u00e1veis pelos altos \u00edndices de intoxica\u00e7\u00e3o por rem\u00e9dios. A automedica\u00e7\u00e3o traz riscos \u00e0 sa\u00fade, pois a ingest\u00e3o de subst\u00e2ncias de forma inadequada pode [&hellip;]<\/p>\n","protected":false},"author":1,"featured_media":63209,"comment_status":"closed","ping_status":"open","sticky":false,"template":"","format":"standard","meta":{"footnotes":""},"categories":[110,122],"tags":[],"class_list":["post-63205","post","type-post","status-publish","format-standard","has-post-thumbnail","hentry","category-noticiasdestaque","category-saudeeducacaoeconcurso"],"_links":{"self":[{"href":"https:\/\/jorgezanoni.com.br\/2019\/wp-json\/wp\/v2\/posts\/63205","targetHints":{"allow":["GET"]}}],"collection":[{"href":"https:\/\/jorgezanoni.com.br\/2019\/wp-json\/wp\/v2\/posts"}],"about":[{"href":"https:\/\/jorgezanoni.com.br\/2019\/wp-json\/wp\/v2\/types\/post"}],"author":[{"embeddable":true,"href":"https:\/\/jorgezanoni.com.br\/2019\/wp-json\/wp\/v2\/users\/1"}],"replies":[{"embeddable":true,"href":"https:\/\/jorgezanoni.com.br\/2019\/wp-json\/wp\/v2\/comments?post=63205"}],"version-history":[{"count":0,"href":"https:\/\/jorgezanoni.com.br\/2019\/wp-json\/wp\/v2\/posts\/63205\/revisions"}],"wp:featuredmedia":[{"embeddable":true,"href":"https:\/\/jorgezanoni.com.br\/2019\/wp-json\/wp\/v2\/media\/63209"}],"wp:attachment":[{"href":"https:\/\/jorgezanoni.com.br\/2019\/wp-json\/wp\/v2\/media?parent=63205"}],"wp:term":[{"taxonomy":"category","embeddable":true,"href":"https:\/\/jorgezanoni.com.br\/2019\/wp-json\/wp\/v2\/categories?post=63205"},{"taxonomy":"post_tag","embeddable":true,"href":"https:\/\/jorgezanoni.com.br\/2019\/wp-json\/wp\/v2\/tags?post=63205"}],"curies":[{"name":"wp","href":"https:\/\/api.w.org\/{rel}","templated":true}]}}