{"id":63199,"date":"2022-05-05T17:55:02","date_gmt":"2022-05-05T17:55:02","guid":{"rendered":"https:\/\/jorgezanoni.com.br\/2019\/?p=63199"},"modified":"2022-05-05T17:55:02","modified_gmt":"2022-05-05T17:55:02","slug":"jovem-dracenense-e-destaque-em-fase-paulista-de-karate","status":"publish","type":"post","link":"https:\/\/jorgezanoni.com.br\/2019\/jovem-dracenense-e-destaque-em-fase-paulista-de-karate\/","title":{"rendered":"Jovem dracenense \u00e9 destaque em fase paulista de Karate"},"content":{"rendered":"<p style=\"text-align: justify;\">No \u00faltimo s\u00e1bado (30), o jovem Josemar Jacob Branco Junior de 16 anos, conseguiu medalha de prata na categoria Faixa Verde Segundo Dan na fase paulista de Karate.<\/p>\n<p style=\"text-align: justify;\">O atleta participou na fase realizada em Ibate\/SP que foi a quarta da categoria j\u00fanior at\u00e9 61 Kg. de terceiro a sexto Kill<\/p>\n<p style=\"text-align: justify;\">Josemar \u00e9 estudante da Escola Estadual Julieta Guedes de Mendon\u00e7a e faz Curso de Mec\u00e2nico Industrial no Senai.<\/p>\n<p style=\"text-align: justify;\">Est\u00e1 classificado para a etapa final do Campeonato Paulista que ser\u00e1 realizado na cidade de S\u00e3o Bernardo do Campo\/SP., nos dias 21 e 22 de maio pr\u00f3ximo.<\/p>\n<p><img loading=\"lazy\" decoding=\"async\" class=\"alignnone size-full wp-image-63202\" src=\"https:\/\/jorgezanoni.com.br\/2019\/wp-content\/uploads\/2022\/05\/edinho-1-1.jpg\" alt=\"\" width=\"650\" height=\"485\" srcset=\"https:\/\/jorgezanoni.com.br\/2019\/wp-content\/uploads\/2022\/05\/edinho-1-1.jpg 650w, https:\/\/jorgezanoni.com.br\/2019\/wp-content\/uploads\/2022\/05\/edinho-1-1-300x224.jpg 300w, https:\/\/jorgezanoni.com.br\/2019\/wp-content\/uploads\/2022\/05\/edinho-1-1-80x60.jpg 80w, https:\/\/jorgezanoni.com.br\/2019\/wp-content\/uploads\/2022\/05\/edinho-1-1-265x198.jpg 265w, https:\/\/jorgezanoni.com.br\/2019\/wp-content\/uploads\/2022\/05\/edinho-1-1-563x420.jpg 563w\" sizes=\"auto, (max-width: 650px) 100vw, 650px\" \/><\/p>\n<p style=\"text-align: justify;\">No evento esteve acompanhado do Sensei M\u00e1rcio Perez e atletas da Associa\u00e7\u00e3o dracenense de Karate\u00a0Pedro Leite, Gabriela Vello, Josemar, \u00cdtalo, Thain\u00e1 e Lav\u00ednia. Os Senseis Giovana e Kleber tamb\u00e9m participaram.<\/p>\n<p><img loading=\"lazy\" decoding=\"async\" class=\"alignnone size-full wp-image-63203\" src=\"https:\/\/jorgezanoni.com.br\/2019\/wp-content\/uploads\/2022\/05\/aff.jpg\" alt=\"\" width=\"539\" height=\"539\" srcset=\"https:\/\/jorgezanoni.com.br\/2019\/wp-content\/uploads\/2022\/05\/aff.jpg 539w, https:\/\/jorgezanoni.com.br\/2019\/wp-content\/uploads\/2022\/05\/aff-300x300.jpg 300w, https:\/\/jorgezanoni.com.br\/2019\/wp-content\/uploads\/2022\/05\/aff-150x150.jpg 150w, https:\/\/jorgezanoni.com.br\/2019\/wp-content\/uploads\/2022\/05\/aff-420x420.jpg 420w\" sizes=\"auto, (max-width: 539px) 100vw, 539px\" \/><\/p>\n<p style=\"text-align: justify;\">Associa\u00e7\u00e3o Dracenende de karat\u00ea Shoto-Kan<\/p>\n<p style=\"text-align: justify;\">O pai Edinho, m\u00e3e Renata e as irm\u00e3s Isis e Elo\u00e1 est\u00e3o felizes e muito orgulhosos com a conquista e agradecem toda a equipe da Associa\u00e7\u00e3o e Senseis por proporcionar esse aprendizado aos alunos com tanta dedica\u00e7\u00e3o.<\/p>\n<p style=\"text-align: justify;\">O Site JZ parabeniza o jovem atleta pela brilhante conquista.<\/p>\n<p style=\"text-align: justify;\">Jorge Zanoni<\/p>\n<p>&nbsp;<\/p>\n","protected":false},"excerpt":{"rendered":"<p>No \u00faltimo s\u00e1bado (30), o jovem Josemar Jacob Branco Junior de 16 anos, conseguiu medalha de prata na categoria Faixa Verde Segundo Dan na fase paulista de Karate. O atleta participou na fase realizada em Ibate\/SP que foi a quarta da categoria j\u00fanior at\u00e9 61 Kg. de terceiro a sexto Kill Josemar \u00e9 estudante da [&hellip;]<\/p>\n","protected":false},"author":1,"featured_media":63200,"comment_status":"closed","ping_status":"open","sticky":false,"template":"","format":"standard","meta":{"footnotes":""},"categories":[111,110],"tags":[],"class_list":["post-63199","post","type-post","status-publish","format-standard","has-post-thumbnail","hentry","category-esporteecultura","category-noticiasdestaque"],"_links":{"self":[{"href":"https:\/\/jorgezanoni.com.br\/2019\/wp-json\/wp\/v2\/posts\/63199","targetHints":{"allow":["GET"]}}],"collection":[{"href":"https:\/\/jorgezanoni.com.br\/2019\/wp-json\/wp\/v2\/posts"}],"about":[{"href":"https:\/\/jorgezanoni.com.br\/2019\/wp-json\/wp\/v2\/types\/post"}],"author":[{"embeddable":true,"href":"https:\/\/jorgezanoni.com.br\/2019\/wp-json\/wp\/v2\/users\/1"}],"replies":[{"embeddable":true,"href":"https:\/\/jorgezanoni.com.br\/2019\/wp-json\/wp\/v2\/comments?post=63199"}],"version-history":[{"count":0,"href":"https:\/\/jorgezanoni.com.br\/2019\/wp-json\/wp\/v2\/posts\/63199\/revisions"}],"wp:featuredmedia":[{"embeddable":true,"href":"https:\/\/jorgezanoni.com.br\/2019\/wp-json\/wp\/v2\/media\/63200"}],"wp:attachment":[{"href":"https:\/\/jorgezanoni.com.br\/2019\/wp-json\/wp\/v2\/media?parent=63199"}],"wp:term":[{"taxonomy":"category","embeddable":true,"href":"https:\/\/jorgezanoni.com.br\/2019\/wp-json\/wp\/v2\/categories?post=63199"},{"taxonomy":"post_tag","embeddable":true,"href":"https:\/\/jorgezanoni.com.br\/2019\/wp-json\/wp\/v2\/tags?post=63199"}],"curies":[{"name":"wp","href":"https:\/\/api.w.org\/{rel}","templated":true}]}}