{"id":63192,"date":"2022-05-05T16:10:40","date_gmt":"2022-05-05T16:10:40","guid":{"rendered":"https:\/\/jorgezanoni.com.br\/2019\/?p=63192"},"modified":"2022-05-05T16:10:40","modified_gmt":"2022-05-05T16:10:40","slug":"motorista-de-onibus-morre-e-9-pessoas-ficam-feridas-em-colisao-com-caminhao","status":"publish","type":"post","link":"https:\/\/jorgezanoni.com.br\/2019\/motorista-de-onibus-morre-e-9-pessoas-ficam-feridas-em-colisao-com-caminhao\/","title":{"rendered":"Motorista de \u00f4nibus morre e 9 pessoas ficam feridas em colis\u00e3o com caminh\u00e3o"},"content":{"rendered":"<div class=\"mc-column content-text active-extra-styles \" data-block-type=\"unstyled\" data-block-weight=\"24\" data-block-id=\"2\">\n<p class=\"content-text__container \" style=\"text-align: justify;\" data-track-category=\"Link no Texto\" data-track-links=\"\"><strong>O motorista de um \u00f4nibus que fazia o trajeto de S\u00e3o Paulo a Presidente Epit\u00e1cio morreu ap\u00f3s o ve\u00edculo ser atingido por um caminh\u00e3o.<\/strong><\/p>\n<\/div>\n<div class=\"wall protected-content\">\n<div class=\"mc-column content-text active-extra-styles \" style=\"text-align: justify;\" data-block-type=\"unstyled\" data-block-weight=\"23\" data-block-id=\"3\">\n<p class=\"content-text__container \" data-track-category=\"Link no Texto\" data-track-links=\"\">Outras nove pessoas ficaram feridas no acidente que aconteceu na noite dessa quarta-feira (4), na Rodovia Raposo Tavares, entre Salto Grande e\u00a0Ibirarema.<\/p>\n<\/div>\n<div class=\"mc-column content-text active-extra-styles \" style=\"text-align: justify;\" data-block-type=\"unstyled\" data-block-weight=\"36\" data-block-id=\"4\">\n<p class=\"content-text__container \" data-track-category=\"Link no Texto\" data-track-links=\"\">Segundo a Pol\u00edcia Rodovi\u00e1ria, o caminh\u00e3o trafegava na contram\u00e3o e bateu de frente com o \u00f4nibus. Ainda de acordo com a Pol\u00edcia Rodovi\u00e1ria, o caminhoneiro foi preso por dirigir embriagado. Ele aguarda audi\u00eancia de cust\u00f3dia.<\/p>\n<p><img loading=\"lazy\" decoding=\"async\" class=\"aligncenter jetpack-lazy-image jetpack-lazy-image--handled\" src=\"https:\/\/i0.wp.com\/s2.glbimg.com\/7uDsu-f2aifPweLyVUj-Qlpj3yg=\/0x0:1600x1200\/1000x0\/smart\/filters:strip_icc()\/i.s3.glbimg.com\/v1\/AUTH_59edd422c0c84a879bd37670ae4f538a\/internal_photos\/bs\/2022\/H\/4\/QMWe9vRpeOGdJfU6TEMQ\/acidente.jpeg?resize=572%2C429&amp;ssl=1\" width=\"572\" height=\"429\" data-recalc-dims=\"1\" data-lazy-loaded=\"1\" \/><\/p>\n<\/div>\n<div class=\"mc-column content-text active-extra-styles \" data-block-type=\"unstyled\" data-block-weight=\"36\" data-block-id=\"5\">\n<p class=\"content-text__container \" style=\"text-align: justify;\" data-track-category=\"Link no Texto\" data-track-links=\"\">Dos nove feridos, sete eram passageiros do \u00f4nibus e outros dois caminhoneiros. Eles foram encaminhados para hospitais de Ourinhos e Assis. N\u00e3o h\u00e1 informa\u00e7\u00f5es de quantos passageiros estavam no \u00f4nibus que \u00e9 da empresa Andorinha.<\/p>\n<div class=\"mc-column content-text active-extra-styles \" style=\"text-align: justify;\" data-block-type=\"unstyled\" data-block-weight=\"12\" data-block-id=\"7\">\n<p class=\"content-text__container \" data-track-category=\"Link no Texto\" data-track-links=\"\">Outros dois ve\u00edculos, um caminh\u00e3o bi-trem e outro \u00f4nibus, tamb\u00e9m foram atingidos.<\/p>\n<\/div>\n<div class=\"mc-column content-text active-extra-styles \" data-block-type=\"unstyled\" data-block-weight=\"28\" data-block-id=\"8\">\n<p class=\"content-text__container \" style=\"text-align: justify;\" data-track-category=\"Link no Texto\" data-track-links=\"\">A pista precisou ser parcialmente interditada pra atendimento das v\u00edtimas, mas j\u00e1 foi liberada. A per\u00edcia foi acionada e a Pol\u00edcia Civil vai investigar as causas do acidente.<\/p>\n<p style=\"text-align: justify;\" data-track-category=\"Link no Texto\" data-track-links=\"\">Fonte: G1<\/p>\n<\/div>\n<\/div>\n<\/div>\n","protected":false},"excerpt":{"rendered":"<p>O motorista de um \u00f4nibus que fazia o trajeto de S\u00e3o Paulo a Presidente Epit\u00e1cio morreu ap\u00f3s o ve\u00edculo ser atingido por um caminh\u00e3o. Outras nove pessoas ficaram feridas no acidente que aconteceu na noite dessa quarta-feira (4), na Rodovia Raposo Tavares, entre Salto Grande e\u00a0Ibirarema. Segundo a Pol\u00edcia Rodovi\u00e1ria, o caminh\u00e3o trafegava na contram\u00e3o [&hellip;]<\/p>\n","protected":false},"author":1,"featured_media":63194,"comment_status":"closed","ping_status":"open","sticky":false,"template":"","format":"standard","meta":{"footnotes":""},"categories":[170,110],"tags":[],"class_list":["post-63192","post","type-post","status-publish","format-standard","has-post-thumbnail","hentry","category-acidentes","category-noticiasdestaque"],"_links":{"self":[{"href":"https:\/\/jorgezanoni.com.br\/2019\/wp-json\/wp\/v2\/posts\/63192","targetHints":{"allow":["GET"]}}],"collection":[{"href":"https:\/\/jorgezanoni.com.br\/2019\/wp-json\/wp\/v2\/posts"}],"about":[{"href":"https:\/\/jorgezanoni.com.br\/2019\/wp-json\/wp\/v2\/types\/post"}],"author":[{"embeddable":true,"href":"https:\/\/jorgezanoni.com.br\/2019\/wp-json\/wp\/v2\/users\/1"}],"replies":[{"embeddable":true,"href":"https:\/\/jorgezanoni.com.br\/2019\/wp-json\/wp\/v2\/comments?post=63192"}],"version-history":[{"count":0,"href":"https:\/\/jorgezanoni.com.br\/2019\/wp-json\/wp\/v2\/posts\/63192\/revisions"}],"wp:featuredmedia":[{"embeddable":true,"href":"https:\/\/jorgezanoni.com.br\/2019\/wp-json\/wp\/v2\/media\/63194"}],"wp:attachment":[{"href":"https:\/\/jorgezanoni.com.br\/2019\/wp-json\/wp\/v2\/media?parent=63192"}],"wp:term":[{"taxonomy":"category","embeddable":true,"href":"https:\/\/jorgezanoni.com.br\/2019\/wp-json\/wp\/v2\/categories?post=63192"},{"taxonomy":"post_tag","embeddable":true,"href":"https:\/\/jorgezanoni.com.br\/2019\/wp-json\/wp\/v2\/tags?post=63192"}],"curies":[{"name":"wp","href":"https:\/\/api.w.org\/{rel}","templated":true}]}}