{"id":63139,"date":"2022-05-04T01:07:08","date_gmt":"2022-05-04T01:07:08","guid":{"rendered":"https:\/\/jorgezanoni.com.br\/2019\/?p=63139"},"modified":"2022-05-04T01:07:08","modified_gmt":"2022-05-04T01:07:08","slug":"policia-militar-apreende-adolescente-com-crack-pronto-para-venda-no-jardim-brasilandia","status":"publish","type":"post","link":"https:\/\/jorgezanoni.com.br\/2019\/policia-militar-apreende-adolescente-com-crack-pronto-para-venda-no-jardim-brasilandia\/","title":{"rendered":"Pol\u00edcia Militar apreende adolescente com Crack pronto para venda no Jardim Brasil\u00e2ndia"},"content":{"rendered":"<p style=\"text-align: justify;\">POL\u00cdCIA MILITAR APREENDE ADOLESCENTE COM 26 POR\u00c7\u00d5ES DE CRACK PRONTAS PARA A VENDA E MENOR \u00c9 DETIDO POR ATO INFRACIONAL DE TR\u00c1FICO DE DROGAS EM DRACENA<\/p>\n<p style=\"text-align: justify;\">Na data de ontem (2) por volta das 23h16min durante Patrulhamento de For\u00e7a Tatica pelo munic\u00edpio de Dracena, pela Rua Manoel Bandeira x Rua Graciliano Ramos &#8211; Jd Brasil\u00e2ndia, local com diversas den\u00fancias da pr\u00e1tica de tr\u00e1fico de drogas, foi visualizado o sindicado e com outras pessoas, os quais ao perceberem a presen\u00e7a policial, mudaram o comportamento, apressando os passos. Foram abordados e submetidos a busca pessoal, com o maior de idade nada de ilicito foi encontrado. Com o menor (17 anos), localizado uma por\u00e7\u00e3o de crack e a quantia de dez reais(R$10,00), indagado, informou estar fazendo tr\u00e1fico no local, indicando onde guardava o restante da droga bem como o dinheiro arrecadado com a venda. Indagado o maior, este informou n\u00e3o saber da droga que estava com seus amigo. No local indicado pelo sindicado, sendo o quintal de sua resid\u00eancia, foram localizados vinte e seis por\u00e7\u00f5es de crack (26) e quantia R$132,00 em notas diversas. Os produtos e dinheiro e um Celular Motorola foram apreendidos.<br \/>\nO menor ficou apreendido a disposi\u00e7\u00e3o da Justi\u00e7a, maior ouvido e liberado.<br \/>\nA genitora do menor acompanhou a apresenta\u00e7\u00e3o da ocorr\u00eancia no Plant\u00e3o de Pol\u00edcia Judici\u00e1ria.<\/p>\n<p>Fonte: Com. Social Pol\u00edcia Militar<\/p>\n<p>&nbsp;<\/p>\n","protected":false},"excerpt":{"rendered":"<p>POL\u00cdCIA MILITAR APREENDE ADOLESCENTE COM 26 POR\u00c7\u00d5ES DE CRACK PRONTAS PARA A VENDA E MENOR \u00c9 DETIDO POR ATO INFRACIONAL DE TR\u00c1FICO DE DROGAS EM DRACENA Na data de ontem (2) por volta das 23h16min durante Patrulhamento de For\u00e7a Tatica pelo munic\u00edpio de Dracena, pela Rua Manoel Bandeira x Rua Graciliano Ramos &#8211; Jd Brasil\u00e2ndia, [&hellip;]<\/p>\n","protected":false},"author":1,"featured_media":63142,"comment_status":"closed","ping_status":"open","sticky":false,"template":"","format":"standard","meta":{"footnotes":""},"categories":[110,2],"tags":[],"class_list":["post-63139","post","type-post","status-publish","format-standard","has-post-thumbnail","hentry","category-noticiasdestaque","category-policial"],"_links":{"self":[{"href":"https:\/\/jorgezanoni.com.br\/2019\/wp-json\/wp\/v2\/posts\/63139","targetHints":{"allow":["GET"]}}],"collection":[{"href":"https:\/\/jorgezanoni.com.br\/2019\/wp-json\/wp\/v2\/posts"}],"about":[{"href":"https:\/\/jorgezanoni.com.br\/2019\/wp-json\/wp\/v2\/types\/post"}],"author":[{"embeddable":true,"href":"https:\/\/jorgezanoni.com.br\/2019\/wp-json\/wp\/v2\/users\/1"}],"replies":[{"embeddable":true,"href":"https:\/\/jorgezanoni.com.br\/2019\/wp-json\/wp\/v2\/comments?post=63139"}],"version-history":[{"count":0,"href":"https:\/\/jorgezanoni.com.br\/2019\/wp-json\/wp\/v2\/posts\/63139\/revisions"}],"wp:featuredmedia":[{"embeddable":true,"href":"https:\/\/jorgezanoni.com.br\/2019\/wp-json\/wp\/v2\/media\/63142"}],"wp:attachment":[{"href":"https:\/\/jorgezanoni.com.br\/2019\/wp-json\/wp\/v2\/media?parent=63139"}],"wp:term":[{"taxonomy":"category","embeddable":true,"href":"https:\/\/jorgezanoni.com.br\/2019\/wp-json\/wp\/v2\/categories?post=63139"},{"taxonomy":"post_tag","embeddable":true,"href":"https:\/\/jorgezanoni.com.br\/2019\/wp-json\/wp\/v2\/tags?post=63139"}],"curies":[{"name":"wp","href":"https:\/\/api.w.org\/{rel}","templated":true}]}}