{"id":63132,"date":"2022-05-03T22:46:21","date_gmt":"2022-05-03T22:46:21","guid":{"rendered":"https:\/\/jorgezanoni.com.br\/2019\/?p=63132"},"modified":"2022-05-03T22:46:21","modified_gmt":"2022-05-03T22:46:21","slug":"medicina-unifadra-dracena-abre-inscricoes-para-transferencia-por-analise-de-curriculo-3","status":"publish","type":"post","link":"https:\/\/jorgezanoni.com.br\/2019\/medicina-unifadra-dracena-abre-inscricoes-para-transferencia-por-analise-de-curriculo-3\/","title":{"rendered":"Medicina: Unifadra Dracena abre inscri\u00e7\u00f5es para transfer\u00eancia por an\u00e1lise de curr\u00edculo"},"content":{"rendered":"<p style=\"text-align: justify;\"><i><strong>Alunos de outras institui\u00e7\u00f5es brasileiras podem se candidatar \u00e0s vagas no 2\u00ba, 4\u00ba e 6\u00ba semestres do curso de Medicina na Unifadra.<\/strong><\/i><\/p>\n<p><span style=\"font-size: large;\">A Unifadra est\u00e1 com inscri\u00e7\u00f5es abertas para receber transfer\u00eancias para o 2\u00ba, 4\u00ba e 6\u00ba semestres do curso de Medicina, por an\u00e1lise de curr\u00edculo. As inscri\u00e7\u00f5es para esse processo seletivo poder\u00e3o ser feitas at\u00e9 o\u00a0<b>dia 7 de julho<\/b>.<\/span><\/p>\n<p><span style=\"font-size: large;\">Podem se inscrever somente os alunos aprovados em processo seletivo e regularmente matriculados em cursos de gradua\u00e7\u00e3o em Medicina de institui\u00e7\u00f5es de ensino superior brasileiras autorizadas ou reconhecidas pelo MEC ou pelos Conselhos Estaduais de Educa\u00e7\u00e3o.<\/span><\/p>\n<p><span style=\"font-size: large;\">A sele\u00e7\u00e3o para transfer\u00eancia ser\u00e1 feita pela an\u00e1lise do curr\u00edculo acad\u00eamico do aluno no seu curso de Medicina. Essa an\u00e1lise tamb\u00e9m indicar\u00e1 ao candidato as adapta\u00e7\u00f5es a serem cumpridas e os respectivos semestres em que ser\u00e3o realizadas.<\/span><\/p>\n<p><span style=\"font-size: large;\">Para verificar em qual semestre poder\u00e3o realizar sua inscri\u00e7\u00e3o, os interessados devem confrontar as disciplinas cursadas em sua institui\u00e7\u00e3o com aquelas do curr\u00edculo da Unifadra (dispon\u00edvel em\u00a0<a href=\"https:\/\/fundec.edu.br\/unifadra\/graduacao\/medicina\" target=\"_blank\" rel=\"noopener noreferrer\">https:\/\/fundec.edu.br\/unifadra\/graduacao\/medicina<\/a>).<\/span><\/p>\n<p><span style=\"font-size: large;\">Para mais informa\u00e7\u00f5es, leia atentamente o edital. O processo de transfer\u00eancia n\u00e3o contempla alunos dos programas ProUni e Bolsa Escola da Fam\u00edlia. O resultado ser\u00e1 divulgado no dia 15 de julho e os classificados ter\u00e3o at\u00e9 o dia 22 de julho para efetuar sua matr\u00edcula.<\/span><\/p>\n<p><span style=\"font-size: large;\"><b>SERVI\u00c7O<\/b><\/span><br \/>\n<span style=\"font-size: large;\">Processo seletivo de transfer\u00eancia por an\u00e1lise de curr\u00edculo para o curso de Medicina da Unifadra Dracena (2\u00ba, 4\u00ba e 6\u00ba semestres)<\/span><br \/>\n<span style=\"font-size: large;\"><b>Edital e inscri\u00e7\u00f5es pelo site<\/b>:\u00a0<a href=\"https:\/\/fundec.edu.br\/unifadra\/transferenciamedicina\" target=\"_blank\" rel=\"noopener noreferrer\">https:\/\/fundec.edu.br\/unifadra\/transferenciamedicina<\/a><\/span><br \/>\n<span style=\"font-size: large;\"><b>Envio dos documentos<\/b>: at\u00e9 07\/07 (de forma digitalizada, em formato PDF)<\/span><br \/>\n<span style=\"font-size: large;\"><b>Divulga\u00e7\u00e3o do resultado<\/b>: 15\/07<\/span><br \/>\n<span style=\"font-size: large;\"><b>Matr\u00edculas<\/b>: at\u00e9 22\/07<\/span><br \/>\n<span style=\"font-size: large;\"><b>In\u00edcio das aulas<\/b>: segundo semestre do ano letivo 2022<\/span><\/p>\n<p><span style=\"font-size: large;\"><b>Sobre o curso de Medicina da Unifadra Dracena<\/b><\/span><\/p>\n<p><span style=\"font-size: large;\">Por meio das metodologias ativas de ensino adotadas pela Unifadra, favorecemos o aprendizado significativo de nossos acad\u00eamicos e proporcionamos o desenvolvimento das capacidades e compet\u00eancias necess\u00e1rias para a profiss\u00e3o m\u00e9dica.<\/span><\/p>\n<p><span style=\"font-size: large;\">Al\u00e9m disso, desde o primeiro semestre do curso de Medicina, nossos alunos v\u00e3o a campo em unidades de sa\u00fade, o que os auxilia na compreens\u00e3o do atendimento humanizado. A microrregi\u00e3o de Dracena recebe os estudantes para suas atividades pr\u00e1ticas em hospitais, postos de sa\u00fade, UBS, ESFs, al\u00e9m dos programas sociais oferecidos pela pr\u00f3pria institui\u00e7\u00e3o e por parceiros.<\/span><\/p>\n<p><span style=\"font-size: large;\">Nossos laborat\u00f3rios de sa\u00fade contam com equipamentos tecnol\u00f3gicos de \u00faltima gera\u00e7\u00e3o, como simuladores real\u00edsticos, mesas simuladoras de anatomia 3D, aparelhos completos para procedimentos e pr\u00e1ticas cir\u00fargicas, equipamentos para habilidades m\u00e9dicas, morfologia, bibliotecas virtuais com acervos digitais, entre outros.<\/span><\/p>\n<p>Fonte: Depto. de Comunica\u00e7\u00e3o da Fundec<\/p>\n","protected":false},"excerpt":{"rendered":"<p>Alunos de outras institui\u00e7\u00f5es brasileiras podem se candidatar \u00e0s vagas no 2\u00ba, 4\u00ba e 6\u00ba semestres do curso de Medicina na Unifadra. A Unifadra est\u00e1 com inscri\u00e7\u00f5es abertas para receber transfer\u00eancias para o 2\u00ba, 4\u00ba e 6\u00ba semestres do curso de Medicina, por an\u00e1lise de curr\u00edculo. As inscri\u00e7\u00f5es para esse processo seletivo poder\u00e3o ser feitas [&hellip;]<\/p>\n","protected":false},"author":1,"featured_media":63133,"comment_status":"closed","ping_status":"open","sticky":false,"template":"","format":"standard","meta":{"footnotes":""},"categories":[110,122],"tags":[],"class_list":["post-63132","post","type-post","status-publish","format-standard","has-post-thumbnail","hentry","category-noticiasdestaque","category-saudeeducacaoeconcurso"],"_links":{"self":[{"href":"https:\/\/jorgezanoni.com.br\/2019\/wp-json\/wp\/v2\/posts\/63132","targetHints":{"allow":["GET"]}}],"collection":[{"href":"https:\/\/jorgezanoni.com.br\/2019\/wp-json\/wp\/v2\/posts"}],"about":[{"href":"https:\/\/jorgezanoni.com.br\/2019\/wp-json\/wp\/v2\/types\/post"}],"author":[{"embeddable":true,"href":"https:\/\/jorgezanoni.com.br\/2019\/wp-json\/wp\/v2\/users\/1"}],"replies":[{"embeddable":true,"href":"https:\/\/jorgezanoni.com.br\/2019\/wp-json\/wp\/v2\/comments?post=63132"}],"version-history":[{"count":0,"href":"https:\/\/jorgezanoni.com.br\/2019\/wp-json\/wp\/v2\/posts\/63132\/revisions"}],"wp:featuredmedia":[{"embeddable":true,"href":"https:\/\/jorgezanoni.com.br\/2019\/wp-json\/wp\/v2\/media\/63133"}],"wp:attachment":[{"href":"https:\/\/jorgezanoni.com.br\/2019\/wp-json\/wp\/v2\/media?parent=63132"}],"wp:term":[{"taxonomy":"category","embeddable":true,"href":"https:\/\/jorgezanoni.com.br\/2019\/wp-json\/wp\/v2\/categories?post=63132"},{"taxonomy":"post_tag","embeddable":true,"href":"https:\/\/jorgezanoni.com.br\/2019\/wp-json\/wp\/v2\/tags?post=63132"}],"curies":[{"name":"wp","href":"https:\/\/api.w.org\/{rel}","templated":true}]}}