{"id":63129,"date":"2022-05-03T22:12:26","date_gmt":"2022-05-03T22:12:26","guid":{"rendered":"https:\/\/jorgezanoni.com.br\/2019\/?p=63129"},"modified":"2022-05-03T22:12:26","modified_gmt":"2022-05-03T22:12:26","slug":"diretoria-do-crf-sp-estara-em-dracena-na-proxima-terca-feira","status":"publish","type":"post","link":"https:\/\/jorgezanoni.com.br\/2019\/diretoria-do-crf-sp-estara-em-dracena-na-proxima-terca-feira\/","title":{"rendered":"Diretoria do CRF-SP estar\u00e1 em Dracena na pr\u00f3xima ter\u00e7a-feira"},"content":{"rendered":"<p><strong>ATEN\u00c7\u00c3O PROFISSIONAIS FARMAC\u00caUTICOS:<\/strong><\/p>\n<p style=\"text-align: justify;\">A diretoria do CRF-SP estar\u00e1 pessoalmente em Dracena* \u00e0 disposi\u00e7\u00e3o para ouvir sugest\u00f5es e esclarecer d\u00favidas. Essa \u00e9 uma iniciativa da nova gest\u00e3o do Conselho para se aproximar dos farmac\u00eauticos nas diversas localidades do Estado para que, juntos, possam construir melhorias para a profiss\u00e3o. O encontro ser\u00e1 no dia 10\/5\/2022, \u00e0s 19h, na Faculdade Reges de Dracena.<\/p>\n<p style=\"text-align: justify;\">INSCRI\u00c7\u00d5ES<br \/>\n&#8211; Farmac\u00eauticos: https:\/\/ecat.crfsp.org.br\/<br \/>\n&#8211; Acad\u00eamicos de Farm\u00e1cia: Enviar um e-mail para eventos@crfsp.org.br com as seguintes informa\u00e7\u00f5es: nome completo, CPF, contato telef\u00f4nico e comprovante de escolaridade.<br \/>\nMais informa\u00e7\u00f5es: (11) 3067-1462<\/p>\n<p style=\"text-align: justify;\">* Munic\u00edpios da regi\u00e3o de Dracena<br \/>\nAdamantina. Bastos, Fl\u00f3rida Paulista, Iacri, In\u00fabia Paulista, Irapuru, Junqueir\u00f3polis, Luc\u00e9lia, Mari\u00e1polis, Osvaldo Cruz, Ouro Verde, Pacaembu, Panorama, Parapu\u00e3, Paulic\u00e9ia, Pracinha, Rin\u00f3polis, Sagres, Salmour\u00e3o, Santa Mercedes, S\u00e3o Jo\u00e3o do Pau d&#8217;Alho, Tupi Paulista, Monte Castelo, Nova Guataporanga<br \/>\n#crfsp #falecomadiretoria #diretoriacrfsp #dracena #seccionaisdocrfsp #farm\u00e1cia #farmac\u00eautico<\/p>\n<p style=\"text-align: justify;\">Fonte: https:\/\/ecat.crfsp.org.br\/<\/p>\n","protected":false},"excerpt":{"rendered":"<p>ATEN\u00c7\u00c3O PROFISSIONAIS FARMAC\u00caUTICOS: A diretoria do CRF-SP estar\u00e1 pessoalmente em Dracena* \u00e0 disposi\u00e7\u00e3o para ouvir sugest\u00f5es e esclarecer d\u00favidas. Essa \u00e9 uma iniciativa da nova gest\u00e3o do Conselho para se aproximar dos farmac\u00eauticos nas diversas localidades do Estado para que, juntos, possam construir melhorias para a profiss\u00e3o. O encontro ser\u00e1 no dia 10\/5\/2022, \u00e0s 19h, [&hellip;]<\/p>\n","protected":false},"author":1,"featured_media":63130,"comment_status":"closed","ping_status":"open","sticky":false,"template":"","format":"standard","meta":{"footnotes":""},"categories":[110,122],"tags":[],"class_list":["post-63129","post","type-post","status-publish","format-standard","has-post-thumbnail","hentry","category-noticiasdestaque","category-saudeeducacaoeconcurso"],"_links":{"self":[{"href":"https:\/\/jorgezanoni.com.br\/2019\/wp-json\/wp\/v2\/posts\/63129","targetHints":{"allow":["GET"]}}],"collection":[{"href":"https:\/\/jorgezanoni.com.br\/2019\/wp-json\/wp\/v2\/posts"}],"about":[{"href":"https:\/\/jorgezanoni.com.br\/2019\/wp-json\/wp\/v2\/types\/post"}],"author":[{"embeddable":true,"href":"https:\/\/jorgezanoni.com.br\/2019\/wp-json\/wp\/v2\/users\/1"}],"replies":[{"embeddable":true,"href":"https:\/\/jorgezanoni.com.br\/2019\/wp-json\/wp\/v2\/comments?post=63129"}],"version-history":[{"count":0,"href":"https:\/\/jorgezanoni.com.br\/2019\/wp-json\/wp\/v2\/posts\/63129\/revisions"}],"wp:featuredmedia":[{"embeddable":true,"href":"https:\/\/jorgezanoni.com.br\/2019\/wp-json\/wp\/v2\/media\/63130"}],"wp:attachment":[{"href":"https:\/\/jorgezanoni.com.br\/2019\/wp-json\/wp\/v2\/media?parent=63129"}],"wp:term":[{"taxonomy":"category","embeddable":true,"href":"https:\/\/jorgezanoni.com.br\/2019\/wp-json\/wp\/v2\/categories?post=63129"},{"taxonomy":"post_tag","embeddable":true,"href":"https:\/\/jorgezanoni.com.br\/2019\/wp-json\/wp\/v2\/tags?post=63129"}],"curies":[{"name":"wp","href":"https:\/\/api.w.org\/{rel}","templated":true}]}}