{"id":63118,"date":"2022-05-03T13:34:06","date_gmt":"2022-05-03T13:34:06","guid":{"rendered":"https:\/\/jorgezanoni.com.br\/2019\/?p=63118"},"modified":"2022-05-03T13:34:06","modified_gmt":"2022-05-03T13:34:06","slug":"motorista-insiste-em-nao-respeitar-o-transito","status":"publish","type":"post","link":"https:\/\/jorgezanoni.com.br\/2019\/motorista-insiste-em-nao-respeitar-o-transito\/","title":{"rendered":"Motorista insiste em n\u00e3o respeitar o tr\u00e2nsito"},"content":{"rendered":"<p style=\"text-align: justify;\"><strong>O Flagrante foi feito na tarde de ontem por volta das 15:00 Horas, na Avenida Jos\u00e9 Bonif\u00e1cio, em frente a Prefeitura Municipal.<\/strong><\/p>\n<p style=\"text-align: justify;\">O local destinado a passagem de cadeirantes, foi desrespeitado por uma motorista que parou no local e deixou o carro por um bom tempo estacionado.<\/p>\n<p style=\"text-align: justify;\">H\u00e1 que ser feito algo para melhorar nosso tr\u00e2nsito, pois locais como esse, estacionamento exclusivo para idosos e cadeirantes, praticamente n\u00e3o tem sido respeitados.<\/p>\n<p style=\"text-align: justify;\">A mulher que estacionou, deve observar a foto e ver que n\u00e3o foi nada feliz em cometer este tipo de infra\u00e7\u00e3o, pois algu\u00e9m pode estar precisando fazer uso e simplesmente n\u00e3o consegue.<\/p>\n<p style=\"text-align: justify;\">Vamos respeitar?<\/p>\n<p style=\"text-align: justify;\">Jorge Zanoni<\/p>\n<p>Foto de Internauta<\/p>\n","protected":false},"excerpt":{"rendered":"<p>O Flagrante foi feito na tarde de ontem por volta das 15:00 Horas, na Avenida Jos\u00e9 Bonif\u00e1cio, em frente a Prefeitura Municipal. O local destinado a passagem de cadeirantes, foi desrespeitado por uma motorista que parou no local e deixou o carro por um bom tempo estacionado. H\u00e1 que ser feito algo para melhorar nosso [&hellip;]<\/p>\n","protected":false},"author":1,"featured_media":63119,"comment_status":"closed","ping_status":"open","sticky":false,"template":"","format":"standard","meta":{"footnotes":""},"categories":[180,110],"tags":[],"class_list":["post-63118","post","type-post","status-publish","format-standard","has-post-thumbnail","hentry","category-estradastransitoveiculos","category-noticiasdestaque"],"_links":{"self":[{"href":"https:\/\/jorgezanoni.com.br\/2019\/wp-json\/wp\/v2\/posts\/63118","targetHints":{"allow":["GET"]}}],"collection":[{"href":"https:\/\/jorgezanoni.com.br\/2019\/wp-json\/wp\/v2\/posts"}],"about":[{"href":"https:\/\/jorgezanoni.com.br\/2019\/wp-json\/wp\/v2\/types\/post"}],"author":[{"embeddable":true,"href":"https:\/\/jorgezanoni.com.br\/2019\/wp-json\/wp\/v2\/users\/1"}],"replies":[{"embeddable":true,"href":"https:\/\/jorgezanoni.com.br\/2019\/wp-json\/wp\/v2\/comments?post=63118"}],"version-history":[{"count":0,"href":"https:\/\/jorgezanoni.com.br\/2019\/wp-json\/wp\/v2\/posts\/63118\/revisions"}],"wp:featuredmedia":[{"embeddable":true,"href":"https:\/\/jorgezanoni.com.br\/2019\/wp-json\/wp\/v2\/media\/63119"}],"wp:attachment":[{"href":"https:\/\/jorgezanoni.com.br\/2019\/wp-json\/wp\/v2\/media?parent=63118"}],"wp:term":[{"taxonomy":"category","embeddable":true,"href":"https:\/\/jorgezanoni.com.br\/2019\/wp-json\/wp\/v2\/categories?post=63118"},{"taxonomy":"post_tag","embeddable":true,"href":"https:\/\/jorgezanoni.com.br\/2019\/wp-json\/wp\/v2\/tags?post=63118"}],"curies":[{"name":"wp","href":"https:\/\/api.w.org\/{rel}","templated":true}]}}