{"id":63078,"date":"2022-05-03T01:51:40","date_gmt":"2022-05-03T01:51:40","guid":{"rendered":"https:\/\/jorgezanoni.com.br\/2019\/?p=63078"},"modified":"2022-05-03T13:14:24","modified_gmt":"2022-05-03T13:14:24","slug":"lojas-lacos-de-familia-reinaugura-em-novo-endereco-em-dracena","status":"publish","type":"post","link":"https:\/\/jorgezanoni.com.br\/2019\/lojas-lacos-de-familia-reinaugura-em-novo-endereco-em-dracena\/","title":{"rendered":"Loja La\u00e7os de Familia reinaugura em novo endere\u00e7o em Dracena"},"content":{"rendered":"<p style=\"text-align: justify;\"><strong>No s\u00e1bado (30), a Loja La\u00e7os de Fam\u00edlia reinaugurou em amplas e modernas instala\u00e7\u00f5es.\u00a0<\/strong><\/p>\n<p style=\"text-align: justify;\">A \u00fanica loja de Dracena e regi\u00e3o especializada em roupas coordenadas Tal M\u00e3e Tal Filha , Tal Pai Tal Filho .<\/p>\n<p style=\"text-align: justify;\">A empres\u00e1ria J\u00e9ssica Dantas, sempre inovando e apostando na \u201cModa Coordenada\u201d. Na loja voc\u00ea encontra roupas, tem\u00e1ticas, personalizadas para toda a fam\u00edlia.<\/p>\n<p style=\"text-align: justify;\">Conhe\u00e7a as m\u00eddias e fa\u00e7a tamb\u00e9m compras on-line.<\/p>\n<p>Instagram:@loja_lacosdefamilia<\/p>\n<p>WhatsApp (18)99800-7515<\/p>\n<p><img loading=\"lazy\" decoding=\"async\" class=\"alignnone size-full wp-image-63083\" src=\"https:\/\/jorgezanoni.com.br\/2019\/wp-content\/uploads\/2022\/05\/Lacos2.jpg\" alt=\"\" width=\"526\" height=\"526\" srcset=\"https:\/\/jorgezanoni.com.br\/2019\/wp-content\/uploads\/2022\/05\/Lacos2.jpg 526w, https:\/\/jorgezanoni.com.br\/2019\/wp-content\/uploads\/2022\/05\/Lacos2-300x300.jpg 300w, https:\/\/jorgezanoni.com.br\/2019\/wp-content\/uploads\/2022\/05\/Lacos2-150x150.jpg 150w, https:\/\/jorgezanoni.com.br\/2019\/wp-content\/uploads\/2022\/05\/Lacos2-420x420.jpg 420w\" sizes=\"auto, (max-width: 526px) 100vw, 526px\" \/><img loading=\"lazy\" decoding=\"async\" class=\"alignnone size-full wp-image-63085\" src=\"https:\/\/jorgezanoni.com.br\/2019\/wp-content\/uploads\/2022\/05\/Lacos.jpg\" alt=\"\" width=\"1200\" height=\"1600\" srcset=\"https:\/\/jorgezanoni.com.br\/2019\/wp-content\/uploads\/2022\/05\/Lacos.jpg 1200w, https:\/\/jorgezanoni.com.br\/2019\/wp-content\/uploads\/2022\/05\/Lacos-225x300.jpg 225w, https:\/\/jorgezanoni.com.br\/2019\/wp-content\/uploads\/2022\/05\/Lacos-768x1024.jpg 768w, https:\/\/jorgezanoni.com.br\/2019\/wp-content\/uploads\/2022\/05\/Lacos-1152x1536.jpg 1152w, https:\/\/jorgezanoni.com.br\/2019\/wp-content\/uploads\/2022\/05\/Lacos-696x928.jpg 696w, https:\/\/jorgezanoni.com.br\/2019\/wp-content\/uploads\/2022\/05\/Lacos-1068x1424.jpg 1068w, https:\/\/jorgezanoni.com.br\/2019\/wp-content\/uploads\/2022\/05\/Lacos-315x420.jpg 315w\" sizes=\"auto, (max-width: 1200px) 100vw, 1200px\" \/>SERVI\u00c7O: A La\u00e7os de Fam\u00edlia est\u00e1 localizada na Avenida Presidente Roosevelt, 949 em frente a Casa Americana em Dracena.<\/p>\n<p>&nbsp;<\/p>\n<p>&nbsp;<\/p>\n","protected":false},"excerpt":{"rendered":"<p>No s\u00e1bado (30), a Loja La\u00e7os de Fam\u00edlia reinaugurou em amplas e modernas instala\u00e7\u00f5es.\u00a0 A \u00fanica loja de Dracena e regi\u00e3o especializada em roupas coordenadas Tal M\u00e3e Tal Filha , Tal Pai Tal Filho . A empres\u00e1ria J\u00e9ssica Dantas, sempre inovando e apostando na \u201cModa Coordenada\u201d. Na loja voc\u00ea encontra roupas, tem\u00e1ticas, personalizadas para toda [&hellip;]<\/p>\n","protected":false},"author":1,"featured_media":63117,"comment_status":"closed","ping_status":"open","sticky":false,"template":"","format":"standard","meta":{"footnotes":""},"categories":[114,110],"tags":[],"class_list":["post-63078","post","type-post","status-publish","format-standard","has-post-thumbnail","hentry","category-geralecomercio","category-noticiasdestaque"],"_links":{"self":[{"href":"https:\/\/jorgezanoni.com.br\/2019\/wp-json\/wp\/v2\/posts\/63078","targetHints":{"allow":["GET"]}}],"collection":[{"href":"https:\/\/jorgezanoni.com.br\/2019\/wp-json\/wp\/v2\/posts"}],"about":[{"href":"https:\/\/jorgezanoni.com.br\/2019\/wp-json\/wp\/v2\/types\/post"}],"author":[{"embeddable":true,"href":"https:\/\/jorgezanoni.com.br\/2019\/wp-json\/wp\/v2\/users\/1"}],"replies":[{"embeddable":true,"href":"https:\/\/jorgezanoni.com.br\/2019\/wp-json\/wp\/v2\/comments?post=63078"}],"version-history":[{"count":0,"href":"https:\/\/jorgezanoni.com.br\/2019\/wp-json\/wp\/v2\/posts\/63078\/revisions"}],"wp:featuredmedia":[{"embeddable":true,"href":"https:\/\/jorgezanoni.com.br\/2019\/wp-json\/wp\/v2\/media\/63117"}],"wp:attachment":[{"href":"https:\/\/jorgezanoni.com.br\/2019\/wp-json\/wp\/v2\/media?parent=63078"}],"wp:term":[{"taxonomy":"category","embeddable":true,"href":"https:\/\/jorgezanoni.com.br\/2019\/wp-json\/wp\/v2\/categories?post=63078"},{"taxonomy":"post_tag","embeddable":true,"href":"https:\/\/jorgezanoni.com.br\/2019\/wp-json\/wp\/v2\/tags?post=63078"}],"curies":[{"name":"wp","href":"https:\/\/api.w.org\/{rel}","templated":true}]}}