{"id":63061,"date":"2022-05-02T21:52:42","date_gmt":"2022-05-02T21:52:42","guid":{"rendered":"https:\/\/jorgezanoni.com.br\/2019\/?p=63061"},"modified":"2022-05-02T21:52:42","modified_gmt":"2022-05-02T21:52:42","slug":"policia-civil-deflagra-operacao-hominis-excidium-e-prende-tres-suspeitos-de-participacao-de-homicidio-ocorrido-na-vicinal-ouro-verde-panorama","status":"publish","type":"post","link":"https:\/\/jorgezanoni.com.br\/2019\/policia-civil-deflagra-operacao-hominis-excidium-e-prende-tres-suspeitos-de-participacao-de-homicidio-ocorrido-na-vicinal-ouro-verde-panorama\/","title":{"rendered":"Pol\u00edcia Civil deflagra &#8220;Opera\u00e7\u00e3o Hominis Excidium&#8221; e prende tr\u00eas suspeitos de participa\u00e7\u00e3o de Homic\u00eddio ocorrido na Vicinal Ouro Verde-Panorama"},"content":{"rendered":"<p style=\"text-align: justify;\">A Pol\u00edcia Civil, por interm\u00e9dio da Delegacia de Pol\u00edcia de Panorama, com apoio das Unidades Especializadas &#8211; DIG\/DISE, Delegacia de Pol\u00edcia de Ouro Verde e da Delegacia de Pol\u00edcia de Paulic\u00e9ia, prendeu nesta segunda-feira (2), tr\u00eas homens com idade de 36, 40 e 41 anos, no munic\u00edpio de Ouro Verde. Eles s\u00e3o suspeitos de estarem envolvidos na morte da v\u00edtima Andr\u00e9 Luis Figueira, cujo corpo foi encontrado apresentando m\u00faltiplos ferimentos, no dia 1\u00ba de abril, \u00e0s margens da Estrada Vicinal Ouro Verde &#8211; Panorama.<br \/>\nA\u00e7\u00e3o denominada \u201cOpera\u00e7\u00e3o Hominis Excidium\u201d foi destinada para dar cumprimento \u00e0 3 mandados de pris\u00e3o tempor\u00e1ria e 3 mandados de busca domiciliares cumpridos em desfavor dos acusados e em suas resid\u00eancias.<br \/>\nDurante a realiza\u00e7\u00e3o dos trabalhos apurat\u00f3rios executados pela Delegacia de Pol\u00edcia de Panorama, que consistiram em investiga\u00e7\u00e3o de campos, oitivas de familiares da v\u00edtima e outras testemunhas, que evidenciaram ind\u00edcios da participa\u00e7\u00e3o dos tr\u00eas homens suspeitos. Diante desse contexto e dos elementos informativos colhidos, a Pol\u00edcia Civil, representou pela decreta\u00e7\u00e3o dos respectivos mandados de pris\u00e3o tempor\u00e1ria e pela expedi\u00e7\u00e3o dos mandados de apreens\u00e3o domiciliar, que foram deferidos pelo ju\u00edzo da 1\u00aa Vara Criminal da Comarca de Panorama.<br \/>\nAp\u00f3s os procedimentos de pol\u00edcia judici\u00e1ria, os presos foram encaminhados para cadeia de Presidente Venceslau, onde permanecer\u00e3o \u00e0 disposi\u00e7\u00e3o da Justi\u00e7a. A pris\u00e3o tempor\u00e1ria no caso de homic\u00eddio doloso tem prazo de 30 dias, podendo ser prorrog\u00e1vel por igual per\u00edodo.<br \/>\nO acusado, de 40 anos, possui antecedentes criminais por crime viol\u00eancia dom\u00e9stica, j\u00e1 o indiv\u00edduo, de 41 anos, tem anota\u00e7\u00f5es pelos crimes de furto, recepta\u00e7\u00e3o e porte de arma branca. O terceiro envolvido, de 36 anos, n\u00e3o possu\u00eda assentamentos criminais, por\u00e9m \u00e9 conhecido nos meios policiais pelo suposto envolvimento nos crimes de posse e tr\u00e1fico de drogas.<br \/>\nA a\u00e7\u00e3o policial contou com a participa\u00e7\u00e3o de 15 policiais civis operacionais, e a utiliza\u00e7\u00e3o de 5 viaturas de apoio operacional. O nome da opera\u00e7\u00e3o Hominis Excidium deriva do latim, que significa \u201co ato que consiste em uma pessoa matar a outra\u201d, e termo que deu origem \u00e0 palavra Homic\u00eddio.<\/p>\n<p><img loading=\"lazy\" decoding=\"async\" class=\"alignnone size-full wp-image-63062\" src=\"https:\/\/jorgezanoni.com.br\/2019\/wp-content\/uploads\/2022\/05\/civil.jpg\" alt=\"\" width=\"700\" height=\"525\" srcset=\"https:\/\/jorgezanoni.com.br\/2019\/wp-content\/uploads\/2022\/05\/civil.jpg 700w, https:\/\/jorgezanoni.com.br\/2019\/wp-content\/uploads\/2022\/05\/civil-300x225.jpg 300w, https:\/\/jorgezanoni.com.br\/2019\/wp-content\/uploads\/2022\/05\/civil-80x60.jpg 80w, https:\/\/jorgezanoni.com.br\/2019\/wp-content\/uploads\/2022\/05\/civil-265x198.jpg 265w, https:\/\/jorgezanoni.com.br\/2019\/wp-content\/uploads\/2022\/05\/civil-696x522.jpg 696w, https:\/\/jorgezanoni.com.br\/2019\/wp-content\/uploads\/2022\/05\/civil-560x420.jpg 560w\" sizes=\"auto, (max-width: 700px) 100vw, 700px\" \/> <img loading=\"lazy\" decoding=\"async\" class=\"alignnone size-full wp-image-63063\" src=\"https:\/\/jorgezanoni.com.br\/2019\/wp-content\/uploads\/2022\/05\/civil1.jpg\" alt=\"\" width=\"700\" height=\"525\" srcset=\"https:\/\/jorgezanoni.com.br\/2019\/wp-content\/uploads\/2022\/05\/civil1.jpg 700w, https:\/\/jorgezanoni.com.br\/2019\/wp-content\/uploads\/2022\/05\/civil1-300x225.jpg 300w, https:\/\/jorgezanoni.com.br\/2019\/wp-content\/uploads\/2022\/05\/civil1-80x60.jpg 80w, https:\/\/jorgezanoni.com.br\/2019\/wp-content\/uploads\/2022\/05\/civil1-265x198.jpg 265w, https:\/\/jorgezanoni.com.br\/2019\/wp-content\/uploads\/2022\/05\/civil1-696x522.jpg 696w, https:\/\/jorgezanoni.com.br\/2019\/wp-content\/uploads\/2022\/05\/civil1-560x420.jpg 560w\" sizes=\"auto, (max-width: 700px) 100vw, 700px\" \/>Fonte: Com. Social Pol\u00edcia Civil<\/p>\n","protected":false},"excerpt":{"rendered":"<p>A Pol\u00edcia Civil, por interm\u00e9dio da Delegacia de Pol\u00edcia de Panorama, com apoio das Unidades Especializadas &#8211; DIG\/DISE, Delegacia de Pol\u00edcia de Ouro Verde e da Delegacia de Pol\u00edcia de Paulic\u00e9ia, prendeu nesta segunda-feira (2), tr\u00eas homens com idade de 36, 40 e 41 anos, no munic\u00edpio de Ouro Verde. Eles s\u00e3o suspeitos de estarem [&hellip;]<\/p>\n","protected":false},"author":1,"featured_media":63064,"comment_status":"closed","ping_status":"open","sticky":false,"template":"","format":"standard","meta":{"footnotes":""},"categories":[110,2],"tags":[],"class_list":["post-63061","post","type-post","status-publish","format-standard","has-post-thumbnail","hentry","category-noticiasdestaque","category-policial"],"_links":{"self":[{"href":"https:\/\/jorgezanoni.com.br\/2019\/wp-json\/wp\/v2\/posts\/63061","targetHints":{"allow":["GET"]}}],"collection":[{"href":"https:\/\/jorgezanoni.com.br\/2019\/wp-json\/wp\/v2\/posts"}],"about":[{"href":"https:\/\/jorgezanoni.com.br\/2019\/wp-json\/wp\/v2\/types\/post"}],"author":[{"embeddable":true,"href":"https:\/\/jorgezanoni.com.br\/2019\/wp-json\/wp\/v2\/users\/1"}],"replies":[{"embeddable":true,"href":"https:\/\/jorgezanoni.com.br\/2019\/wp-json\/wp\/v2\/comments?post=63061"}],"version-history":[{"count":0,"href":"https:\/\/jorgezanoni.com.br\/2019\/wp-json\/wp\/v2\/posts\/63061\/revisions"}],"wp:featuredmedia":[{"embeddable":true,"href":"https:\/\/jorgezanoni.com.br\/2019\/wp-json\/wp\/v2\/media\/63064"}],"wp:attachment":[{"href":"https:\/\/jorgezanoni.com.br\/2019\/wp-json\/wp\/v2\/media?parent=63061"}],"wp:term":[{"taxonomy":"category","embeddable":true,"href":"https:\/\/jorgezanoni.com.br\/2019\/wp-json\/wp\/v2\/categories?post=63061"},{"taxonomy":"post_tag","embeddable":true,"href":"https:\/\/jorgezanoni.com.br\/2019\/wp-json\/wp\/v2\/tags?post=63061"}],"curies":[{"name":"wp","href":"https:\/\/api.w.org\/{rel}","templated":true}]}}