{"id":6305,"date":"2019-09-15T12:30:12","date_gmt":"2019-09-15T12:30:12","guid":{"rendered":"https:\/\/jorgezanoni.com.br\/2019\/?p=6305"},"modified":"2019-09-15T12:30:12","modified_gmt":"2019-09-15T12:30:12","slug":"gratao-morador-de-pacaembu-morre-em-acidente-proximo-a-mina-dagua","status":"publish","type":"post","link":"https:\/\/jorgezanoni.com.br\/2019\/gratao-morador-de-pacaembu-morre-em-acidente-proximo-a-mina-dagua\/","title":{"rendered":"\u201cGrat\u00e3o\u201d, morador de Pacaembu morre em acidente pr\u00f3ximo \u00e0 Mina D\u2019\u00c1gua"},"content":{"rendered":"<p style=\"text-align: justify;\">O pacaembuense Jos\u00e9 Ant\u00f4nio Grat\u00e3o, 64 anos, morreu em decorr\u00eancia de um acidente automobil\u00edstico ocorrido na Vicinal Kouitiro Sato \u2013 (PBU-010) por volta das 21h40 deste s\u00e1bado (14).<\/p>\n<p><img loading=\"lazy\" decoding=\"async\" class=\"alignnone size-full wp-image-6307\" src=\"https:\/\/jorgezanoni.com.br\/2019\/wp-content\/uploads\/2019\/09\/grat\u00e3o1.jpg\" alt=\"\" width=\"720\" height=\"1280\" srcset=\"https:\/\/jorgezanoni.com.br\/2019\/wp-content\/uploads\/2019\/09\/grat\u00e3o1.jpg 720w, https:\/\/jorgezanoni.com.br\/2019\/wp-content\/uploads\/2019\/09\/grat\u00e3o1-169x300.jpg 169w, https:\/\/jorgezanoni.com.br\/2019\/wp-content\/uploads\/2019\/09\/grat\u00e3o1-576x1024.jpg 576w, https:\/\/jorgezanoni.com.br\/2019\/wp-content\/uploads\/2019\/09\/grat\u00e3o1-696x1237.jpg 696w, https:\/\/jorgezanoni.com.br\/2019\/wp-content\/uploads\/2019\/09\/grat\u00e3o1-236x420.jpg 236w\" sizes=\"auto, (max-width: 720px) 100vw, 720px\" \/><\/p>\n<p style=\"text-align: justify;\">A reportagem do Jornal Folha Regional Pacaembu e Portal folharegionalpacaembu.com.br esteve no local e acompanhou a ocorr\u00eancia.<\/p>\n<p style=\"text-align: justify;\">De acordo com informa\u00e7\u00f5es colhidas no local, Grat\u00e3o, como era conhecido na Cidade Para\u00edso, seguia nos sentido Pacaembu\/Mirand\u00f3polis, quando nas proximidades da Mina D\u2019Agua acabou perdendo o controle do ve\u00edculo Fiat\/Strada cor branca, placas de Pacaembu, colidiu em uma placa, atingiu a cerca e porteira de uma propriedade rural e acabou indo parar em um barranco com cerca de dois metros de altura em rela\u00e7\u00e3o ao n\u00edvel do pavimento da estrada vicinal.<\/p>\n<p style=\"text-align: justify;\">A Pol\u00edcia Militar foi acionada, o Corpo de Bombeiros de Adamantina compareceu ao local e prestou os primeiros socorros \u00e0 v\u00edtima conduzindo-o para a Santa Casa de Pacaembu.<\/p>\n<p style=\"text-align: justify;\">Nossa reportagem se dirigiu at\u00e9 a Santa Casa onde obteve a confirma\u00e7\u00e3o do \u00f3bito da v\u00edtima.<\/p>\n<p style=\"text-align: justify;\">No momento da postagem desta not\u00edcia, a Pol\u00edcia Militar preservava o local aguardando a chegada da Per\u00edcia Cient\u00edfica que coletaria dados que ser\u00e3o emitidos em um laudo que ser\u00e1 junto ao inqu\u00e9rito\u00a0 policial revelando as causas do acidente.<\/p>\n<p style=\"text-align: justify;\">Grat\u00e3o era rotariano atuante participando h\u00e1 mais de 25 anos do Rotary Club de Pacaembu.<\/p>\n<p style=\"text-align: justify;\">FOTOS: Diego Fernandes Silva \/ Folha Regional (folharegionalpacaembu.com.br)<\/p>\n","protected":false},"excerpt":{"rendered":"<p>O pacaembuense Jos\u00e9 Ant\u00f4nio Grat\u00e3o, 64 anos, morreu em decorr\u00eancia de um acidente automobil\u00edstico ocorrido na Vicinal Kouitiro Sato \u2013 (PBU-010) por volta das 21h40 deste s\u00e1bado (14). A reportagem do Jornal Folha Regional Pacaembu e Portal folharegionalpacaembu.com.br esteve no local e acompanhou a ocorr\u00eancia. De acordo com informa\u00e7\u00f5es colhidas no local, Grat\u00e3o, como era [&hellip;]<\/p>\n","protected":false},"author":1,"featured_media":6306,"comment_status":"closed","ping_status":"open","sticky":false,"template":"","format":"standard","meta":{"footnotes":""},"categories":[170,110],"tags":[],"class_list":["post-6305","post","type-post","status-publish","format-standard","has-post-thumbnail","hentry","category-acidentes","category-noticiasdestaque"],"_links":{"self":[{"href":"https:\/\/jorgezanoni.com.br\/2019\/wp-json\/wp\/v2\/posts\/6305","targetHints":{"allow":["GET"]}}],"collection":[{"href":"https:\/\/jorgezanoni.com.br\/2019\/wp-json\/wp\/v2\/posts"}],"about":[{"href":"https:\/\/jorgezanoni.com.br\/2019\/wp-json\/wp\/v2\/types\/post"}],"author":[{"embeddable":true,"href":"https:\/\/jorgezanoni.com.br\/2019\/wp-json\/wp\/v2\/users\/1"}],"replies":[{"embeddable":true,"href":"https:\/\/jorgezanoni.com.br\/2019\/wp-json\/wp\/v2\/comments?post=6305"}],"version-history":[{"count":0,"href":"https:\/\/jorgezanoni.com.br\/2019\/wp-json\/wp\/v2\/posts\/6305\/revisions"}],"wp:featuredmedia":[{"embeddable":true,"href":"https:\/\/jorgezanoni.com.br\/2019\/wp-json\/wp\/v2\/media\/6306"}],"wp:attachment":[{"href":"https:\/\/jorgezanoni.com.br\/2019\/wp-json\/wp\/v2\/media?parent=6305"}],"wp:term":[{"taxonomy":"category","embeddable":true,"href":"https:\/\/jorgezanoni.com.br\/2019\/wp-json\/wp\/v2\/categories?post=6305"},{"taxonomy":"post_tag","embeddable":true,"href":"https:\/\/jorgezanoni.com.br\/2019\/wp-json\/wp\/v2\/tags?post=6305"}],"curies":[{"name":"wp","href":"https:\/\/api.w.org\/{rel}","templated":true}]}}