{"id":62937,"date":"2022-05-01T20:20:22","date_gmt":"2022-05-01T20:20:22","guid":{"rendered":"https:\/\/jorgezanoni.com.br\/2019\/?p=62937"},"modified":"2022-05-01T20:20:22","modified_gmt":"2022-05-01T20:20:22","slug":"hoje-e-o-dia-do-trabalho-ou-dia-do-trabalhador","status":"publish","type":"post","link":"https:\/\/jorgezanoni.com.br\/2019\/hoje-e-o-dia-do-trabalho-ou-dia-do-trabalhador\/","title":{"rendered":"Hoje \u00e9 o Dia do Trabalho ou Dia do Trabalhador"},"content":{"rendered":"<p style=\"text-align: justify;\">O\u00a0<b>Dia do Trabalhador<\/b>,<sup id=\"cite_ref-1\" class=\"reference\"><a href=\"https:\/\/pt.wikipedia.org\/wiki\/Dia_do_Trabalhador#cite_note-1\">[1]<\/a><\/sup>\u00a0<b>Dia do Trabalho<\/b>,<sup id=\"cite_ref-2\" class=\"reference\"><a href=\"https:\/\/pt.wikipedia.org\/wiki\/Dia_do_Trabalhador#cite_note-2\">[2]<\/a><\/sup>\u00a0<b>Dia Internacional dos Trabalhadores<\/b>\u00a0ou\u00a0<b>Festa do Trabalhador<\/b><sup id=\"cite_ref-3\" class=\"reference\"><a href=\"https:\/\/pt.wikipedia.org\/wiki\/Dia_do_Trabalhador#cite_note-3\">[3]<\/a><\/sup>\u00a0\u00e9 uma\u00a0<a title=\"Datas comemorativas\" href=\"https:\/\/pt.wikipedia.org\/wiki\/Datas_comemorativas\">data comemorativa<\/a>\u00a0internacional, dedicada aos\u00a0<a title=\"Trabalhador\" href=\"https:\/\/pt.wikipedia.org\/wiki\/Trabalhador\">trabalhadores<\/a>, celebrada anualmente no dia\u00a0<a title=\"1 de maio\" href=\"https:\/\/pt.wikipedia.org\/wiki\/1_de_maio\">1 de maio<\/a>\u00a0em quase todos os pa\u00edses do mundo, sendo\u00a0<a title=\"Feriado\" href=\"https:\/\/pt.wikipedia.org\/wiki\/Feriado\">feriado<\/a>\u00a0em muitos deles.<\/p>\n<p style=\"text-align: justify;\">A homenagem remonta ao dia 1 de maio de 1886, quando uma greve foi iniciada na cidade\u00a0<a title=\"Estados Unidos\" href=\"https:\/\/pt.wikipedia.org\/wiki\/Estados_Unidos\">norte-americana<\/a>\u00a0de\u00a0<a title=\"Chicago\" href=\"https:\/\/pt.wikipedia.org\/wiki\/Chicago\">Chicago<\/a>\u00a0com o objetivo de conquistar melhores condi\u00e7\u00f5es de trabalho, principalmente a redu\u00e7\u00e3o da\u00a0<a title=\"Jornada de trabalho\" href=\"https:\/\/pt.wikipedia.org\/wiki\/Jornada_de_trabalho\">jornada de trabalho<\/a>\u00a0di\u00e1ria, que chegava a 17 horas, para\u00a0<a title=\"Jornada de oito horas\" href=\"https:\/\/pt.wikipedia.org\/wiki\/Jornada_de_oito_horas\">oito horas<\/a>. Durante a manifesta\u00e7\u00e3o houve confrontos com a pol\u00edcia, o que resultou em pris\u00f5es e mortes de trabalhadores. Este acontecimento serviria de inspira\u00e7\u00e3o para muitas outras manifesta\u00e7\u00f5es que se seguiriam. Estas lutas oper\u00e1rias n\u00e3o foram em v\u00e3o. \u201cOs trabalhadores de todo o mundo conquistaram uma s\u00e9rie de direitos e, em alguns pa\u00edses, tais direitos ganharam c\u00f3digos de trabalho e tamb\u00e9m est\u00e3o sancionados por Constitui\u00e7\u00f5es&#8221;.<\/p>\n<p style=\"text-align: justify;\"><sup id=\"cite_ref-4\" class=\"reference\"><\/sup>No per\u00edodo\u00a0<a class=\"mw-redirect\" title=\"Entre-guerras\" href=\"https:\/\/pt.wikipedia.org\/wiki\/Entre-guerras\">entre-guerras<\/a>, a dura\u00e7\u00e3o m\u00e1xima da jornada de trabalho foi fixada em oito horas na maior parte dos pa\u00edses industrializados.<sup id=\"cite_ref-5\" class=\"reference\"><a href=\"https:\/\/pt.wikipedia.org\/wiki\/Dia_do_Trabalhador#cite_note-5\">[5]<\/a><\/sup><\/p>\n<p style=\"text-align: justify;\">No\u00a0<a title=\"Calend\u00e1rio lit\u00fargico\" href=\"https:\/\/pt.wikipedia.org\/wiki\/Calend%C3%A1rio_lit%C3%BArgico\">calend\u00e1rio lit\u00fargico<\/a>, o dia celebra a mem\u00f3ria de\u00a0<a title=\"S\u00e3o Jos\u00e9\" href=\"https:\/\/pt.wikipedia.org\/wiki\/S%C3%A3o_Jos%C3%A9\">S\u00e3o Jos\u00e9 Oper\u00e1rio<\/a>, o santo padroeiro dos\u00a0<a class=\"mw-redirect\" title=\"Trabalhadores\" href=\"https:\/\/pt.wikipedia.org\/wiki\/Trabalhadores\">trabalhadores<\/a>.<\/p>\n<h3 style=\"text-align: justify;\"><span id=\"Origens_oper\u00e1rias_e_anarquistas\" class=\"mw-headline\">Origens oper\u00e1rias e anarquistas<\/span><\/h3>\n<div class=\"hatnote\" style=\"text-align: justify;\"><img loading=\"lazy\" decoding=\"async\" src=\"https:\/\/upload.wikimedia.org\/wikipedia\/commons\/thumb\/3\/3a\/Magnifying_glass_01.svg\/17px-Magnifying_glass_01.svg.png\" srcset=\"\/\/upload.wikimedia.org\/wikipedia\/commons\/thumb\/3\/3a\/Magnifying_glass_01.svg\/26px-Magnifying_glass_01.svg.png 1.5x, \/\/upload.wikimedia.org\/wikipedia\/commons\/thumb\/3\/3a\/Magnifying_glass_01.svg\/34px-Magnifying_glass_01.svg.png 2x\" alt=\"\" width=\"17\" height=\"17\" data-file-width=\"663\" data-file-height=\"659\" \/>Ver artigo principal:\u00a0<a title=\"Revolta de Haymarket\" href=\"https:\/\/pt.wikipedia.org\/wiki\/Revolta_de_Haymarket\">Revolta de Haymarket<\/a><\/div>\n<p style=\"text-align: justify;\">Nos\u00a0<a title=\"Estados Unidos\" href=\"https:\/\/pt.wikipedia.org\/wiki\/Estados_Unidos\">Estados Unidos<\/a>, durante o congresso de\u00a0<a title=\"1884\" href=\"https:\/\/pt.wikipedia.org\/wiki\/1884\">1884<\/a>, os\u00a0<a class=\"mw-redirect\" title=\"Sindicatos\" href=\"https:\/\/pt.wikipedia.org\/wiki\/Sindicatos\">sindicatos<\/a>\u00a0estabeleceram o prazo de dois anos para conseguir impor aos empregadores a limita\u00e7\u00e3o da jornada de trabalho para oito horas. Eles iniciaram a campanha em 1 de maio, quando muitas empresas come\u00e7avam o seu\u00a0<a class=\"mw-redirect\" title=\"Ano cont\u00e1bil\" href=\"https:\/\/pt.wikipedia.org\/wiki\/Ano_cont%C3%A1bil\">ano cont\u00e1bil<\/a>, os contratos de trabalho terminavam e os trabalhadores buscavam outros empregos. Estimulada pelos\u00a0<a class=\"mw-redirect\" title=\"Anarquistas\" href=\"https:\/\/pt.wikipedia.org\/wiki\/Anarquistas\">anarquistas<\/a>, a ades\u00e3o \u00e0 greve geral de 1 de maio de\u00a0<a title=\"1886\" href=\"https:\/\/pt.wikipedia.org\/wiki\/1886\">1886<\/a>\u00a0foi ampla,<sup id=\"cite_ref-Baillargon_6-0\" class=\"reference\"><a href=\"https:\/\/pt.wikipedia.org\/wiki\/Dia_do_Trabalhador#cite_note-Baillargon-6\">[6]<\/a><\/sup>\u00a0envolvendo cerca de 340 000 trabalhadores em todo o pa\u00eds.<\/p>\n<p style=\"text-align: justify;\">Em\u00a0<a title=\"Chicago\" href=\"https:\/\/pt.wikipedia.org\/wiki\/Chicago\">Chicago<\/a>, a greve atingiu v\u00e1rias empresas. No dia 3 de maio, durante uma manifesta\u00e7\u00e3o, grevistas da f\u00e1brica\u00a0<i>McCormick<\/i>\u00a0sairam em persegui\u00e7\u00e3o dos indiv\u00edduos contratados pela empresa para furar a greve. S\u00e3o recebidos pelos detetives da\u00a0<a class=\"mw-redirect\" title=\"Ag\u00eancia Pinkerton\" href=\"https:\/\/pt.wikipedia.org\/wiki\/Ag%C3%AAncia_Pinkerton\">ag\u00eancia Pinkerton<\/a>\u00a0e policias armados de espingardas. O confronto resultou em tr\u00eas trabalhadores mortos. No dia seguinte, realizou-se uma marcha de protesto e, \u00e0 noite, ap\u00f3s a multid\u00e3o se ter dispersado na\u00a0<i>Haymarket Square<\/i>, restaram cerca de 200 manifestantes e o mesmo n\u00famero de policias. Foi quando uma bomba explodiu perto dos policias, matando um deles. Sete outros foram mortos no confronto que se seguiu.<\/p>\n<p style=\"text-align: justify;\">Em consequ\u00eancia desses eventos, os sindicalistas\u00a0<a class=\"mw-redirect\" title=\"Anarquistas\" href=\"https:\/\/pt.wikipedia.org\/wiki\/Anarquistas\">anarquistas<\/a>\u00a0<a title=\"Albert Parsons\" href=\"https:\/\/pt.wikipedia.org\/wiki\/Albert_Parsons\">Albert Parsons<\/a>,\u00a0<a title=\"Adolph Fischer\" href=\"https:\/\/pt.wikipedia.org\/wiki\/Adolph_Fischer\">Adolph Fischer<\/a>,\u00a0<a title=\"George Engel\" href=\"https:\/\/pt.wikipedia.org\/wiki\/George_Engel\">George Engel<\/a>,\u00a0<a title=\"August Spies\" href=\"https:\/\/pt.wikipedia.org\/wiki\/August_Spies\">August Spies<\/a>\u00a0e\u00a0<a title=\"Louis Lingg\" href=\"https:\/\/pt.wikipedia.org\/wiki\/Louis_Lingg\">Louis Lingg<\/a>, foram condenados \u00e0 forca, apesar da inexist\u00eancia de provas. Louis Lingg cometeu suic\u00eddio na pris\u00e3o, ingerindo uma c\u00e1psula explosiva. Os outros quatro foram enforcados em\u00a0<a title=\"11 de novembro\" href=\"https:\/\/pt.wikipedia.org\/wiki\/11_de_novembro\">11 de novembro<\/a>\u00a0de\u00a0<a title=\"1887\" href=\"https:\/\/pt.wikipedia.org\/wiki\/1887\">1887<\/a>, dia que ficou conhecido como\u00a0<i>Black Friday<\/i>. Tr\u00eas outros foram condenados \u00e0\u00a0<a title=\"Pris\u00e3o perp\u00e9tua\" href=\"https:\/\/pt.wikipedia.org\/wiki\/Pris%C3%A3o_perp%C3%A9tua\">pris\u00e3o perp\u00e9tua<\/a>. Em\u00a0<a title=\"1893\" href=\"https:\/\/pt.wikipedia.org\/wiki\/1893\">1893<\/a>\u00a0eles foram inocentados e reabilitados pelo governador de\u00a0<a title=\"Illinois\" href=\"https:\/\/pt.wikipedia.org\/wiki\/Illinois\">Illinois<\/a>, que confirmou ter sido o chefe da pol\u00edcia quem organizara tudo, inclusive encomendando o atentado para justificar a\u00a0<a title=\"Repress\u00e3o pol\u00edtica\" href=\"https:\/\/pt.wikipedia.org\/wiki\/Repress%C3%A3o_pol%C3%ADtica\">repress\u00e3o<\/a>\u00a0que viria a seguir.<sup id=\"cite_ref-7\" class=\"reference\"><a href=\"https:\/\/pt.wikipedia.org\/wiki\/Dia_do_Trabalhador#cite_note-7\">[7]<\/a><\/sup><sup id=\"cite_ref-Brasil_escola_8-0\" class=\"reference\"><a href=\"https:\/\/pt.wikipedia.org\/wiki\/Dia_do_Trabalhador#cite_note-Brasil_escola-8\">[8]<\/a><\/sup><sup id=\"cite_ref-Sua_pesquisa_9-0\" class=\"reference\"><a href=\"https:\/\/pt.wikipedia.org\/wiki\/Dia_do_Trabalhador#cite_note-Sua_pesquisa-9\">[9]<\/a><\/sup><sup id=\"cite_ref-ebc_10-0\" class=\"reference\"><a href=\"https:\/\/pt.wikipedia.org\/wiki\/Dia_do_Trabalhador#cite_note-ebc-10\">[10]<\/a><\/sup><sup id=\"cite_ref-Brasil_escola_8-1\" class=\"reference\"><a href=\"https:\/\/pt.wikipedia.org\/wiki\/Dia_do_Trabalhador#cite_note-Brasil_escola-8\">[8]<\/a><\/sup><sup id=\"cite_ref-Brasil_gov_11-0\" class=\"reference\"><a href=\"https:\/\/pt.wikipedia.org\/wiki\/Dia_do_Trabalhador#cite_note-Brasil_gov-11\">[11]<\/a><\/sup><\/p>\n<div class=\"thumb tleft\" style=\"text-align: justify;\">\n<div class=\"thumbinner\"><a class=\"image\" href=\"https:\/\/pt.wikipedia.org\/wiki\/Ficheiro:A._Apsit._1_may_.jpg\"><img loading=\"lazy\" decoding=\"async\" class=\"thumbimage\" src=\"https:\/\/upload.wikimedia.org\/wikipedia\/commons\/thumb\/d\/de\/A._Apsit._1_may_.jpg\/200px-A._Apsit._1_may_.jpg\" srcset=\"\/\/upload.wikimedia.org\/wikipedia\/commons\/thumb\/d\/de\/A._Apsit._1_may_.jpg\/300px-A._Apsit._1_may_.jpg 1.5x, \/\/upload.wikimedia.org\/wikipedia\/commons\/thumb\/d\/de\/A._Apsit._1_may_.jpg\/400px-A._Apsit._1_may_.jpg 2x\" alt=\"\" width=\"200\" height=\"265\" data-file-width=\"1440\" data-file-height=\"1911\" \/><\/a><\/p>\n<div class=\"thumbcaption\">\n<div class=\"magnify\"><\/div>\n<p>Cartaz\u00a0<a title=\"R\u00fassia\" href=\"https:\/\/pt.wikipedia.org\/wiki\/R%C3%BAssia\">russo<\/a>, alusivo ao dia 1.\u00ba de maio:\u00a0<i>Trabalhadores n\u00e3o t\u00eam nada a perder, a n\u00e3o ser suas correntes \u2026<\/i>\u00a0(1919).<\/div>\n<\/div>\n<\/div>\n<p style=\"text-align: justify;\">No 20 de junho de 1889, a segunda\u00a0<a title=\"Internacional Socialista\" href=\"https:\/\/pt.wikipedia.org\/wiki\/Internacional_Socialista\">Internacional Socialista<\/a>, reunida em\u00a0<a title=\"Paris\" href=\"https:\/\/pt.wikipedia.org\/wiki\/Paris\">Paris<\/a>, decidiu convocar anualmente uma manifesta\u00e7\u00e3o com o objetivo de lutar pela jornada de 8 horas de trabalho. A data escolhida foi o primeiro dia de maio, como homenagem \u00e0s lutas sindicais de Chicago. Em\u00a0<a class=\"mw-redirect\" title=\"1\u00ba de maio\" href=\"https:\/\/pt.wikipedia.org\/wiki\/1%C2%BA_de_maio\">1.\u00ba de maio<\/a>\u00a0de\u00a0<a title=\"1891\" href=\"https:\/\/pt.wikipedia.org\/wiki\/1891\">1891<\/a>, uma manifesta\u00e7\u00e3o no norte de\u00a0<a title=\"Fran\u00e7a\" href=\"https:\/\/pt.wikipedia.org\/wiki\/Fran%C3%A7a\">Fran\u00e7a<\/a>\u00a0foi dispersada pela pol\u00edcia, resultando na morte de dez manifestantes. Esse novo drama serviu para refor\u00e7ar o significado da data como um dia de luta dos trabalhadores. Meses depois, a Internacional Socialista de\u00a0<a title=\"Bruxelas\" href=\"https:\/\/pt.wikipedia.org\/wiki\/Bruxelas\">Bruxelas<\/a>\u00a0proclamou a data como dia internacional de reivindica\u00e7\u00e3o de condi\u00e7\u00f5es laborais.<sup id=\"cite_ref-Brasil_escola_8-2\" class=\"reference\"><a href=\"https:\/\/pt.wikipedia.org\/wiki\/Dia_do_Trabalhador#cite_note-Brasil_escola-8\">[8]<\/a><\/sup><sup id=\"cite_ref-Sua_pesquisa_9-1\" class=\"reference\"><a href=\"https:\/\/pt.wikipedia.org\/wiki\/Dia_do_Trabalhador#cite_note-Sua_pesquisa-9\">[9]<\/a><\/sup><sup id=\"cite_ref-Brasil_gov_11-1\" class=\"reference\"><a href=\"https:\/\/pt.wikipedia.org\/wiki\/Dia_do_Trabalhador#cite_note-Brasil_gov-11\">[11]<\/a><\/sup><\/p>\n<p style=\"text-align: justify;\">Em\u00a0<a title=\"23 de abril\" href=\"https:\/\/pt.wikipedia.org\/wiki\/23_de_abril\">23 de abril<\/a>\u00a0de\u00a0<a title=\"1919\" href=\"https:\/\/pt.wikipedia.org\/wiki\/1919\">1919<\/a>, o\u00a0<a class=\"mw-redirect\" title=\"Senado franc\u00eas\" href=\"https:\/\/pt.wikipedia.org\/wiki\/Senado_franc%C3%AAs\">senado franc\u00eas<\/a>\u00a0ratificou a jornada de 8 horas e proclamou feriado o dia 1.\u00ba de maio daquele ano. Em 1920, a ent\u00e3o\u00a0<a title=\"Uni\u00e3o Sovi\u00e9tica\" href=\"https:\/\/pt.wikipedia.org\/wiki\/Uni%C3%A3o_Sovi%C3%A9tica\">Uni\u00e3o Sovi\u00e9tica<\/a>\u00a0adotou o 1.\u00ba de maio como feriado nacional, sendo seguida por alguns pa\u00edses.<sup id=\"cite_ref-Brasil_escola_8-3\" class=\"reference\"><a href=\"https:\/\/pt.wikipedia.org\/wiki\/Dia_do_Trabalhador#cite_note-Brasil_escola-8\">[8]<\/a><\/sup><\/p>\n<p style=\"text-align: justify;\">As lutas e manifesta\u00e7\u00f5es russas inspiraram artistas de todo o mundo que tinham o socialismo como ideologia. Dentre eles destaca-se o artista mexicano Diego Rivera, o qual consegui expressar sua admira\u00e7\u00e3o ao passado da luta dos trabalhadores em uma de suas obras que retrata a\u00a0<i><a class=\"external text\" href=\"https:\/\/www.wikiart.org\/en\/diego-rivera\/may-day-procession-in-moscow-1956\" rel=\"nofollow\">Manifesta\u00e7\u00e3o de Primeiro de Maio em Moscou.<\/a>,<\/i>\u00a0finalizada em 1956.<\/p>\n<p style=\"text-align: justify;\">At\u00e9 hoje, o governo dos Estados Unidos se nega a reconhecer o primeiro dia de maio como o Dia do Trabalhador. Em 1890, a luta dos trabalhadores norte-americanos fez com que o\u00a0<a title=\"Congresso dos Estados Unidos\" href=\"https:\/\/pt.wikipedia.org\/wiki\/Congresso_dos_Estados_Unidos\">Congresso<\/a>\u00a0aprovasse a redu\u00e7\u00e3o da jornada de trabalho, de 16 horas para 8 horas di\u00e1rias.<\/p>\n<h3 style=\"text-align: justify;\"><span id=\"Dia_do_Trabalhador_em_Portugal\" class=\"mw-headline\">Dia do Trabalhador em Portugal<\/span><\/h3>\n<div class=\"thumb tright\" style=\"text-align: justify;\">\n<div class=\"thumbinner\"><a class=\"image\" href=\"https:\/\/pt.wikipedia.org\/wiki\/Ficheiro:1%C2%BA_Maio_1980_Porto_by_Henrique_Matos.jpg\"><img loading=\"lazy\" decoding=\"async\" class=\"thumbimage\" src=\"https:\/\/upload.wikimedia.org\/wikipedia\/commons\/thumb\/f\/fe\/1%C2%BA_Maio_1980_Porto_by_Henrique_Matos.jpg\/221px-1%C2%BA_Maio_1980_Porto_by_Henrique_Matos.jpg\" srcset=\"\/\/upload.wikimedia.org\/wikipedia\/commons\/thumb\/f\/fe\/1%C2%BA_Maio_1980_Porto_by_Henrique_Matos.jpg\/332px-1%C2%BA_Maio_1980_Porto_by_Henrique_Matos.jpg 1.5x, \/\/upload.wikimedia.org\/wikipedia\/commons\/thumb\/f\/fe\/1%C2%BA_Maio_1980_Porto_by_Henrique_Matos.jpg\/442px-1%C2%BA_Maio_1980_Porto_by_Henrique_Matos.jpg 2x\" alt=\"\" width=\"221\" height=\"155\" data-file-width=\"2240\" data-file-height=\"1576\" \/><\/a><\/p>\n<div class=\"thumbcaption\">\n<div class=\"magnify\"><\/div>\n<p>1.\u00ba de maio na cidade do\u00a0<a title=\"Porto\" href=\"https:\/\/pt.wikipedia.org\/wiki\/Porto\">Porto<\/a><\/div>\n<\/div>\n<\/div>\n<p style=\"text-align: justify;\">Em Portugal, s\u00f3 a partir de maio de\u00a0<a title=\"1974\" href=\"https:\/\/pt.wikipedia.org\/wiki\/1974\">1974<\/a>, ap\u00f3s a\u00a0<a class=\"mw-redirect\" title=\"Revolu\u00e7\u00e3o dos Cravos\" href=\"https:\/\/pt.wikipedia.org\/wiki\/Revolu%C3%A7%C3%A3o_dos_Cravos\">Revolu\u00e7\u00e3o dos Cravos<\/a>, \u00e9 que se voltou a comemorar livremente o\u00a0<i>Primeiro de Maio<\/i>, que passou a ser feriado. Durante a ditadura do\u00a0<i><a title=\"Estado Novo (Portugal)\" href=\"https:\/\/pt.wikipedia.org\/wiki\/Estado_Novo_(Portugal)\">Estado Novo<\/a><\/i>, a comemora\u00e7\u00e3o era reprimida pela pol\u00edcia.<\/p>\n<p style=\"text-align: justify;\">O Dia Mundial dos Trabalhadores \u00e9 comemorado em todo o pa\u00eds, com manifesta\u00e7\u00f5es, com\u00edcios e festas de car\u00e1cter reivindicativo, promovidos pela central sindical\u00a0<a class=\"mw-redirect\" title=\"CGTP-IN\" href=\"https:\/\/pt.wikipedia.org\/wiki\/CGTP-IN\">CGTP-IN<\/a>\u00a0(Confedera\u00e7\u00e3o Geral dos Trabalhadores Portugueses \u2013 Intersindical) nas principais cidades de\u00a0<a title=\"Alameda Dom Afonso Henriques\" href=\"https:\/\/pt.wikipedia.org\/wiki\/Alameda_Dom_Afonso_Henriques\">Lisboa<\/a>\u00a0e\u00a0<a title=\"Porto\" href=\"https:\/\/pt.wikipedia.org\/wiki\/Porto\">Porto<\/a>, assim como pela central sindical\u00a0<a class=\"mw-redirect\" title=\"UGT\" href=\"https:\/\/pt.wikipedia.org\/wiki\/UGT\">UGT<\/a>\u00a0(Uni\u00e3o Geral dos Trabalhadores).<\/p>\n<p style=\"text-align: justify;\">No\u00a0<a title=\"Algarve\" href=\"https:\/\/pt.wikipedia.org\/wiki\/Algarve\">Algarve<\/a>, assim como na\u00a0<a title=\"Arquip\u00e9lago da Madeira\" href=\"https:\/\/pt.wikipedia.org\/wiki\/Arquip%C3%A9lago_da_Madeira\">Madeira<\/a>\u00a0e nos\u00a0<a title=\"A\u00e7ores\" href=\"https:\/\/pt.wikipedia.org\/wiki\/A%C3%A7ores\">A\u00e7ores<\/a>, \u00e9 costume a popula\u00e7\u00e3o fazer piqueniques, e s\u00e3o organizadas algumas festas alusivas \u00e0 data.<\/p>\n<h3 style=\"text-align: justify;\"><span id=\"Dia_do_Trabalhador_no_Brasil\" class=\"mw-headline\">Dia do Trabalhador no Brasil<\/span><\/h3>\n<div class=\"thumb tright\" style=\"text-align: justify;\">\n<div class=\"thumbinner\"><span class=\"mw-tmh-player audio\"><span class=\"mw-tmh-duration mw-tmh-label\" aria-label=\"8 minutes and 58 seconds\">8:58<\/span><\/span><\/p>\n<div class=\"thumbcaption\">\n<div class=\"magnify\"><\/div>\n<p>Discurso de Get\u00falio Vargas no Dia do Trabalho, em 1 de maio de 1940<\/p><\/div>\n<\/div>\n<\/div>\n<p style=\"text-align: justify;\">Com a chegada de imigrantes europeus no Brasil, as ideias de luta pelos direitos dos trabalhadores vieram junto. Em\u00a0<a title=\"1917\" href=\"https:\/\/pt.wikipedia.org\/wiki\/1917\">1917<\/a>, houve uma\u00a0<a class=\"mw-redirect\" title=\"Greve geral no Brasil em 1917\" href=\"https:\/\/pt.wikipedia.org\/wiki\/Greve_geral_no_Brasil_em_1917\">Greve geral<\/a>. Com o crescimento do\u00a0<a class=\"mw-redirect\" title=\"Classe oper\u00e1ria\" href=\"https:\/\/pt.wikipedia.org\/wiki\/Classe_oper%C3%A1ria\">operariado<\/a>, o dia 1 de maio foi declarado feriado pelo presidente\u00a0<a title=\"Artur Bernardes\" href=\"https:\/\/pt.wikipedia.org\/wiki\/Artur_Bernardes\">Artur Bernardes<\/a>, em 1925.<sup id=\"cite_ref-Brasil_escola_8-4\" class=\"reference\"><a href=\"https:\/\/pt.wikipedia.org\/wiki\/Dia_do_Trabalhador#cite_note-Brasil_escola-8\">[8]<\/a><\/sup><sup id=\"cite_ref-ebc_10-1\" class=\"reference\"><a href=\"https:\/\/pt.wikipedia.org\/wiki\/Dia_do_Trabalhador#cite_note-ebc-10\">[10]<\/a><\/sup><sup id=\"cite_ref-Brasil_gov_11-2\" class=\"reference\"><a href=\"https:\/\/pt.wikipedia.org\/wiki\/Dia_do_Trabalhador#cite_note-Brasil_gov-11\">[11]<\/a><\/sup><\/p>\n<p style=\"text-align: justify;\">At\u00e9 o in\u00edcio da\u00a0<a title=\"Era Vargas\" href=\"https:\/\/pt.wikipedia.org\/wiki\/Era_Vargas\">Era Vargas<\/a>\u00a0(1930\u20131945) certos tipos de agremia\u00e7\u00e3o dos trabalhadores fabris eram bastante comuns, embora n\u00e3o constitu\u00edsse um grupo pol\u00edtico muito forte, dada a incipiente industrializa\u00e7\u00e3o do pa\u00eds. O movimento oper\u00e1rio caracterizou-se, em um primeiro momento, teve influ\u00eancias do\u00a0<a title=\"Anarquismo\" href=\"https:\/\/pt.wikipedia.org\/wiki\/Anarquismo\">anarquismo<\/a>\u00a0e, mais tarde, do\u00a0<a title=\"Comunismo\" href=\"https:\/\/pt.wikipedia.org\/wiki\/Comunismo\">comunismo<\/a>, mas com a chegada de\u00a0<a title=\"Get\u00falio Vargas\" href=\"https:\/\/pt.wikipedia.org\/wiki\/Get%C3%BAlio_Vargas\">Get\u00falio Vargas<\/a>\u00a0ao poder, essas influ\u00eancias foram gradativamente dissolvidas pelo chamado\u00a0<a title=\"Trabalhismo\" href=\"https:\/\/pt.wikipedia.org\/wiki\/Trabalhismo\">trabalhismo<\/a>.<sup id=\"cite_ref-Brasil_gov_11-3\" class=\"reference\"><a href=\"https:\/\/pt.wikipedia.org\/wiki\/Dia_do_Trabalhador#cite_note-Brasil_gov-11\">[11]<\/a><\/sup><\/p>\n<p style=\"text-align: justify;\">At\u00e9 ent\u00e3o, o Dia do Trabalhador era considerado, no \u00e2mbito dos movimentos anarquistas e comunistas, como um momento de luta, protesto e cr\u00edtica \u00e0s estruturas socioecon\u00f4micas do pa\u00eds. A propaganda trabalhista de\u00a0<a title=\"Get\u00falio Vargas\" href=\"https:\/\/pt.wikipedia.org\/wiki\/Get%C3%BAlio_Vargas\">Vargas<\/a>, sutilmente, transformou um dia destinado a celebrar o\u00a0<i>trabalhador<\/i>\u00a0em\u00a0<b>Dia do Trabalho<\/b>. Tal mudan\u00e7a, aparentemente superficial, alterou profundamente as atividades realizadas no 1.\u00ba de maio. At\u00e9 ent\u00e3o marcado por piquetes e passeatas, o Dia do Trabalhador passou a ser comemorado com festas populares, desfiles e celebra\u00e7\u00f5es similares.<\/p>\n<p style=\"text-align: justify;\">Aponta-se que o car\u00e1ter massificador do Dia do Trabalhador, no\u00a0<a title=\"Brasil\" href=\"https:\/\/pt.wikipedia.org\/wiki\/Brasil\">Brasil<\/a>, se expressa especialmente pelo antigo costume que os governos tinham de anunciar nesse dia o aumento anual do sal\u00e1rio m\u00ednimo. Outro ponto muito importante atribu\u00eddo ao dia do trabalhador foi a cria\u00e7\u00e3o da Consolida\u00e7\u00e3o das Leis do Trabalho \u2013 CLT, em 1.\u00ba de maio de 1943.<sup id=\"cite_ref-ebc_10-2\" class=\"reference\"><a href=\"https:\/\/pt.wikipedia.org\/wiki\/Dia_do_Trabalhador#cite_note-ebc-10\">[10]<\/a><\/sup><\/p>\n<p style=\"text-align: justify;\">A defesa dos direitos dos trabalhadores sempre esteve sob a luz das organiza\u00e7\u00f5es de trabalhadores e, consequentemente requer repensar o sentido das organiza\u00e7\u00f5es sindicais e o que se pretende para o futuro da sociedade brasileira. Por\u00e9m estes direitos sofrem altera\u00e7\u00f5es com o passar do tempo, em circunst\u00e2ncias de press\u00f5es vindas de movimentos sociais organizados.<sup id=\"cite_ref-12\" class=\"reference\"><a href=\"https:\/\/pt.wikipedia.org\/wiki\/Dia_do_Trabalhador#cite_note-12\">[12]<\/a><\/sup><\/p>\n<h3 style=\"text-align: justify;\"><span id=\"Dia_do_Trabalhador_em_Mo.C3.A7ambique\"><\/span><span id=\"Dia_do_Trabalhador_em_Mo\u00e7ambique\" class=\"mw-headline\">Dia do Trabalhador em Mo\u00e7ambique<\/span><\/h3>\n<p style=\"text-align: justify;\">Durante o per\u00edodo colonial (at\u00e9 1975), os\u00a0<a title=\"Mo\u00e7ambique\" href=\"https:\/\/pt.wikipedia.org\/wiki\/Mo%C3%A7ambique\">mo\u00e7ambicanos<\/a>\u00a0estavam proibidos de celebrar o dia do trabalhador em virtude da natureza repressiva do regime colonial portugu\u00eas. No entanto, houve manifesta\u00e7\u00f5es de trabalhadores mo\u00e7ambicanos, em particular em\u00a0<a class=\"mw-redirect\" title=\"Louren\u00e7o Marques\" href=\"https:\/\/pt.wikipedia.org\/wiki\/Louren%C3%A7o_Marques\">Louren\u00e7o Marques<\/a>\u00a0(atual\u00a0<a title=\"Maputo\" href=\"https:\/\/pt.wikipedia.org\/wiki\/Maputo\">Maputo<\/a>), contra o modo de rela\u00e7\u00f5es laborais existente naquele per\u00edodo.<\/p>\n<p style=\"text-align: justify;\">Ap\u00f3s a Independ\u00eancia Nacional, o Dia do Trabalhador \u00e9 celebrado anualmente, e com o passar dos anos, com as reformas pol\u00edticas, econ\u00f4micas e sociais que o pa\u00eds sofreu a partir de finais da\u00a0<a title=\"D\u00e9cada de 1980\" href=\"https:\/\/pt.wikipedia.org\/wiki\/D%C3%A9cada_de_1980\">d\u00e9cada de 1980<\/a>, registrou-se um crescimento do movimento sindical em Mo\u00e7ambique. A primeira institui\u00e7\u00e3o sindical no pa\u00eds foi a Organiza\u00e7\u00e3o dos Trabalhadores Mo\u00e7ambicanos (<a class=\"mw-redirect\" title=\"OTM\" href=\"https:\/\/pt.wikipedia.org\/wiki\/OTM\">OTM<\/a>), que veio depois a impulsionar o surgimento de novos movimentos sindicais, cada vez mais espec\u00edficos de acordo com os setores de atividade.<\/p>\n<h3 style=\"text-align: justify;\"><span id=\"Dia_do_Trabalhador_na_Su.C3.A9cia\"><\/span><span id=\"Dia_do_Trabalhador_na_Su\u00e9cia\" class=\"mw-headline\">Dia do Trabalhador na Su\u00e9cia<\/span><\/h3>\n<div class=\"thumb tright\" style=\"text-align: justify;\">\n<div class=\"thumbinner\"><a class=\"image\" href=\"https:\/\/pt.wikipedia.org\/wiki\/Ficheiro:1maj2006soc.dem.sthlm.jpg\"><img loading=\"lazy\" decoding=\"async\" class=\"thumbimage\" src=\"https:\/\/upload.wikimedia.org\/wikipedia\/commons\/thumb\/6\/65\/1maj2006soc.dem.sthlm.jpg\/250px-1maj2006soc.dem.sthlm.jpg\" srcset=\"\/\/upload.wikimedia.org\/wikipedia\/commons\/thumb\/6\/65\/1maj2006soc.dem.sthlm.jpg\/375px-1maj2006soc.dem.sthlm.jpg 1.5x, \/\/upload.wikimedia.org\/wikipedia\/commons\/thumb\/6\/65\/1maj2006soc.dem.sthlm.jpg\/500px-1maj2006soc.dem.sthlm.jpg 2x\" alt=\"\" width=\"250\" height=\"186\" data-file-width=\"1236\" data-file-height=\"918\" \/><\/a><\/p>\n<div class=\"thumbcaption\">\n<div class=\"magnify\"><\/div>\n<p>Manifesta\u00e7\u00e3o social-democrata no 1.\u00ba de maio em 2006 em Estocolmo<\/p><\/div>\n<\/div>\n<\/div>\n<p style=\"text-align: justify;\">O dia foi comemorado na\u00a0<a title=\"Su\u00e9cia\" href=\"https:\/\/pt.wikipedia.org\/wiki\/Su%C3%A9cia\">Su\u00e9cia<\/a>\u00a0pela primeira vez em 1890, com manifesta\u00e7\u00f5es e desfiles em 21 cidades.<sup id=\"cite_ref-13\" class=\"reference\"><a href=\"https:\/\/pt.wikipedia.org\/wiki\/Dia_do_Trabalhador#cite_note-13\">[13]<\/a><\/sup><\/p>\n<p style=\"text-align: justify;\">Em\u00a0<a title=\"Estocolmo\" href=\"https:\/\/pt.wikipedia.org\/wiki\/Estocolmo\">Estocolmo<\/a>\u00a0marcharam 30 000 pessoas de Karlav\u00e4gen at\u00e9 Hakberget, onde esperavam 20 000 outras pessoas.<sup id=\"cite_ref-forstamaj_14-0\" class=\"reference\"><a href=\"https:\/\/pt.wikipedia.org\/wiki\/Dia_do_Trabalhador#cite_note-forstamaj-14\">[14]<\/a><\/sup><\/p>\n<p style=\"text-align: justify;\">Os 50 000 manifestantes escutaram ent\u00e3o os discursos de v\u00e1rios l\u00edderes social-democratas e liberais, entre os quais\u00a0<a title=\"August Palm\" href=\"https:\/\/pt.wikipedia.org\/wiki\/August_Palm\">August Palm<\/a>\u00a0e\u00a0<a title=\"Hjalmar Branting\" href=\"https:\/\/pt.wikipedia.org\/wiki\/Hjalmar_Branting\">Hjalmar Branting<\/a>.<sup id=\"cite_ref-forstamaj_14-1\" class=\"reference\"><a href=\"https:\/\/pt.wikipedia.org\/wiki\/Dia_do_Trabalhador#cite_note-forstamaj-14\">[14]<\/a><\/sup><\/p>\n<p style=\"text-align: justify;\">Foi aprovada uma resolu\u00e7\u00e3o exigindo o dia de trabalho de 8 horas.<sup id=\"cite_ref-15\" class=\"reference\"><a href=\"https:\/\/pt.wikipedia.org\/wiki\/Dia_do_Trabalhador#cite_note-15\">[15]<\/a><\/sup><\/p>\n<p style=\"text-align: justify;\">\u00c9 um dia feriado desde 1939.<\/p>\n<h2 style=\"text-align: justify;\"><span id=\"Dia_do_Trabalhador_no_mundo\" class=\"mw-headline\">Dia do Trabalhador no mundo<\/span><\/h2>\n<div class=\"thumb tright\" style=\"text-align: justify;\">\n<div class=\"thumbinner\"><a class=\"image\" href=\"https:\/\/pt.wikipedia.org\/wiki\/Ficheiro:Observance_of_International_Workers%27_Day.svg\"><img loading=\"lazy\" decoding=\"async\" class=\"thumbimage\" src=\"https:\/\/upload.wikimedia.org\/wikipedia\/commons\/thumb\/d\/d0\/Observance_of_International_Workers%27_Day.svg\/400px-Observance_of_International_Workers%27_Day.svg.png\" srcset=\"\/\/upload.wikimedia.org\/wikipedia\/commons\/thumb\/d\/d0\/Observance_of_International_Workers%27_Day.svg\/600px-Observance_of_International_Workers%27_Day.svg.png 1.5x, \/\/upload.wikimedia.org\/wikipedia\/commons\/thumb\/d\/d0\/Observance_of_International_Workers%27_Day.svg\/800px-Observance_of_International_Workers%27_Day.svg.png 2x\" alt=\"\" width=\"400\" height=\"171\" data-file-width=\"1405\" data-file-height=\"601\" \/><\/a><\/p>\n<div class=\"thumbcaption\">\n<div class=\"magnify\"><\/div>\n<div class=\"legend\"><span class=\"legend-color\">\u00a0<\/span>\u00a0Dia do Trabalhador cai ou pode cair no dia 1\u00ba de maio<\/div>\n<div class=\"legend\"><span class=\"legend-color\">\u00a0<\/span>\u00a0Outro feriado no dia 1\u00ba de maio<\/div>\n<div class=\"legend\"><span class=\"legend-color\">\u00a0<\/span>\u00a0Sem feriado no dia 1\u00ba de maio, mas Dia do Trabalhador em outra data<\/div>\n<div class=\"legend\"><span class=\"legend-color\">\u00a0<\/span>\u00a0Sem feriado no dia 1\u00ba de maio e sem Dia do Trabalhador<\/div>\n<\/div>\n<\/div>\n<\/div>\n<p style=\"text-align: justify;\">Muitos pa\u00edses em todos os continentes celebram o dia 1.\u00ba de maio como Dia do Trabalhador, Dia do Trabalho, Dia Internacional do Trabalhador ou Dia de Maio. Em pa\u00edses onde o dia 1.\u00ba de maio n\u00e3o \u00e9 feriado oficial, manifesta\u00e7\u00f5es s\u00e3o organizadas nesse dia em defesa dos trabalhadores.<\/p>\n<p style=\"text-align: justify;\">Alguns pa\u00edses celebram o Dia do Trabalhador em datas diferentes de 1.\u00ba de maio:<\/p>\n<ul style=\"text-align: justify;\">\n<li><a title=\"Nova Zel\u00e2ndia\" href=\"https:\/\/pt.wikipedia.org\/wiki\/Nova_Zel%C3%A2ndia\">Nova Zel\u00e2ndia<\/a>\u00a0celebra o Dia do Trabalho na quarta segunda-feira de outubro, em homenagem \u00e0 luta dos trabalhadores locais que levou \u00e0 ado\u00e7\u00e3o da jornada di\u00e1ria de 8 horas di\u00e1rias antes da greve geral que resultou no massacre nos Estados Unidos;<\/li>\n<li>Na\u00a0<a title=\"Austr\u00e1lia\" href=\"https:\/\/pt.wikipedia.org\/wiki\/Austr%C3%A1lia\">Austr\u00e1lia<\/a>\u00a0o Dia do Trabalho varia de acordo com a regi\u00e3o;<\/li>\n<li><a title=\"Estados Unidos\" href=\"https:\/\/pt.wikipedia.org\/wiki\/Estados_Unidos\">Estados Unidos<\/a>\u00a0e\u00a0<a title=\"Canad\u00e1\" href=\"https:\/\/pt.wikipedia.org\/wiki\/Canad%C3%A1\">Canad\u00e1<\/a>\u00a0celebram o Dia do Trabalho na primeira segunda-feira de setembro. Alega-se que esta escolha nos Estados Unidos foi feita para evitar associar a festa do trabalho com o movimento socialista, ent\u00e3o com alguma relev\u00e2ncia no pa\u00eds.<sup id=\"cite_ref-16\" class=\"reference\"><a href=\"https:\/\/pt.wikipedia.org\/wiki\/Dia_do_Trabalhador#cite_note-16\">[16]<\/a><\/sup><\/li>\n<\/ul>\n<p style=\"text-align: justify;\">Fonte: https:\/\/pt.wikipedia.org\/wiki\/Dia_do_Trabalhador<\/p>\n","protected":false},"excerpt":{"rendered":"<p>O\u00a0Dia do Trabalhador,[1]\u00a0Dia do Trabalho,[2]\u00a0Dia Internacional dos Trabalhadores\u00a0ou\u00a0Festa do Trabalhador[3]\u00a0\u00e9 uma\u00a0data comemorativa\u00a0internacional, dedicada aos\u00a0trabalhadores, celebrada anualmente no dia\u00a01 de maio\u00a0em quase todos os pa\u00edses do mundo, sendo\u00a0feriado\u00a0em muitos deles. A homenagem remonta ao dia 1 de maio de 1886, quando uma greve foi iniciada na cidade\u00a0norte-americana\u00a0de\u00a0Chicago\u00a0com o objetivo de conquistar melhores condi\u00e7\u00f5es de trabalho, principalmente [&hellip;]<\/p>\n","protected":false},"author":1,"featured_media":62938,"comment_status":"closed","ping_status":"open","sticky":false,"template":"","format":"standard","meta":{"footnotes":""},"categories":[114,110],"tags":[],"class_list":["post-62937","post","type-post","status-publish","format-standard","has-post-thumbnail","hentry","category-geralecomercio","category-noticiasdestaque"],"_links":{"self":[{"href":"https:\/\/jorgezanoni.com.br\/2019\/wp-json\/wp\/v2\/posts\/62937","targetHints":{"allow":["GET"]}}],"collection":[{"href":"https:\/\/jorgezanoni.com.br\/2019\/wp-json\/wp\/v2\/posts"}],"about":[{"href":"https:\/\/jorgezanoni.com.br\/2019\/wp-json\/wp\/v2\/types\/post"}],"author":[{"embeddable":true,"href":"https:\/\/jorgezanoni.com.br\/2019\/wp-json\/wp\/v2\/users\/1"}],"replies":[{"embeddable":true,"href":"https:\/\/jorgezanoni.com.br\/2019\/wp-json\/wp\/v2\/comments?post=62937"}],"version-history":[{"count":0,"href":"https:\/\/jorgezanoni.com.br\/2019\/wp-json\/wp\/v2\/posts\/62937\/revisions"}],"wp:featuredmedia":[{"embeddable":true,"href":"https:\/\/jorgezanoni.com.br\/2019\/wp-json\/wp\/v2\/media\/62938"}],"wp:attachment":[{"href":"https:\/\/jorgezanoni.com.br\/2019\/wp-json\/wp\/v2\/media?parent=62937"}],"wp:term":[{"taxonomy":"category","embeddable":true,"href":"https:\/\/jorgezanoni.com.br\/2019\/wp-json\/wp\/v2\/categories?post=62937"},{"taxonomy":"post_tag","embeddable":true,"href":"https:\/\/jorgezanoni.com.br\/2019\/wp-json\/wp\/v2\/tags?post=62937"}],"curies":[{"name":"wp","href":"https:\/\/api.w.org\/{rel}","templated":true}]}}