{"id":62933,"date":"2022-05-01T19:25:21","date_gmt":"2022-05-01T19:25:21","guid":{"rendered":"https:\/\/jorgezanoni.com.br\/2019\/?p=62933"},"modified":"2022-05-01T19:25:21","modified_gmt":"2022-05-01T19:25:21","slug":"motoristas-reclamam-de-sinalizacao-confusa-em-avenida-de-dracena","status":"publish","type":"post","link":"https:\/\/jorgezanoni.com.br\/2019\/motoristas-reclamam-de-sinalizacao-confusa-em-avenida-de-dracena\/","title":{"rendered":"Motoristas reclamam de sinaliza\u00e7\u00e3o confusa em Avenida de Dracena"},"content":{"rendered":"<p style=\"text-align: justify;\"><strong>A reclama\u00e7\u00e3o \u00e9 no trecho da Avenida Presidente Vargas entre a Rui Barbosa e Rua Ipiranga.<\/strong><\/p>\n<p style=\"text-align: justify;\">Motoristas est\u00e3o reclamando da sinaliza\u00e7\u00e3o confusa, pois principalmente ap\u00f3s as 16:00 Horas contra o Sol fica dif\u00edcil saber quem est\u00e1 dentro da faixa correta.<\/p>\n<p style=\"text-align: justify;\">Tudo ocorreu quando no trecho citado houve a mudan\u00e7a do estacionamento \u00e0 esquerda da Vargas de normal para 45\u00ba.<\/p>\n<p style=\"text-align: justify;\">A pintura das novas faixas foram feitas e as antigas n\u00e3o apagadas o suficiente, confundindo os usu\u00e1rios.<\/p>\n<p style=\"text-align: justify;\">J\u00e1 Motociclistas entendem que foi feito um corredor para eles, enfim, tem que passar uma nova tinta preta para ficar igual o asfalto na antiga faixa. Talvez assim resolva.<\/p>\n<p style=\"text-align: justify;\">Outra reclama\u00e7\u00e3o de tr\u00e2nsito constante, foi a mudan\u00e7a entre a Vargas e Roosevelt na Edison da Silveira Campos, para 45\u00ba, em muitos momentos durante a semana, o tr\u00e2nsito trava. Seria interessante a Secretaria respons\u00e1vel dar uma olhada no local.<\/p>\n<p><img loading=\"lazy\" decoding=\"async\" class=\"alignnone size-full wp-image-62935\" src=\"https:\/\/jorgezanoni.com.br\/2019\/wp-content\/uploads\/2022\/05\/zz-IMG_5950-3.jpg\" alt=\"\" width=\"700\" height=\"468\" srcset=\"https:\/\/jorgezanoni.com.br\/2019\/wp-content\/uploads\/2022\/05\/zz-IMG_5950-3.jpg 700w, https:\/\/jorgezanoni.com.br\/2019\/wp-content\/uploads\/2022\/05\/zz-IMG_5950-3-300x201.jpg 300w, https:\/\/jorgezanoni.com.br\/2019\/wp-content\/uploads\/2022\/05\/zz-IMG_5950-3-696x465.jpg 696w, https:\/\/jorgezanoni.com.br\/2019\/wp-content\/uploads\/2022\/05\/zz-IMG_5950-3-628x420.jpg 628w\" sizes=\"auto, (max-width: 700px) 100vw, 700px\" \/><\/p>\n<p>Jorge Zanoni<\/p>\n","protected":false},"excerpt":{"rendered":"<p>A reclama\u00e7\u00e3o \u00e9 no trecho da Avenida Presidente Vargas entre a Rui Barbosa e Rua Ipiranga. Motoristas est\u00e3o reclamando da sinaliza\u00e7\u00e3o confusa, pois principalmente ap\u00f3s as 16:00 Horas contra o Sol fica dif\u00edcil saber quem est\u00e1 dentro da faixa correta. Tudo ocorreu quando no trecho citado houve a mudan\u00e7a do estacionamento \u00e0 esquerda da Vargas [&hellip;]<\/p>\n","protected":false},"author":1,"featured_media":62934,"comment_status":"closed","ping_status":"open","sticky":false,"template":"","format":"standard","meta":{"footnotes":""},"categories":[180,110],"tags":[],"class_list":["post-62933","post","type-post","status-publish","format-standard","has-post-thumbnail","hentry","category-estradastransitoveiculos","category-noticiasdestaque"],"_links":{"self":[{"href":"https:\/\/jorgezanoni.com.br\/2019\/wp-json\/wp\/v2\/posts\/62933","targetHints":{"allow":["GET"]}}],"collection":[{"href":"https:\/\/jorgezanoni.com.br\/2019\/wp-json\/wp\/v2\/posts"}],"about":[{"href":"https:\/\/jorgezanoni.com.br\/2019\/wp-json\/wp\/v2\/types\/post"}],"author":[{"embeddable":true,"href":"https:\/\/jorgezanoni.com.br\/2019\/wp-json\/wp\/v2\/users\/1"}],"replies":[{"embeddable":true,"href":"https:\/\/jorgezanoni.com.br\/2019\/wp-json\/wp\/v2\/comments?post=62933"}],"version-history":[{"count":0,"href":"https:\/\/jorgezanoni.com.br\/2019\/wp-json\/wp\/v2\/posts\/62933\/revisions"}],"wp:featuredmedia":[{"embeddable":true,"href":"https:\/\/jorgezanoni.com.br\/2019\/wp-json\/wp\/v2\/media\/62934"}],"wp:attachment":[{"href":"https:\/\/jorgezanoni.com.br\/2019\/wp-json\/wp\/v2\/media?parent=62933"}],"wp:term":[{"taxonomy":"category","embeddable":true,"href":"https:\/\/jorgezanoni.com.br\/2019\/wp-json\/wp\/v2\/categories?post=62933"},{"taxonomy":"post_tag","embeddable":true,"href":"https:\/\/jorgezanoni.com.br\/2019\/wp-json\/wp\/v2\/tags?post=62933"}],"curies":[{"name":"wp","href":"https:\/\/api.w.org\/{rel}","templated":true}]}}