{"id":62895,"date":"2022-05-01T01:20:20","date_gmt":"2022-05-01T01:20:20","guid":{"rendered":"https:\/\/jorgezanoni.com.br\/2019\/?p=62895"},"modified":"2022-05-01T01:20:20","modified_gmt":"2022-05-01T01:20:20","slug":"policia-militar-rodoviaria-registra-acidente-com-vitima-e-detem-condutor-embriagado-veiculo-tem-placas-de-dracena","status":"publish","type":"post","link":"https:\/\/jorgezanoni.com.br\/2019\/policia-militar-rodoviaria-registra-acidente-com-vitima-e-detem-condutor-embriagado-veiculo-tem-placas-de-dracena\/","title":{"rendered":"Pol\u00edcia Militar Rodovi\u00e1ria registra acidente com v\u00edtima e det\u00e9m condutor embriagado. Ve\u00edculo tem placas de Dracena"},"content":{"rendered":"<p style=\"text-align: justify;\"><strong>Pol\u00edcia Militar Rodovi\u00e1ria registra acidente de tr\u00e2nsito com v\u00edtima e det\u00e9m condutor embriagado. Foi na Rodovia Raposo Tavares, Km 568,700 hoje (30) \u00e0s 09h15min. em Presidente Prudente.<\/strong><\/p>\n<p style=\"text-align: justify;\">A equipe da Pol\u00edcia Rodovi\u00e1ria foi acionada para atendimento de Sinistro de Tr\u00e2nsito com v\u00edtima, sendo uma colis\u00e3o traseira seguida de capotamento, onde um dos ve\u00edculos, o mais prov\u00e1vel causador, uma DODGE\/RAM 2500 de Dracena\/SP, cujo condutor se evadiu do local sem prestar os devidos cuidados e amparo \u00e0 v\u00edtima.<\/p>\n<p style=\"text-align: justify;\">O ve\u00edculo colidido na traseira trata-se de um GM\/Celta, com placas de \u00c1lvares Machado\/SP que, tendo o condutor, P.M.P.A., de 26 anos, sofrido ferimentos de natureza leve.<\/p>\n<p style=\"text-align: justify;\">Durante o atendimento e em atua\u00e7\u00e3o conjunta com o 18\u00ba BPM\/I, logrou \u00eaxito em encontrar e abordar o condutor do ve\u00edculo evadido do acidente com o respectivo veiculo, j\u00e1 estacionado, e seu condutor apresentando sinais de estar sob influ\u00eancia \u00e1lcool. Foi feito o convite para o teste do Etil\u00f4metro (baf\u00f4metro) e, ap\u00f3s recusar-se ao teste, foi apresentado na Delegacia de Pol\u00edcia Civil do munic\u00edpio juntamente com todos os dados.<\/p>\n<p style=\"text-align: justify;\">Na delegacia Participativa, depois de atestada a condi\u00e7\u00e3o de embriaguez no condutor do ve\u00edculo que se evadiu, atrav\u00e9s do M\u00e9dico Legista, foi ratificada a pris\u00e3o em flagrante, sem direito a fian\u00e7a, permanecendo o autor M.A.D.S de 40 anos preso \u00e0 disposi\u00e7\u00e3o da justi\u00e7a.<\/p>\n<p><img loading=\"lazy\" decoding=\"async\" class=\"alignnone size-full wp-image-62896\" src=\"https:\/\/jorgezanoni.com.br\/2019\/wp-content\/uploads\/2022\/05\/raposo.jpg\" alt=\"\" width=\"700\" height=\"428\" srcset=\"https:\/\/jorgezanoni.com.br\/2019\/wp-content\/uploads\/2022\/05\/raposo.jpg 700w, https:\/\/jorgezanoni.com.br\/2019\/wp-content\/uploads\/2022\/05\/raposo-300x183.jpg 300w, https:\/\/jorgezanoni.com.br\/2019\/wp-content\/uploads\/2022\/05\/raposo-696x426.jpg 696w, https:\/\/jorgezanoni.com.br\/2019\/wp-content\/uploads\/2022\/05\/raposo-687x420.jpg 687w\" sizes=\"auto, (max-width: 700px) 100vw, 700px\" \/> <img loading=\"lazy\" decoding=\"async\" class=\"alignnone size-full wp-image-62897\" src=\"https:\/\/jorgezanoni.com.br\/2019\/wp-content\/uploads\/2022\/05\/raposo1.jpg\" alt=\"\" width=\"700\" height=\"525\" srcset=\"https:\/\/jorgezanoni.com.br\/2019\/wp-content\/uploads\/2022\/05\/raposo1.jpg 700w, https:\/\/jorgezanoni.com.br\/2019\/wp-content\/uploads\/2022\/05\/raposo1-300x225.jpg 300w, https:\/\/jorgezanoni.com.br\/2019\/wp-content\/uploads\/2022\/05\/raposo1-80x60.jpg 80w, https:\/\/jorgezanoni.com.br\/2019\/wp-content\/uploads\/2022\/05\/raposo1-265x198.jpg 265w, https:\/\/jorgezanoni.com.br\/2019\/wp-content\/uploads\/2022\/05\/raposo1-696x522.jpg 696w, https:\/\/jorgezanoni.com.br\/2019\/wp-content\/uploads\/2022\/05\/raposo1-560x420.jpg 560w\" sizes=\"auto, (max-width: 700px) 100vw, 700px\" \/>\u00a0Fonte: Setor de Comunica\u00e7\u00e3o da PMR<\/p>\n","protected":false},"excerpt":{"rendered":"<p>Pol\u00edcia Militar Rodovi\u00e1ria registra acidente de tr\u00e2nsito com v\u00edtima e det\u00e9m condutor embriagado. Foi na Rodovia Raposo Tavares, Km 568,700 hoje (30) \u00e0s 09h15min. em Presidente Prudente. A equipe da Pol\u00edcia Rodovi\u00e1ria foi acionada para atendimento de Sinistro de Tr\u00e2nsito com v\u00edtima, sendo uma colis\u00e3o traseira seguida de capotamento, onde um dos ve\u00edculos, o mais [&hellip;]<\/p>\n","protected":false},"author":1,"featured_media":62898,"comment_status":"closed","ping_status":"open","sticky":false,"template":"","format":"standard","meta":{"footnotes":""},"categories":[170,110],"tags":[],"class_list":["post-62895","post","type-post","status-publish","format-standard","has-post-thumbnail","hentry","category-acidentes","category-noticiasdestaque"],"_links":{"self":[{"href":"https:\/\/jorgezanoni.com.br\/2019\/wp-json\/wp\/v2\/posts\/62895","targetHints":{"allow":["GET"]}}],"collection":[{"href":"https:\/\/jorgezanoni.com.br\/2019\/wp-json\/wp\/v2\/posts"}],"about":[{"href":"https:\/\/jorgezanoni.com.br\/2019\/wp-json\/wp\/v2\/types\/post"}],"author":[{"embeddable":true,"href":"https:\/\/jorgezanoni.com.br\/2019\/wp-json\/wp\/v2\/users\/1"}],"replies":[{"embeddable":true,"href":"https:\/\/jorgezanoni.com.br\/2019\/wp-json\/wp\/v2\/comments?post=62895"}],"version-history":[{"count":0,"href":"https:\/\/jorgezanoni.com.br\/2019\/wp-json\/wp\/v2\/posts\/62895\/revisions"}],"wp:featuredmedia":[{"embeddable":true,"href":"https:\/\/jorgezanoni.com.br\/2019\/wp-json\/wp\/v2\/media\/62898"}],"wp:attachment":[{"href":"https:\/\/jorgezanoni.com.br\/2019\/wp-json\/wp\/v2\/media?parent=62895"}],"wp:term":[{"taxonomy":"category","embeddable":true,"href":"https:\/\/jorgezanoni.com.br\/2019\/wp-json\/wp\/v2\/categories?post=62895"},{"taxonomy":"post_tag","embeddable":true,"href":"https:\/\/jorgezanoni.com.br\/2019\/wp-json\/wp\/v2\/tags?post=62895"}],"curies":[{"name":"wp","href":"https:\/\/api.w.org\/{rel}","templated":true}]}}