{"id":62866,"date":"2022-04-30T20:40:24","date_gmt":"2022-04-30T20:40:24","guid":{"rendered":"https:\/\/jorgezanoni.com.br\/2019\/?p=62866"},"modified":"2022-04-30T20:40:24","modified_gmt":"2022-04-30T20:40:24","slug":"25o-bpm-i-realiza-solenidade-de-valorizacao","status":"publish","type":"post","link":"https:\/\/jorgezanoni.com.br\/2019\/25o-bpm-i-realiza-solenidade-de-valorizacao\/","title":{"rendered":"25\u00ba BPM\/I realiza Solenidade de Valoriza\u00e7\u00e3o."},"content":{"rendered":"<p style=\"text-align: justify;\">O Vig\u00e9simo Quinto Batalh\u00e3o de Pol\u00edcia Militar do Interior realizou na tarde de ontem (28) solenidade de Valoriza\u00e7\u00e3o Policial Militar \u00e0s 16h00min, na sede do 25\u00ba BPM\/I em Dracena com a participa\u00e7\u00e3o de policiais militares e familiares, com objetivo de reconhecer a excel\u00eancia dos trabalhos prestados pelos policiais militares nas mais variadas atividades dentro da Institui\u00e7\u00e3o.<br \/>\nNa presente solenidade, foram entregues L\u00e1urea de M\u00e9rito Pessoal; aos policiais militares do servi\u00e7o Administrativo e tamb\u00e9m do servi\u00e7o Operacional do Batalh\u00e3o e tamb\u00e9m da \u00e1rea da 1\u00aa Companhia PM com abrang\u00eancia Dracena, Junqueir\u00f3polis e Ouro Verde. Essa comenda, a qual possui 5 graus, e \u00e9 concedida aos policiais que se destacaram por seus m\u00e9ritos pessoais no cumprimento do dever, objetivando, tamb\u00e9m, elevar o moral, o espirito de corpo e o fortalecimento dos valores policiais militares.<br \/>\nEm 4\u00ba grau foram agraciados o Cabo PM Sotti, o Soldado da Silva e o Sodado Bonini. J\u00e1 em 3\u00ba grau foram agraciados o 1\u00ba Sargento PM Cotarelli, a Cabo Gisele, o Cabo PM Bruno, o Cabo PM Cruz, a Cabo PM Miranda, o Cabo PM Clayton, a Soldado PM Miola.<br \/>\nEm 2\u00ba grau receberam as l\u00e1ureas o Subtenente PM Gon\u00e7alves, o 2\u00ba Sargento PM Salazar, o Cabo PM Douglas, o Soldado PM Stabelle. J\u00e1 em 1\u00ba grau; o \u00faltimo grau da honraria, foram agraciados o 1\u00ba Tenente PM Rodrigo, o Subtenente PM Peres, o 1\u00ba Sargento PM Ol\u00edvio, o 2\u00ba Sargento PM Reis, o Cabo PM Sartori, O cabo PM Correia, o Cabo PM Alves e o Cabo PM Valotta.<br \/>\nO evento contou com a presen\u00e7a de autoridades militares locais e de familiares dos homenageados. O Major PM Ivan Garcia de Oliveira, Comandante Interino do 25\u00ba BPM\/I fez o uso da palavra ao final do evento, ressaltando o excelente trabalho dos policiais do Batalh\u00e3o e a import\u00e2ncia da fam\u00edlia.<br \/>\nParab\u00e9ns a todos os homenageados e nossa gratid\u00e3o a todos que diuturnamente fazem esse Batalh\u00e3o e a regi\u00e3o mais segura do Estado.<\/p>\n<p><img loading=\"lazy\" decoding=\"async\" class=\"alignnone size-full wp-image-62868\" src=\"https:\/\/jorgezanoni.com.br\/2019\/wp-content\/uploads\/2022\/04\/pm1.jpg\" alt=\"\" width=\"1024\" height=\"768\" srcset=\"https:\/\/jorgezanoni.com.br\/2019\/wp-content\/uploads\/2022\/04\/pm1.jpg 1024w, https:\/\/jorgezanoni.com.br\/2019\/wp-content\/uploads\/2022\/04\/pm1-300x225.jpg 300w, https:\/\/jorgezanoni.com.br\/2019\/wp-content\/uploads\/2022\/04\/pm1-768x576.jpg 768w, https:\/\/jorgezanoni.com.br\/2019\/wp-content\/uploads\/2022\/04\/pm1-80x60.jpg 80w, https:\/\/jorgezanoni.com.br\/2019\/wp-content\/uploads\/2022\/04\/pm1-265x198.jpg 265w, https:\/\/jorgezanoni.com.br\/2019\/wp-content\/uploads\/2022\/04\/pm1-696x522.jpg 696w, https:\/\/jorgezanoni.com.br\/2019\/wp-content\/uploads\/2022\/04\/pm1-560x420.jpg 560w\" sizes=\"auto, (max-width: 1024px) 100vw, 1024px\" \/> <img loading=\"lazy\" decoding=\"async\" class=\"alignnone size-full wp-image-62869\" src=\"https:\/\/jorgezanoni.com.br\/2019\/wp-content\/uploads\/2022\/04\/pm2.jpg\" alt=\"\" width=\"768\" height=\"1024\" srcset=\"https:\/\/jorgezanoni.com.br\/2019\/wp-content\/uploads\/2022\/04\/pm2.jpg 768w, https:\/\/jorgezanoni.com.br\/2019\/wp-content\/uploads\/2022\/04\/pm2-225x300.jpg 225w, https:\/\/jorgezanoni.com.br\/2019\/wp-content\/uploads\/2022\/04\/pm2-696x928.jpg 696w, https:\/\/jorgezanoni.com.br\/2019\/wp-content\/uploads\/2022\/04\/pm2-315x420.jpg 315w\" sizes=\"auto, (max-width: 768px) 100vw, 768px\" \/> <img loading=\"lazy\" decoding=\"async\" class=\"alignnone size-full wp-image-62873\" src=\"https:\/\/jorgezanoni.com.br\/2019\/wp-content\/uploads\/2022\/04\/pm6.jpg\" alt=\"\" width=\"665\" height=\"1024\" srcset=\"https:\/\/jorgezanoni.com.br\/2019\/wp-content\/uploads\/2022\/04\/pm6.jpg 665w, https:\/\/jorgezanoni.com.br\/2019\/wp-content\/uploads\/2022\/04\/pm6-195x300.jpg 195w, https:\/\/jorgezanoni.com.br\/2019\/wp-content\/uploads\/2022\/04\/pm6-273x420.jpg 273w\" sizes=\"auto, (max-width: 665px) 100vw, 665px\" \/> <img loading=\"lazy\" decoding=\"async\" class=\"alignnone size-full wp-image-62874\" src=\"https:\/\/jorgezanoni.com.br\/2019\/wp-content\/uploads\/2022\/04\/pm7.jpg\" alt=\"\" width=\"535\" height=\"1024\" srcset=\"https:\/\/jorgezanoni.com.br\/2019\/wp-content\/uploads\/2022\/04\/pm7.jpg 535w, https:\/\/jorgezanoni.com.br\/2019\/wp-content\/uploads\/2022\/04\/pm7-157x300.jpg 157w, https:\/\/jorgezanoni.com.br\/2019\/wp-content\/uploads\/2022\/04\/pm7-219x420.jpg 219w\" sizes=\"auto, (max-width: 535px) 100vw, 535px\" \/> <img loading=\"lazy\" decoding=\"async\" class=\"alignnone size-full wp-image-62875\" src=\"https:\/\/jorgezanoni.com.br\/2019\/wp-content\/uploads\/2022\/04\/pm8.jpg\" alt=\"\" width=\"712\" height=\"768\" srcset=\"https:\/\/jorgezanoni.com.br\/2019\/wp-content\/uploads\/2022\/04\/pm8.jpg 712w, https:\/\/jorgezanoni.com.br\/2019\/wp-content\/uploads\/2022\/04\/pm8-278x300.jpg 278w, https:\/\/jorgezanoni.com.br\/2019\/wp-content\/uploads\/2022\/04\/pm8-696x751.jpg 696w, https:\/\/jorgezanoni.com.br\/2019\/wp-content\/uploads\/2022\/04\/pm8-389x420.jpg 389w\" sizes=\"auto, (max-width: 712px) 100vw, 712px\" \/><\/p>\n<p style=\"text-align: justify;\">#CPI8<br \/>\n#25BPMI<br \/>\n#POLICIAMILITARSP<br \/>\n#AFOR\u00c7AP\u00daBLICADES\u00c3OPAULO<\/p>\n","protected":false},"excerpt":{"rendered":"<p>O Vig\u00e9simo Quinto Batalh\u00e3o de Pol\u00edcia Militar do Interior realizou na tarde de ontem (28) solenidade de Valoriza\u00e7\u00e3o Policial Militar \u00e0s 16h00min, na sede do 25\u00ba BPM\/I em Dracena com a participa\u00e7\u00e3o de policiais militares e familiares, com objetivo de reconhecer a excel\u00eancia dos trabalhos prestados pelos policiais militares nas mais variadas atividades dentro da [&hellip;]<\/p>\n","protected":false},"author":1,"featured_media":62867,"comment_status":"closed","ping_status":"open","sticky":false,"template":"","format":"standard","meta":{"footnotes":""},"categories":[110,2],"tags":[],"class_list":["post-62866","post","type-post","status-publish","format-standard","has-post-thumbnail","hentry","category-noticiasdestaque","category-policial"],"_links":{"self":[{"href":"https:\/\/jorgezanoni.com.br\/2019\/wp-json\/wp\/v2\/posts\/62866","targetHints":{"allow":["GET"]}}],"collection":[{"href":"https:\/\/jorgezanoni.com.br\/2019\/wp-json\/wp\/v2\/posts"}],"about":[{"href":"https:\/\/jorgezanoni.com.br\/2019\/wp-json\/wp\/v2\/types\/post"}],"author":[{"embeddable":true,"href":"https:\/\/jorgezanoni.com.br\/2019\/wp-json\/wp\/v2\/users\/1"}],"replies":[{"embeddable":true,"href":"https:\/\/jorgezanoni.com.br\/2019\/wp-json\/wp\/v2\/comments?post=62866"}],"version-history":[{"count":0,"href":"https:\/\/jorgezanoni.com.br\/2019\/wp-json\/wp\/v2\/posts\/62866\/revisions"}],"wp:featuredmedia":[{"embeddable":true,"href":"https:\/\/jorgezanoni.com.br\/2019\/wp-json\/wp\/v2\/media\/62867"}],"wp:attachment":[{"href":"https:\/\/jorgezanoni.com.br\/2019\/wp-json\/wp\/v2\/media?parent=62866"}],"wp:term":[{"taxonomy":"category","embeddable":true,"href":"https:\/\/jorgezanoni.com.br\/2019\/wp-json\/wp\/v2\/categories?post=62866"},{"taxonomy":"post_tag","embeddable":true,"href":"https:\/\/jorgezanoni.com.br\/2019\/wp-json\/wp\/v2\/tags?post=62866"}],"curies":[{"name":"wp","href":"https:\/\/api.w.org\/{rel}","templated":true}]}}