{"id":62844,"date":"2022-04-29T21:04:16","date_gmt":"2022-04-29T21:04:16","guid":{"rendered":"https:\/\/jorgezanoni.com.br\/2019\/?p=62844"},"modified":"2022-04-29T21:04:16","modified_gmt":"2022-04-29T21:04:16","slug":"oeste-saude-encerra-o-mes-abril-verde-com-acoes-em-prol-da-saude-ocupacional","status":"publish","type":"post","link":"https:\/\/jorgezanoni.com.br\/2019\/oeste-saude-encerra-o-mes-abril-verde-com-acoes-em-prol-da-saude-ocupacional\/","title":{"rendered":"Oeste Sa\u00fade encerra o m\u00eas Abril Verde com a\u00e7\u00f5es em prol da sa\u00fade ocupacional"},"content":{"rendered":"<p style=\"text-align: justify;\">Abril \u00e9 o m\u00eas da conscientiza\u00e7\u00e3o sobre os riscos e formas de preven\u00e7\u00e3o dos acidentes de trabalho e das doen\u00e7as ocupacionais.<\/p>\n<p style=\"text-align: justify;\">A campanha Abril Verde busca reduzir os acidentes e os agravos \u00e0 sa\u00fade. Reconhecendo a import\u00e2ncia deste movimento, al\u00e9m de iluminar a fachada de verde, ao longo do m\u00eas de abril a Oeste Sa\u00fade promoveu uma s\u00e9rie de a\u00e7\u00f5es em prol da sa\u00fade dos colaboradores da operadora e de empresas parceiras.<\/p>\n<p style=\"text-align: justify;\">Palestras e triagem para promover sa\u00fade ocupacional:<\/p>\n<p style=\"text-align: justify;\">No dia 13\/04 aconteceu a 10\u00aa Semana Interna de Preven\u00e7\u00e3o de Acidentes de Trabalho (Sipat) na usina Caet\u00e9 (Paulic\u00e9ia\/SP). O time Oeste Sa\u00fade marcou presen\u00e7a no evento levando aos colaboradores informa\u00e7\u00f5es essenciais para a manuten\u00e7\u00e3o da sa\u00fade no trabalho. Mariana de Oliveira, fonoaudi\u00f3loga, ministrou uma palestra sobre \u201cCuidados e Preven\u00e7\u00e3o com a Audi\u00e7\u00e3o no Trabalho\u201d. A equipe da Preventiva tamb\u00e9m estava presente aferindo a press\u00e3o arterial e glicemia dos colaboradores.<\/p>\n<p style=\"text-align: justify;\">No dia 14\/04, o time Oeste Sa\u00fade recebeu gratuitamente a vacina tetravalente contra Influenza, que imuniza contra quatro tipos de v\u00edrus, sendo duas cepas de v\u00edrus A e duas cepas de v\u00edrus B. No mesmo dia, a equipe comercial e da preventiva estiveram presentes na Sipat da Stetsom. Al\u00e9m de trazer informa\u00e7\u00f5es sobre os nossos planos de sa\u00fade, aferir a press\u00e3o arterial e glicemia dos presentes, convidamos a psic\u00f3loga Zilda Rodrigues Nogueira para palestrar sobre a import\u00e2ncia da sa\u00fade mental no trabalho.<\/p>\n<p style=\"text-align: justify;\">\u201cPrecisamos ter em mente que uma empresa precisa, al\u00e9m da produtividade, tamb\u00e9m se preocupar com o bem-estar dos profissionais que l\u00e1 trabalham. Isso envolve a\u00e7\u00f5es que promovam a sa\u00fade como um todo, n\u00e3o s\u00f3 a f\u00edsica, mas tamb\u00e9m a mental. O ambiente de trabalho deve ser agrad\u00e1vel; um lugar onde as pessoas consigam produzir, e que tamb\u00e9m seja um lugar de troca e compartilhamento\u201d, diz Zilda.<\/p>\n<p style=\"text-align: justify;\">E na \u00faltima semana do m\u00eas, a operadora promoveu entre os colaboradores uma a\u00e7\u00e3o de conscientiza\u00e7\u00e3o e combate \u00e0 hipertens\u00e3o arterial. O departamento de preven\u00e7\u00e3o elaborou uma cartilha com alguns cuidados essenciais para evitar o problema (veja aqui o e-book), e no dia 28\/04, nossas enfermeiras estiveram de prontid\u00e3o para aferir a press\u00e3o de todos o time.<\/p>\n<p style=\"text-align: justify;\">O que \u00e9 seguran\u00e7a e sa\u00fade no trabalho?<\/p>\n<p style=\"text-align: justify;\">Seguran\u00e7a e Sa\u00fade no Trabalho &#8211; SST \u00e9 um conjunto de normas e procedimentos exigidos \u00e0s empresas e funcion\u00e1rios visando prevenir doen\u00e7as ocupacionais, acidentes de trabalho e proteger a integridade f\u00edsica do trabalhador. As a\u00e7\u00f5es que promovem sa\u00fade e seguran\u00e7a no trabalho criam ambientes seguros e saud\u00e1veis oferecem condi\u00e7\u00f5es adequadas aos trabalhadores o que contribui para o aumento da produtividade.<\/p>\n<p style=\"text-align: justify;\">O que \u00e9 adoecimento ocupacional?<\/p>\n<p style=\"text-align: justify;\">\u00c9 qualquer altera\u00e7\u00e3o biol\u00f3gica ou funcional (f\u00edsica ou mental) que ocorre no organismo em decorr\u00eancia do exerc\u00edcio do trabalho. Pode ser consequ\u00eancia da exposi\u00e7\u00e3o a riscos ambientais, tais como:<br \/>\n&#8211; Riscos qu\u00edmicos (ex.: poeiras, fumos, n\u00e9voas, neblinas, vapores, gases e subst\u00e2ncias ou produtos qu\u00edmicos em geral);<br \/>\n&#8211; Riscos f\u00edsicos (ex.: ru\u00eddo, vibra\u00e7\u00f5es, radia\u00e7\u00f5es, frio, calor, umidade);<br \/>\n&#8211; Riscos biol\u00f3gicos (ex.: v\u00edrus, bact\u00e9rias, protozo\u00e1rios, fungos, bacilos e parasitas).<br \/>\nDecorrem, tamb\u00e9m, de problemas na organiza\u00e7\u00e3o do trabalho, ocasionando sobrecarga f\u00edsica ou mental.<\/p>\n<p style=\"text-align: justify;\">\u00c9 importante lembrar que passamos boa parte da nossa vida no trabalho. Por isso, fique de olho na sua sa\u00fade ocupacional e caso necessite, procure ajuda. O Centro M\u00e9dico de Especialidades Oeste Sa\u00fade est\u00e1 \u00e0 sua disposi\u00e7\u00e3o para cuidar da sua sa\u00fade de forma \u00e1gil e humanizada.<\/p>\n<p style=\"text-align: justify;\">Fonte: Assessoria de Imprensa Oeste Sa\u00fade<\/p>\n","protected":false},"excerpt":{"rendered":"<p>Abril \u00e9 o m\u00eas da conscientiza\u00e7\u00e3o sobre os riscos e formas de preven\u00e7\u00e3o dos acidentes de trabalho e das doen\u00e7as ocupacionais. A campanha Abril Verde busca reduzir os acidentes e os agravos \u00e0 sa\u00fade. Reconhecendo a import\u00e2ncia deste movimento, al\u00e9m de iluminar a fachada de verde, ao longo do m\u00eas de abril a Oeste Sa\u00fade [&hellip;]<\/p>\n","protected":false},"author":1,"featured_media":62845,"comment_status":"closed","ping_status":"open","sticky":false,"template":"","format":"standard","meta":{"footnotes":""},"categories":[110,122],"tags":[],"class_list":["post-62844","post","type-post","status-publish","format-standard","has-post-thumbnail","hentry","category-noticiasdestaque","category-saudeeducacaoeconcurso"],"_links":{"self":[{"href":"https:\/\/jorgezanoni.com.br\/2019\/wp-json\/wp\/v2\/posts\/62844","targetHints":{"allow":["GET"]}}],"collection":[{"href":"https:\/\/jorgezanoni.com.br\/2019\/wp-json\/wp\/v2\/posts"}],"about":[{"href":"https:\/\/jorgezanoni.com.br\/2019\/wp-json\/wp\/v2\/types\/post"}],"author":[{"embeddable":true,"href":"https:\/\/jorgezanoni.com.br\/2019\/wp-json\/wp\/v2\/users\/1"}],"replies":[{"embeddable":true,"href":"https:\/\/jorgezanoni.com.br\/2019\/wp-json\/wp\/v2\/comments?post=62844"}],"version-history":[{"count":0,"href":"https:\/\/jorgezanoni.com.br\/2019\/wp-json\/wp\/v2\/posts\/62844\/revisions"}],"wp:featuredmedia":[{"embeddable":true,"href":"https:\/\/jorgezanoni.com.br\/2019\/wp-json\/wp\/v2\/media\/62845"}],"wp:attachment":[{"href":"https:\/\/jorgezanoni.com.br\/2019\/wp-json\/wp\/v2\/media?parent=62844"}],"wp:term":[{"taxonomy":"category","embeddable":true,"href":"https:\/\/jorgezanoni.com.br\/2019\/wp-json\/wp\/v2\/categories?post=62844"},{"taxonomy":"post_tag","embeddable":true,"href":"https:\/\/jorgezanoni.com.br\/2019\/wp-json\/wp\/v2\/tags?post=62844"}],"curies":[{"name":"wp","href":"https:\/\/api.w.org\/{rel}","templated":true}]}}