{"id":62722,"date":"2022-04-28T17:38:36","date_gmt":"2022-04-28T17:38:36","guid":{"rendered":"https:\/\/jorgezanoni.com.br\/2019\/?p=62722"},"modified":"2022-04-28T17:38:36","modified_gmt":"2022-04-28T17:38:36","slug":"policia-civil-deflagra-segunda-fase-da-operacao-contra-crimes-patrimoniais-em-dracena","status":"publish","type":"post","link":"https:\/\/jorgezanoni.com.br\/2019\/policia-civil-deflagra-segunda-fase-da-operacao-contra-crimes-patrimoniais-em-dracena\/","title":{"rendered":"Pol\u00edcia Civil deflagra segunda fase da opera\u00e7\u00e3o contra crimes patrimoniais em Dracena"},"content":{"rendered":"<p style=\"text-align: justify;\">A a\u00e7\u00e3o realizada hoje (28), prendeu tr\u00eas pessoas na cidade de Junqueir\u00f3polis. A opera\u00e7\u00e3o policial denominada \u201cSETTIMANA\u201d que teve in\u00edcio no come\u00e7o do m\u00eas de abril. Naquela oportunidade cinco pessoas foram presas acusadas de crimes de roubo, praticados nas cidades de Dracena e Panorama.<\/p>\n<p style=\"text-align: justify;\">A Pol\u00edcia Civil, por interm\u00e9dio das Unidades Especializas &#8211; DIG\/ DISE, com apoio operacional da Delegacia de Pol\u00edcia de Junqueir\u00f3polis, desencadeou nesta quinta-feira (28), a opera\u00e7\u00e3o SETTIMANA II, a a\u00e7\u00e3o compreendeu em dar cumprimento a 3 mandados de pris\u00e3o preventiva e 3 mandados de busca e apreens\u00e3o domiciliar, contra suspeitos acusados de praticar dois roubos em postos de gasolina na cidade de Dracena-SP. Os casos de roubos foram registrado no m\u00eas agosto de 2021.<\/p>\n<p style=\"text-align: justify;\">Agentes da Pol\u00edcia Civil munidos das referidas ordens judiciais expedidas pela 1\u00aa Vara Criminal da Comarca do F\u00f3rum de Dracena, realizaram dilig\u00eancias no munic\u00edpio de Junqueir\u00f3polis e prenderam tr\u00eas pessoas que no decorrer dos trabalhos investigativos realizados pelas Unidades Especializadas &#8211; DIG\/DISE, foram apontadas como suspeitos da autoria dos crimes de roubos praticados em dois postos de combust\u00edveis em Dracena. Foram presos dois homens com idades de 18 e 44 anos, e uma mulher de 23 anos, todos residentes na cidade Junqueir\u00f3polis.<\/p>\n<p style=\"text-align: justify;\">Ap\u00f3s os procedimentos de pol\u00edcia judici\u00e1ria, os presos foram encaminhados ao sistema prisional, ficando \u00e0 disposi\u00e7\u00e3o da Justi\u00e7a. Salienta-se ainda, que um autom\u00f3vel usado para a pr\u00e1tica dos delitos pelos suspeitos e flagrado por c\u00e2meras de monitoramento de seguran\u00e7a dos locais roubados, foi apreendido em data anterior, no transcorrer da investiga\u00e7\u00e3o das Unidades Especializadas.<\/p>\n<p style=\"text-align: justify;\">Na primeira fase da opera\u00e7\u00e3o, no in\u00edcio m\u00eas abril, a Pol\u00edcia Civil prendeu outras cincos pessoas que tamb\u00e9m s\u00e3o acusadas por pr\u00e1tica de crimes de roubos. Naquela ocasi\u00e3o quatro homens com idades 19, 20, 21 e 29 anos, foram presos suspeitos do assalto a uma Choperia em Panorama, j\u00e1 em Dracena um homem de 33 anos, foi preso por roubar um celular de um idoso, morador de uma ch\u00e1cara, na zona rural mun\u00edcipio.<\/p>\n<p style=\"text-align: justify;\">Nesta segunda fase a opera\u00e7\u00e3o policial contou com a participa\u00e7\u00e3o de 16 policiais civis da \u00e1rea da Delegacia Seccional de Pol\u00edcia de Dracena, e que utilizam cinco viaturas operacionais. O nome da opera\u00e7\u00e3o faz alus\u00e3o a palavra \u201csemana\u201d em italiano.<\/p>\n<p style=\"text-align: justify;\">Fonte: Com. Social Pol\u00edcia Civil<\/p>\n","protected":false},"excerpt":{"rendered":"<p>A a\u00e7\u00e3o realizada hoje (28), prendeu tr\u00eas pessoas na cidade de Junqueir\u00f3polis. A opera\u00e7\u00e3o policial denominada \u201cSETTIMANA\u201d que teve in\u00edcio no come\u00e7o do m\u00eas de abril. Naquela oportunidade cinco pessoas foram presas acusadas de crimes de roubo, praticados nas cidades de Dracena e Panorama. A Pol\u00edcia Civil, por interm\u00e9dio das Unidades Especializas &#8211; DIG\/ DISE, [&hellip;]<\/p>\n","protected":false},"author":1,"featured_media":62723,"comment_status":"closed","ping_status":"open","sticky":false,"template":"","format":"standard","meta":{"footnotes":""},"categories":[110,2],"tags":[],"class_list":["post-62722","post","type-post","status-publish","format-standard","has-post-thumbnail","hentry","category-noticiasdestaque","category-policial"],"_links":{"self":[{"href":"https:\/\/jorgezanoni.com.br\/2019\/wp-json\/wp\/v2\/posts\/62722","targetHints":{"allow":["GET"]}}],"collection":[{"href":"https:\/\/jorgezanoni.com.br\/2019\/wp-json\/wp\/v2\/posts"}],"about":[{"href":"https:\/\/jorgezanoni.com.br\/2019\/wp-json\/wp\/v2\/types\/post"}],"author":[{"embeddable":true,"href":"https:\/\/jorgezanoni.com.br\/2019\/wp-json\/wp\/v2\/users\/1"}],"replies":[{"embeddable":true,"href":"https:\/\/jorgezanoni.com.br\/2019\/wp-json\/wp\/v2\/comments?post=62722"}],"version-history":[{"count":0,"href":"https:\/\/jorgezanoni.com.br\/2019\/wp-json\/wp\/v2\/posts\/62722\/revisions"}],"wp:featuredmedia":[{"embeddable":true,"href":"https:\/\/jorgezanoni.com.br\/2019\/wp-json\/wp\/v2\/media\/62723"}],"wp:attachment":[{"href":"https:\/\/jorgezanoni.com.br\/2019\/wp-json\/wp\/v2\/media?parent=62722"}],"wp:term":[{"taxonomy":"category","embeddable":true,"href":"https:\/\/jorgezanoni.com.br\/2019\/wp-json\/wp\/v2\/categories?post=62722"},{"taxonomy":"post_tag","embeddable":true,"href":"https:\/\/jorgezanoni.com.br\/2019\/wp-json\/wp\/v2\/tags?post=62722"}],"curies":[{"name":"wp","href":"https:\/\/api.w.org\/{rel}","templated":true}]}}