{"id":62688,"date":"2022-04-28T00:11:54","date_gmt":"2022-04-28T00:11:54","guid":{"rendered":"https:\/\/jorgezanoni.com.br\/2019\/?p=62688"},"modified":"2022-04-28T01:06:39","modified_gmt":"2022-04-28T01:06:39","slug":"morador-de-dracena-e-confirmado-como-a-vitima-fatal-em-acidente-na-ms-040","status":"publish","type":"post","link":"https:\/\/jorgezanoni.com.br\/2019\/morador-de-dracena-e-confirmado-como-a-vitima-fatal-em-acidente-na-ms-040\/","title":{"rendered":"Morador de Dracena \u00e9 confirmado como a v\u00edtima fatal em acidente na MS-040"},"content":{"rendered":"<p style=\"text-align: justify;\">O dracenense conhecido como Fabricio Bill, foi cobfirmado como sendo a v\u00edtima fatal em acidente registrado no trecho entre Campo Grande a Santa Rita do Pardo na MS-040, distante 120 Km. da capital matogrossense, no in\u00edcio da manh\u00e3 desta qurta-feira (27).<\/p>\n<p style=\"text-align: justify;\">Segundo informa\u00e7\u00f5es apurados pela reportagem do Site JZ, a ocorr\u00eancia foi apresentada no DENAR (Delegacia de Narcotr\u00e1ficos) de Campo Campo.<\/p>\n<p style=\"text-align: justify;\">Um outro morador de Dracena que seguia num ve\u00edculo \u00e0 frente, conhecido como batedor, teria avisado Bill que havia uma blitz da equipe do DOF (Departamento de Opera\u00e7\u00f5es de Fronteira).<\/p>\n<p style=\"text-align: justify;\">Com o aviso\u00a0 Fabricio teria feito o retorno na pista, iniciando fuga, tomando novamente o rumo de Campo Grande, com seu ve\u00edculo Hyundai Azera, sendo que ainda n\u00e3o se sabe o motivo pelo qual teria perdido o controle de dire\u00e7\u00e3o e capotado, vindo a \u00f3bito no local.<\/p>\n<p style=\"text-align: justify;\">A PMR (Pol\u00edcia Militar Rodovi\u00e1ria) teve equipes acionadas, sendo que na regi\u00e3o n\u00e3o h\u00e1 sinal de celular, e come\u00e7aram as buscas, encontrando o ve\u00edculo j\u00e1 capotado.<\/p>\n<p style=\"text-align: justify;\">O condutor do primeiro ve\u00edculo (batedor), foi preso e est\u00e1 \u00e0 disposi\u00e7\u00e3o da Justi\u00e7a.<\/p>\n<p style=\"text-align: justify;\">O vel\u00f3rio e sepultamento acontecer\u00e1 em Campo Grande amanh\u00e3 (28).<\/p>\n<p><img loading=\"lazy\" decoding=\"async\" class=\"alignnone size-full wp-image-62689\" src=\"https:\/\/jorgezanoni.com.br\/2019\/wp-content\/uploads\/2022\/04\/Acidente1-2.jpg\" alt=\"\" width=\"757\" height=\"1018\" srcset=\"https:\/\/jorgezanoni.com.br\/2019\/wp-content\/uploads\/2022\/04\/Acidente1-2.jpg 757w, https:\/\/jorgezanoni.com.br\/2019\/wp-content\/uploads\/2022\/04\/Acidente1-2-223x300.jpg 223w, https:\/\/jorgezanoni.com.br\/2019\/wp-content\/uploads\/2022\/04\/Acidente1-2-696x936.jpg 696w, https:\/\/jorgezanoni.com.br\/2019\/wp-content\/uploads\/2022\/04\/Acidente1-2-312x420.jpg 312w\" sizes=\"auto, (max-width: 757px) 100vw, 757px\" \/><\/p>\n<p style=\"text-align: justify;\">Jorge Zanoni<\/p>\n<p style=\"text-align: justify;\">Fotos de Facebook e Internauta<\/p>\n<p>&nbsp;<\/p>\n<p>&nbsp;<\/p>\n","protected":false},"excerpt":{"rendered":"<p>O dracenense conhecido como Fabricio Bill, foi cobfirmado como sendo a v\u00edtima fatal em acidente registrado no trecho entre Campo Grande a Santa Rita do Pardo na MS-040, distante 120 Km. da capital matogrossense, no in\u00edcio da manh\u00e3 desta qurta-feira (27). Segundo informa\u00e7\u00f5es apurados pela reportagem do Site JZ, a ocorr\u00eancia foi apresentada no DENAR [&hellip;]<\/p>\n","protected":false},"author":1,"featured_media":62693,"comment_status":"closed","ping_status":"open","sticky":false,"template":"","format":"standard","meta":{"footnotes":""},"categories":[170,110],"tags":[],"class_list":["post-62688","post","type-post","status-publish","format-standard","has-post-thumbnail","hentry","category-acidentes","category-noticiasdestaque"],"_links":{"self":[{"href":"https:\/\/jorgezanoni.com.br\/2019\/wp-json\/wp\/v2\/posts\/62688","targetHints":{"allow":["GET"]}}],"collection":[{"href":"https:\/\/jorgezanoni.com.br\/2019\/wp-json\/wp\/v2\/posts"}],"about":[{"href":"https:\/\/jorgezanoni.com.br\/2019\/wp-json\/wp\/v2\/types\/post"}],"author":[{"embeddable":true,"href":"https:\/\/jorgezanoni.com.br\/2019\/wp-json\/wp\/v2\/users\/1"}],"replies":[{"embeddable":true,"href":"https:\/\/jorgezanoni.com.br\/2019\/wp-json\/wp\/v2\/comments?post=62688"}],"version-history":[{"count":0,"href":"https:\/\/jorgezanoni.com.br\/2019\/wp-json\/wp\/v2\/posts\/62688\/revisions"}],"wp:featuredmedia":[{"embeddable":true,"href":"https:\/\/jorgezanoni.com.br\/2019\/wp-json\/wp\/v2\/media\/62693"}],"wp:attachment":[{"href":"https:\/\/jorgezanoni.com.br\/2019\/wp-json\/wp\/v2\/media?parent=62688"}],"wp:term":[{"taxonomy":"category","embeddable":true,"href":"https:\/\/jorgezanoni.com.br\/2019\/wp-json\/wp\/v2\/categories?post=62688"},{"taxonomy":"post_tag","embeddable":true,"href":"https:\/\/jorgezanoni.com.br\/2019\/wp-json\/wp\/v2\/tags?post=62688"}],"curies":[{"name":"wp","href":"https:\/\/api.w.org\/{rel}","templated":true}]}}