{"id":62673,"date":"2022-04-27T16:51:57","date_gmt":"2022-04-27T16:51:57","guid":{"rendered":"https:\/\/jorgezanoni.com.br\/2019\/?p=62673"},"modified":"2022-04-27T16:51:57","modified_gmt":"2022-04-27T16:51:57","slug":"alunos-de-enfermagem-realizam-palestra-na-escola-alfredo-machado","status":"publish","type":"post","link":"https:\/\/jorgezanoni.com.br\/2019\/alunos-de-enfermagem-realizam-palestra-na-escola-alfredo-machado\/","title":{"rendered":"Alunos de Enfermagem realizam palestra na Escola Alfredo Machado"},"content":{"rendered":"<p style=\"text-align: justify;\"><span style=\"font-size: large;\">Os alunos do 7\u00ba termo do curso de Enfermagem da Unifadra Dracena, que est\u00e3o realizando o internato em Sa\u00fade Coletiva, participaram do Dia da Sa\u00fade na Escola Alfredo Machado em Dracena.<\/span><\/p>\n<p><span style=\"font-size: large;\">Sob supervis\u00e3o da Profa. Esp. Regiane Palomo Moraes, os acad\u00eamicos realizaram uma palestra, no dia 7 de abril, para os alunos dos 6\u00ba, 7\u00ba, 8\u00ba e 9\u00ba anos do Ensino Fundamental e dos 1\u00ba, 2\u00ba e 3\u00ba anos do Ensino M\u00e9dio, abordando o tema Sa\u00fade do Adolescente. Na ocasi\u00e3o, explicaram assuntos como: higiene corporal, infec\u00e7\u00f5es sexualmente transmiss\u00edveis e preven\u00e7\u00e3o de gravidez na adolesc\u00eancia.<\/span><\/p>\n<p><span style=\"font-size: large;\">Segundo a professora Regiane, &#8220;este foi um momento \u00fanico de intera\u00e7\u00e3o com um p\u00fablico jovem e participativo, uma oportunidade ideal de nossos acad\u00eamicos de Enfermagem participarem de a\u00e7\u00f5es educativas com a comunidade (escola). Atividades como esta s\u00e3o muito importantes porque, al\u00e9m do preparo te\u00f3rico-cient\u00edfico com materiais ilustrativos, nossos alunos podem desenvolver a lideran\u00e7a e a comunica\u00e7\u00e3o coletiva, muito necess\u00e1rias para o exerc\u00edcio da profiss\u00e3o de Enfermagem&#8221;.<\/span><\/p>\n<p><span style=\"font-size: large;\">A coordenadora do curso de\u00a0<\/span>Enfermagem Profa. Dra.<span style=\"font-size: large;\">\u00a0Lilian Carla Ferrari Sossai Panicio ressalta que &#8220;as a\u00e7\u00f5es educativas desenvolvidas pelo Enfermeiro s\u00e3o fundamentais para a preven\u00e7\u00e3o de agravos e para a promo\u00e7\u00e3o da sa\u00fade, al\u00e9m de colaborarem com a melhoria da qualidade de vida das pessoas. Poder falar com os adolescentes \u00e9 uma forma de tamb\u00e9m impactar positivamente a fam\u00edlia e a comunidade. O curso de Enfermagem da Unifadra estimula a realiza\u00e7\u00e3o de atividades dessa natureza, e envolve os alunos em rotinas que desenvolvam neles o senso de responsabilidade social, al\u00e9m de contribuir de forma direta com a promo\u00e7\u00e3o da sa\u00fade e a preven\u00e7\u00e3o de doen\u00e7as&#8221;.<\/span><\/p>\n<p><img loading=\"lazy\" decoding=\"async\" class=\"alignnone size-full wp-image-62674\" src=\"https:\/\/jorgezanoni.com.br\/2019\/wp-content\/uploads\/2022\/04\/Alfredo-1.jpeg\" alt=\"\" width=\"1024\" height=\"766\" srcset=\"https:\/\/jorgezanoni.com.br\/2019\/wp-content\/uploads\/2022\/04\/Alfredo-1.jpeg 1024w, https:\/\/jorgezanoni.com.br\/2019\/wp-content\/uploads\/2022\/04\/Alfredo-1-300x224.jpeg 300w, https:\/\/jorgezanoni.com.br\/2019\/wp-content\/uploads\/2022\/04\/Alfredo-1-768x575.jpeg 768w, https:\/\/jorgezanoni.com.br\/2019\/wp-content\/uploads\/2022\/04\/Alfredo-1-80x60.jpeg 80w, https:\/\/jorgezanoni.com.br\/2019\/wp-content\/uploads\/2022\/04\/Alfredo-1-265x198.jpeg 265w, https:\/\/jorgezanoni.com.br\/2019\/wp-content\/uploads\/2022\/04\/Alfredo-1-696x521.jpeg 696w, https:\/\/jorgezanoni.com.br\/2019\/wp-content\/uploads\/2022\/04\/Alfredo-1-561x420.jpeg 561w\" sizes=\"auto, (max-width: 1024px) 100vw, 1024px\" \/><\/p>\n<p>Fonte: Depto. Comunica\u00e7\u00e3o da Fundec<\/p>\n","protected":false},"excerpt":{"rendered":"<p>Os alunos do 7\u00ba termo do curso de Enfermagem da Unifadra Dracena, que est\u00e3o realizando o internato em Sa\u00fade Coletiva, participaram do Dia da Sa\u00fade na Escola Alfredo Machado em Dracena. Sob supervis\u00e3o da Profa. Esp. Regiane Palomo Moraes, os acad\u00eamicos realizaram uma palestra, no dia 7 de abril, para os alunos dos 6\u00ba, 7\u00ba, [&hellip;]<\/p>\n","protected":false},"author":1,"featured_media":62675,"comment_status":"closed","ping_status":"open","sticky":false,"template":"","format":"standard","meta":{"footnotes":""},"categories":[110,122],"tags":[],"class_list":["post-62673","post","type-post","status-publish","format-standard","has-post-thumbnail","hentry","category-noticiasdestaque","category-saudeeducacaoeconcurso"],"_links":{"self":[{"href":"https:\/\/jorgezanoni.com.br\/2019\/wp-json\/wp\/v2\/posts\/62673","targetHints":{"allow":["GET"]}}],"collection":[{"href":"https:\/\/jorgezanoni.com.br\/2019\/wp-json\/wp\/v2\/posts"}],"about":[{"href":"https:\/\/jorgezanoni.com.br\/2019\/wp-json\/wp\/v2\/types\/post"}],"author":[{"embeddable":true,"href":"https:\/\/jorgezanoni.com.br\/2019\/wp-json\/wp\/v2\/users\/1"}],"replies":[{"embeddable":true,"href":"https:\/\/jorgezanoni.com.br\/2019\/wp-json\/wp\/v2\/comments?post=62673"}],"version-history":[{"count":0,"href":"https:\/\/jorgezanoni.com.br\/2019\/wp-json\/wp\/v2\/posts\/62673\/revisions"}],"wp:featuredmedia":[{"embeddable":true,"href":"https:\/\/jorgezanoni.com.br\/2019\/wp-json\/wp\/v2\/media\/62675"}],"wp:attachment":[{"href":"https:\/\/jorgezanoni.com.br\/2019\/wp-json\/wp\/v2\/media?parent=62673"}],"wp:term":[{"taxonomy":"category","embeddable":true,"href":"https:\/\/jorgezanoni.com.br\/2019\/wp-json\/wp\/v2\/categories?post=62673"},{"taxonomy":"post_tag","embeddable":true,"href":"https:\/\/jorgezanoni.com.br\/2019\/wp-json\/wp\/v2\/tags?post=62673"}],"curies":[{"name":"wp","href":"https:\/\/api.w.org\/{rel}","templated":true}]}}