{"id":62670,"date":"2022-04-27T03:44:06","date_gmt":"2022-04-27T03:44:06","guid":{"rendered":"https:\/\/jorgezanoni.com.br\/2019\/?p=62670"},"modified":"2022-04-27T03:44:06","modified_gmt":"2022-04-27T03:44:06","slug":"exclusao-mundial-e-pos-globalizacao-neste-tempo-novo-tempo-por-sergio-barbosa","status":"publish","type":"post","link":"https:\/\/jorgezanoni.com.br\/2019\/exclusao-mundial-e-pos-globalizacao-neste-tempo-novo-tempo-por-sergio-barbosa\/","title":{"rendered":"Exclus\u00e3o Mundial e p\u00f3s-globaliza\u00e7\u00e3o neste tempo novo tempo (por S\u00e9rgio Barbosa)"},"content":{"rendered":"<p style=\"text-align: justify;\"><strong>EXCLUS\u00c3O MUNDIAL E P\u00d3S-GLOBALIZA\u00c7\u00c3O NESTE TEMPO NOVO TEMPO!<\/strong><\/p>\n<p style=\"text-align: justify;\"><em>\u201cA juventude \u00e9 o tempo de alcan\u00e7ar a sabedoria, assim como a velhice \u00e9 o tempo de pratic\u00e1-la\u201d (Rousseau)<\/em><\/p>\n<p style=\"text-align: justify;\"><strong><em>S\u00e9rgio Barbosa (*)<\/em><\/strong><\/p>\n<p style=\"text-align: justify;\">As not\u00edcias chegam por meio dos mais diversos ve\u00edculos de comunica\u00e7\u00e3o, assim, cada vez mais, somos projetados sob o foco da m\u00eddia global&#8230;<\/p>\n<p style=\"text-align: justify;\">A p\u00f3s-globaliza\u00e7\u00e3o cultural em n\u00edvel mundial est\u00e1 criando novos modelos de comportamento, ao mesmo tempo, traduz uma nova forma de pensar que chega pela rede mundial de computadores-a internet&#8230;<\/p>\n<p style=\"text-align: justify;\">Estar em dia com a informa\u00e7\u00e3o \u00e9 possuir tecnologia de ponta, neste caso em pauta, \u00a0mais do que nunca, \u00e9 preciso estar em conex\u00e3o com o mundo, relembrando neste contexto,\u00a0 o \u00a0te\u00f3rico dos anos 60, McLuhan que afirmou naqueles anos turbulentos que <em>\u201co mundo \u00e9 uma aldeia global\u201d<\/em>&#8230;<\/p>\n<p style=\"text-align: justify;\">O final dos anos 90 trouxe um painel inacabado para o pr\u00f3ximo s\u00e9culo, assim, \u00e9 necess\u00e1rio estar em sintonia com o novo s\u00e9culo novo para contextualizar o novo mil\u00eanio al\u00e9m da \u201cera de aquarius\u201d por meio das novas descobertas tecnol\u00f3gicas patrocinadas pelo denominado \u201cprimeiro mundo\u201d&#8230;<\/p>\n<p style=\"text-align: justify;\">Tamb\u00e9m, com garantia \u201ca perder de vista\u201d pelos pa\u00edses emergentes em meio a \u201copress\u00e3o econ\u00f4mica\u201d para cima dos que perderam ou est\u00e3o perdendo a corrida por um lugar no mercado consumidor mundial&#8230;<\/p>\n<p style=\"text-align: justify;\">Neste cen\u00e1rio mais do que apocal\u00edptico para o denominado \u201cterceiro mundo\u201d, deve-se prever a transi\u00e7\u00e3o mediada pela p\u00f3s-globaliza\u00e7\u00e3o que prop\u00f5e a l\u00f3gica m\u00e1xima do capital em crise financeira e econ\u00f4mica, por\u00e9m, a gera\u00e7\u00e3o de lucro determina quem comanda a economia do \u201ccaos\u201d internacional&#8230;<\/p>\n<p style=\"text-align: justify;\">A p\u00f3s-globaliza\u00e7\u00e3o determina a exclus\u00e3o social, tamb\u00e9m, econ\u00f4mica pela expans\u00e3o em blocos hegem\u00f4nicos capitaneados pelas novas for\u00e7as que apareceram com o desmanche das na\u00e7\u00f5es no contexto de uma Nova Ordem Mundial, tais como: CE- Comunidade Europeia e outros desencontros deste e do outro lado&#8230;<\/p>\n<p style=\"text-align: justify;\"><strong>Mundializa\u00e7\u00e3o da Cultura<\/strong><\/p>\n<p style=\"text-align: justify;\">Cada vez mais, temos que buscar novas alternativas para um presente cada vez mais futuro em nossa frente \u00e9 necess\u00e1rio estar em contato com o resto do mundo, n\u00e3o existe mais tempo dispon\u00edvel para d\u00favidas ou desencontros&#8230;<\/p>\n<p style=\"text-align: justify;\">A denominada mundializa\u00e7\u00e3o da cultura neste novo tempo, trazem mudan\u00e7as contradit\u00f3rias para as pessoas, tumultuando o contexto na qual est\u00e3o inseridas como ser social, ao mesmo tempo, os resultados \u00e9 os mais inesperados poss\u00edveis nesta \u00e1rea em especial&#8230;<\/p>\n<p style=\"text-align: justify;\">A m\u00eddia internacional se faz presente por meio das muitas atividades afins no mundo virtual, efeito e causa s\u00e3o procedimentos do momento, ainda mais, quando temos contatos ilimitados pela rede mundial de computadores (internet) em tempo de \u201cfake News\u201d para manter a \u201cdesordem nas redes sociais\u201d&#8230;<\/p>\n<p style=\"text-align: justify;\">A proposta \u00e9 diversificar o m\u00e1ximo poss\u00edvel em n\u00edveis adversos, somar para estar presente do outro lado, qualifica\u00e7\u00e3o acad\u00eamica e qualifica\u00e7\u00e3o profissional \u00e9 os requisitos necess\u00e1rios para estar compat\u00edvel com as novas exig\u00eancias do mercado global&#8230;<\/p>\n<p style=\"text-align: justify;\">Assim, antes do ataque ao mercado sem mais ou menos, \u00e9 preciso utilizar a reflex\u00e3o individual, tendo em vista, o estabelecimento das novas diretrizes frente ao mercado em muta\u00e7\u00e3o constante&#8230;<\/p>\n<p style=\"text-align: justify;\">O tempo continua sendo o in\u00edcio, meio e fim de tudo, isso \u00e9, para muitos que continuam na mesmice de sempre, n\u00e3o querem mudar com os novos ventos que chegam por meio da p\u00f3s-globaliza\u00e7\u00e3o para uma conex\u00e3o com a meta-globaliza\u00e7\u00e3o&#8230;<\/p>\n<p style=\"text-align: justify;\"><em>Cada um sabe o que faz<\/em>, diz um dito popular, assim, cada vez mais, \u00e9 preciso ser e n\u00e3o apenas estar neste mercado competitivo e seletivo, \u00e9 necess\u00e1rio somar e n\u00e3o dividir neste novo tempo novo em busca de um tempo novo tempo que se chama hoje&#8230;<\/p>\n<p style=\"text-align: justify;\">QUEM SOBREVIVER VAI SABER&#8230;<\/p>\n<p style=\"text-align: justify;\"><strong><em>_________________________<\/em><\/strong><\/p>\n<p style=\"text-align: justify;\"><strong><em>(*) Jornalista diplomado, professor universit\u00e1rio e consultor na \u00e1rea de m\u00eddia organizacional.<\/em><\/strong><\/p>\n<p style=\"text-align: justify;\"><strong><em>E-mail: barbosa.sebar@gmail.com<\/em><\/strong><\/p>\n","protected":false},"excerpt":{"rendered":"<p>EXCLUS\u00c3O MUNDIAL E P\u00d3S-GLOBALIZA\u00c7\u00c3O NESTE TEMPO NOVO TEMPO! \u201cA juventude \u00e9 o tempo de alcan\u00e7ar a sabedoria, assim como a velhice \u00e9 o tempo de pratic\u00e1-la\u201d (Rousseau) S\u00e9rgio Barbosa (*) As not\u00edcias chegam por meio dos mais diversos ve\u00edculos de comunica\u00e7\u00e3o, assim, cada vez mais, somos projetados sob o foco da m\u00eddia global&#8230; A p\u00f3s-globaliza\u00e7\u00e3o [&hellip;]<\/p>\n","protected":false},"author":1,"featured_media":62671,"comment_status":"closed","ping_status":"open","sticky":false,"template":"","format":"standard","meta":{"footnotes":""},"categories":[175],"tags":[],"class_list":["post-62670","post","type-post","status-publish","format-standard","has-post-thumbnail","hentry","category-artigos"],"_links":{"self":[{"href":"https:\/\/jorgezanoni.com.br\/2019\/wp-json\/wp\/v2\/posts\/62670","targetHints":{"allow":["GET"]}}],"collection":[{"href":"https:\/\/jorgezanoni.com.br\/2019\/wp-json\/wp\/v2\/posts"}],"about":[{"href":"https:\/\/jorgezanoni.com.br\/2019\/wp-json\/wp\/v2\/types\/post"}],"author":[{"embeddable":true,"href":"https:\/\/jorgezanoni.com.br\/2019\/wp-json\/wp\/v2\/users\/1"}],"replies":[{"embeddable":true,"href":"https:\/\/jorgezanoni.com.br\/2019\/wp-json\/wp\/v2\/comments?post=62670"}],"version-history":[{"count":0,"href":"https:\/\/jorgezanoni.com.br\/2019\/wp-json\/wp\/v2\/posts\/62670\/revisions"}],"wp:featuredmedia":[{"embeddable":true,"href":"https:\/\/jorgezanoni.com.br\/2019\/wp-json\/wp\/v2\/media\/62671"}],"wp:attachment":[{"href":"https:\/\/jorgezanoni.com.br\/2019\/wp-json\/wp\/v2\/media?parent=62670"}],"wp:term":[{"taxonomy":"category","embeddable":true,"href":"https:\/\/jorgezanoni.com.br\/2019\/wp-json\/wp\/v2\/categories?post=62670"},{"taxonomy":"post_tag","embeddable":true,"href":"https:\/\/jorgezanoni.com.br\/2019\/wp-json\/wp\/v2\/tags?post=62670"}],"curies":[{"name":"wp","href":"https:\/\/api.w.org\/{rel}","templated":true}]}}