{"id":62645,"date":"2022-04-27T01:28:29","date_gmt":"2022-04-27T01:28:29","guid":{"rendered":"https:\/\/jorgezanoni.com.br\/2019\/?p=62645"},"modified":"2022-04-27T01:29:04","modified_gmt":"2022-04-27T01:29:04","slug":"guilherme-dallorto-pre-candidato-a-deputado-federal-visita-dracena","status":"publish","type":"post","link":"https:\/\/jorgezanoni.com.br\/2019\/guilherme-dallorto-pre-candidato-a-deputado-federal-visita-dracena\/","title":{"rendered":"Guilherme Dall\u2019Orto pr\u00e9 candidato a Deputado Federal, visita Dracena"},"content":{"rendered":"<p style=\"text-align: justify;\"><strong>No \u00faltimo domingo (24) o pr\u00e9 candidato a Deputado Federal (Podemos), Guilherme Dall\u2019Orto, esteve em visita a Dracena, sendo recebido pelo diretor do Site JZ, Jorge Zanoni. Na oportunidade, amigos de Ouro Verde e Tupi Paulista tamb\u00e9m prestigiaram o encontro.<\/strong><\/p>\n<p style=\"text-align: justify;\"><strong>Fam\u00edlia Campo Dall\u2019Orto \u2013 fundadora de Nova Veneza, com ra\u00edzes e neg\u00f3cios na Nova Alta Paulista desde 1.930.<\/strong><\/p>\n<p style=\"text-align: justify;\">Imigrantes italianos, os Campo Dall\u2019Orto se instalaram na regi\u00e3o do ent\u00e3o distrito de Rebou\u00e7as (na \u00e9poca, pertencente ao munic\u00edpio de Campinas) no in\u00edcio do s\u00e9culo XX.\u00a0Dedicavam-se ao uso da terra, com o plantio de caf\u00e9 e a cria\u00e7\u00e3o de gado.<\/p>\n<p style=\"text-align: justify;\">Tiveram contribui\u00e7\u00e3o decisiva para o desenvolvimento do Distrito de Nova Veneza. Constru\u00edram a primeira escola, contrataram os primeiros professores e abriram os primeiros com\u00e9rcios do que viria a ser um bairro e, depois, um distrito da j\u00e1 emancipada Sumar\u00e9.<\/p>\n<p style=\"text-align: justify;\">Desenvolveram, ainda, loteamento com pre\u00e7o baixo e condi\u00e7\u00f5es facilitadas de pagamento. Um incentivo para que mais pessoas morassem no local. Com a T\u00eaxtil Santa C\u00e2ndida, ingressaram na ind\u00fastria.<\/p>\n<p style=\"text-align: justify;\">Guilherme Dall\u2019Orto (Breve hist\u00f3rico)<br \/>\nNascido em 2 de outubro de 1977,. Filho de dois servidores p\u00fablicos. O m\u00e9dico ginecologista H\u00e9cules Leite do Amaral J\u00fanior, conhecido popularmente como \u201cNenez\u00e3o\u201d (in memorian), e a funcion\u00e1ria da rede municipal de ensino Regina Helena Campo Dall Orto do Amaral, a \u201cDona Regina\u201d.<\/p>\n<p style=\"text-align: justify;\">Criado na regi\u00e3o de Nova Veneza, distrito fundado por sua fam\u00edlia. Formou-se em Direito pela PUC-Campinas em 2002, mesmo ano em que foi aprovado no exame da OAB. Estudava para um concurso da Pol\u00edcia Federal quando a morte do seu pai, em 2006, o fez assumir os neg\u00f3cios da fam\u00edlia.<\/p>\n<p style=\"text-align: justify;\">Se instalaram na regi\u00e3o da Nova Alta Paulista em 1930 com a pecu\u00e1ria de corte e leite. Atualmente, \u00e9 empres\u00e1rio do setor agropecu\u00e1rio na regi\u00e3o da Nova Alta Paulista em Paulic\u00e9ia\/SP.<\/p>\n<p style=\"text-align: justify;\">Em 2016, fundou o Instituto M\u00e3o de Irm\u00e3o, uma organiza\u00e7\u00e3o n\u00e3o-governamental que oferece, com baixo custo, atividades culturais, esportivas e de qualifica\u00e7\u00e3o profissional para a comunidade de Sumar\u00e9.<\/p>\n<p style=\"text-align: justify;\">Engajado nas causas sociais, participou de protestos contra a corrup\u00e7\u00e3o e em defesa da causa animal. Sua atua\u00e7\u00e3o fez com que recebesse o convite para participar de forma ativa da vida pol\u00edtica de Sumar\u00e9. Em 2020, disputou a elei\u00e7\u00e3o para o cargo de prefeito, tendo recebido 14,6 mil votos.<\/p>\n<p><img loading=\"lazy\" decoding=\"async\" class=\"alignnone size-full wp-image-62647\" src=\"https:\/\/jorgezanoni.com.br\/2019\/wp-content\/uploads\/2022\/04\/IMG_5746-2.jpg\" alt=\"\" width=\"700\" height=\"431\" srcset=\"https:\/\/jorgezanoni.com.br\/2019\/wp-content\/uploads\/2022\/04\/IMG_5746-2.jpg 700w, https:\/\/jorgezanoni.com.br\/2019\/wp-content\/uploads\/2022\/04\/IMG_5746-2-300x185.jpg 300w, https:\/\/jorgezanoni.com.br\/2019\/wp-content\/uploads\/2022\/04\/IMG_5746-2-356x220.jpg 356w, https:\/\/jorgezanoni.com.br\/2019\/wp-content\/uploads\/2022\/04\/IMG_5746-2-696x429.jpg 696w, https:\/\/jorgezanoni.com.br\/2019\/wp-content\/uploads\/2022\/04\/IMG_5746-2-682x420.jpg 682w\" sizes=\"auto, (max-width: 700px) 100vw, 700px\" \/>Fonte: Assessoria de Imprensa<\/p>\n<p>&nbsp;<\/p>\n","protected":false},"excerpt":{"rendered":"<p>No \u00faltimo domingo (24) o pr\u00e9 candidato a Deputado Federal (Podemos), Guilherme Dall\u2019Orto, esteve em visita a Dracena, sendo recebido pelo diretor do Site JZ, Jorge Zanoni. Na oportunidade, amigos de Ouro Verde e Tupi Paulista tamb\u00e9m prestigiaram o encontro. Fam\u00edlia Campo Dall\u2019Orto \u2013 fundadora de Nova Veneza, com ra\u00edzes e neg\u00f3cios na Nova Alta [&hellip;]<\/p>\n","protected":false},"author":1,"featured_media":62646,"comment_status":"closed","ping_status":"open","sticky":false,"template":"","format":"standard","meta":{"footnotes":""},"categories":[110,116],"tags":[],"class_list":["post-62645","post","type-post","status-publish","format-standard","has-post-thumbnail","hentry","category-noticiasdestaque","category-politicaeeconomia"],"_links":{"self":[{"href":"https:\/\/jorgezanoni.com.br\/2019\/wp-json\/wp\/v2\/posts\/62645","targetHints":{"allow":["GET"]}}],"collection":[{"href":"https:\/\/jorgezanoni.com.br\/2019\/wp-json\/wp\/v2\/posts"}],"about":[{"href":"https:\/\/jorgezanoni.com.br\/2019\/wp-json\/wp\/v2\/types\/post"}],"author":[{"embeddable":true,"href":"https:\/\/jorgezanoni.com.br\/2019\/wp-json\/wp\/v2\/users\/1"}],"replies":[{"embeddable":true,"href":"https:\/\/jorgezanoni.com.br\/2019\/wp-json\/wp\/v2\/comments?post=62645"}],"version-history":[{"count":0,"href":"https:\/\/jorgezanoni.com.br\/2019\/wp-json\/wp\/v2\/posts\/62645\/revisions"}],"wp:featuredmedia":[{"embeddable":true,"href":"https:\/\/jorgezanoni.com.br\/2019\/wp-json\/wp\/v2\/media\/62646"}],"wp:attachment":[{"href":"https:\/\/jorgezanoni.com.br\/2019\/wp-json\/wp\/v2\/media?parent=62645"}],"wp:term":[{"taxonomy":"category","embeddable":true,"href":"https:\/\/jorgezanoni.com.br\/2019\/wp-json\/wp\/v2\/categories?post=62645"},{"taxonomy":"post_tag","embeddable":true,"href":"https:\/\/jorgezanoni.com.br\/2019\/wp-json\/wp\/v2\/tags?post=62645"}],"curies":[{"name":"wp","href":"https:\/\/api.w.org\/{rel}","templated":true}]}}