{"id":62623,"date":"2022-04-26T16:05:28","date_gmt":"2022-04-26T16:05:28","guid":{"rendered":"https:\/\/jorgezanoni.com.br\/2019\/?p=62623"},"modified":"2022-04-26T16:06:47","modified_gmt":"2022-04-26T16:06:47","slug":"morre-a-senhora-emilia-cavallo-da-tradicional-familia-panificadora-delicia","status":"publish","type":"post","link":"https:\/\/jorgezanoni.com.br\/2019\/morre-a-senhora-emilia-cavallo-da-tradicional-familia-panificadora-delicia\/","title":{"rendered":"Morre a senhora Em\u00edlia Cavallo da tradicional fam\u00edlia Panificadora Del\u00edcia"},"content":{"rendered":"<div dir=\"auto\" style=\"text-align: justify;\">Comunicamos com pesar o falecimento da senhora Em\u00edlia Cavallo.<\/div>\n<div dir=\"auto\" style=\"text-align: justify;\"><\/div>\n<div dir=\"auto\" style=\"text-align: justify;\">Era v\u00eduva do sr. Vit\u00f3rio Cavallo. Deixa filhos, noras, netos, bisnetos, demais familiares e amigos.<\/div>\n<div dir=\"auto\" style=\"text-align: justify;\"><\/div>\n<div dir=\"auto\" style=\"text-align: justify;\">O Vel\u00f3rio acontece no Memorial Vida Prev e o Sepultamento ser\u00e1 hoje (26) \u00e0s 16:30 Horas no Cemit\u00e9rio Municipal de Dracena;<\/div>\n<div dir=\"auto\" style=\"text-align: justify;\"><\/div>\n<div dir=\"auto\" style=\"text-align: justify;\">O Site JZ se solidariza com a fam\u00edlia e amigos neste dif\u00edcil momento.<\/div>\n<div dir=\"auto\" style=\"text-align: justify;\"><\/div>\n<div dir=\"auto\" style=\"text-align: justify;\">Jorge Zanoni<\/div>\n","protected":false},"excerpt":{"rendered":"<p>Comunicamos com pesar o falecimento da senhora Em\u00edlia Cavallo. Era v\u00eduva do sr. Vit\u00f3rio Cavallo. Deixa filhos, noras, netos, bisnetos, demais familiares e amigos. O Vel\u00f3rio acontece no Memorial Vida Prev e o Sepultamento ser\u00e1 hoje (26) \u00e0s 16:30 Horas no Cemit\u00e9rio Municipal de Dracena; O Site JZ se solidariza com a fam\u00edlia e amigos [&hellip;]<\/p>\n","protected":false},"author":1,"featured_media":62624,"comment_status":"closed","ping_status":"open","sticky":false,"template":"","format":"standard","meta":{"footnotes":""},"categories":[178,110],"tags":[],"class_list":["post-62623","post","type-post","status-publish","format-standard","has-post-thumbnail","hentry","category-notadefalecimento","category-noticiasdestaque"],"_links":{"self":[{"href":"https:\/\/jorgezanoni.com.br\/2019\/wp-json\/wp\/v2\/posts\/62623","targetHints":{"allow":["GET"]}}],"collection":[{"href":"https:\/\/jorgezanoni.com.br\/2019\/wp-json\/wp\/v2\/posts"}],"about":[{"href":"https:\/\/jorgezanoni.com.br\/2019\/wp-json\/wp\/v2\/types\/post"}],"author":[{"embeddable":true,"href":"https:\/\/jorgezanoni.com.br\/2019\/wp-json\/wp\/v2\/users\/1"}],"replies":[{"embeddable":true,"href":"https:\/\/jorgezanoni.com.br\/2019\/wp-json\/wp\/v2\/comments?post=62623"}],"version-history":[{"count":0,"href":"https:\/\/jorgezanoni.com.br\/2019\/wp-json\/wp\/v2\/posts\/62623\/revisions"}],"wp:featuredmedia":[{"embeddable":true,"href":"https:\/\/jorgezanoni.com.br\/2019\/wp-json\/wp\/v2\/media\/62624"}],"wp:attachment":[{"href":"https:\/\/jorgezanoni.com.br\/2019\/wp-json\/wp\/v2\/media?parent=62623"}],"wp:term":[{"taxonomy":"category","embeddable":true,"href":"https:\/\/jorgezanoni.com.br\/2019\/wp-json\/wp\/v2\/categories?post=62623"},{"taxonomy":"post_tag","embeddable":true,"href":"https:\/\/jorgezanoni.com.br\/2019\/wp-json\/wp\/v2\/tags?post=62623"}],"curies":[{"name":"wp","href":"https:\/\/api.w.org\/{rel}","templated":true}]}}